{"id":10119,"date":"2019-06-10T19:35:09","date_gmt":"2019-06-10T22:35:09","guid":{"rendered":"https:\/\/www.masfm.com\/emisora\/?p=10119"},"modified":"2019-06-14T14:40:04","modified_gmt":"2019-06-14T17:40:04","slug":"madonna-estrena-video","status":"publish","type":"post","link":"https:\/\/masfm.com\/emisora\/madonna-estrena-video\/","title":{"rendered":"Madonna estrena video."},"content":{"rendered":"<p>Madonna lanz\u00f3 &#8220;Dark Ballet&#8221;, la quinta y \u00faltima canci\u00f3n que se presentar\u00e1 antes de su esperado nuevo \u00e1lbum de estudio, Madame X, que debutar\u00e1 a nivel mundial el pr\u00f3ximo viernes.<\/p>\n<p>La canci\u00f3n innovadora fue producida por Mirwais Ahmadzai, mientras que el video musical que la acompa\u00f1a fue dirigido por Emmanuel Adjei y las estrellas Mykki Blanco.<\/p>\n<p>&#8220;Dark Ballet&#8221; se inspir\u00f3 en la historia de Juana de Arco. &#8220;Ella luch\u00f3 contra los ingleses y gan\u00f3, aunque los franceses no estaban contentos&#8221;, dice Madonna. &#8220;A\u00fan as\u00ed la juzgaron. Dijeron que era un hombre, dijeron que era lesbiana, dijeron que era una bruja y, al final la quemaron en la hoguera y ella no le tem\u00eda nada. Admiro eso&#8221;.<\/p>\n<p>El poderoso y conmovedor video, est\u00e1 protagonizado por el innovador pionero del hip-hop queer, Mykki Blanco como Juana de Arco, y cuenta la historia del tipo de baile que todos estamos bailando en el mundo en este momento, este ballet oscuro.<\/p>\n<p><img loading=\"lazy\" decoding=\"async\" class=\"alignnone size-full wp-image-2980\" src=\"https:\/\/www.masfm.com\/emisora\/wp-content\/uploads\/2017\/08\/noticias-madonna.jpg\" alt=\"\" width=\"690\" height=\"330\" title=\"\" srcset=\"https:\/\/masfm.com\/emisora\/wp-content\/uploads\/2017\/08\/noticias-madonna.jpg 690w, https:\/\/masfm.com\/emisora\/wp-content\/uploads\/2017\/08\/noticias-madonna-345x165.jpg 345w, https:\/\/masfm.com\/emisora\/wp-content\/uploads\/2017\/08\/noticias-madonna-600x287.jpg 600w, https:\/\/masfm.com\/emisora\/wp-content\/uploads\/2017\/08\/noticias-madonna-560x268.jpg 560w\" sizes=\"auto, (max-width: 690px) 100vw, 690px\" \/><\/p>\n<p>&nbsp;<\/p>\n","protected":false},"excerpt":{"rendered":"<p>Madonna lanz\u00f3 &#8220;Dark Ballet&#8221;, la quinta y \u00faltima canci\u00f3n que se presentar\u00e1 antes de su esperado nuevo \u00e1lbum de estudio, Madame X, que debutar\u00e1 a nivel mundial el pr\u00f3ximo viernes. La canci\u00f3n innovadora fue producida por Mirwais Ahmadzai, mientras que el video musical que la acompa\u00f1a fue dirigido por Emmanuel Adjei y las estrellas Mykki&hellip;<\/p>\n","protected":false},"author":4,"featured_media":3237,"comment_status":"closed","ping_status":"open","sticky":false,"template":"","format":"video","meta":{"footnotes":""},"categories":[2],"tags":[48,47,46,13,14,23],"class_list":["post-10119","post","type-post","status-publish","format-video","has-post-thumbnail","hentry","category-noticias","tag-esporaca","tag-laradioqueseve","tag-masfm959","tag-musica","tag-noticias","tag-video","post_format-post-format-video"],"amp_enabled":true,"_links":{"self":[{"href":"https:\/\/masfm.com\/emisora\/wp-json\/wp\/v2\/posts\/10119","targetHints":{"allow":["GET"]}}],"collection":[{"href":"https:\/\/masfm.com\/emisora\/wp-json\/wp\/v2\/posts"}],"about":[{"href":"https:\/\/masfm.com\/emisora\/wp-json\/wp\/v2\/types\/post"}],"author":[{"embeddable":true,"href":"https:\/\/masfm.com\/emisora\/wp-json\/wp\/v2\/users\/4"}],"replies":[{"embeddable":true,"href":"https:\/\/masfm.com\/emisora\/wp-json\/wp\/v2\/comments?post=10119"}],"version-history":[{"count":0,"href":"https:\/\/masfm.com\/emisora\/wp-json\/wp\/v2\/posts\/10119\/revisions"}],"wp:featuredmedia":[{"embeddable":true,"href":"https:\/\/masfm.com\/emisora\/wp-json\/wp\/v2\/media\/3237"}],"wp:attachment":[{"href":"https:\/\/masfm.com\/emisora\/wp-json\/wp\/v2\/media?parent=10119"}],"wp:term":[{"taxonomy":"category","embeddable":true,"href":"https:\/\/masfm.com\/emisora\/wp-json\/wp\/v2\/categories?post=10119"},{"taxonomy":"post_tag","embeddable":true,"href":"https:\/\/masfm.com\/emisora\/wp-json\/wp\/v2\/tags?post=10119"}],"curies":[{"name":"wp","href":"https:\/\/api.w.org\/{rel}","templated":true}]}}