{"id":10123,"date":"2019-06-11T19:58:06","date_gmt":"2019-06-11T22:58:06","guid":{"rendered":"https:\/\/www.masfm.com\/emisora\/?p=10123"},"modified":"2019-06-14T14:38:50","modified_gmt":"2019-06-14T17:38:50","slug":"my-mafia-de-andres-calamaro","status":"publish","type":"post","link":"https:\/\/masfm.com\/emisora\/my-mafia-de-andres-calamaro\/","title":{"rendered":"&#8220;My Mafia&#8221; de Andr\u00e9s Calamaro."},"content":{"rendered":"<p>Andr\u00e9s Calamaro presenta My Mafia, un &#8220;video de cine&#8221; filmado por Vicente Linares. El clip es un tributo a los marginales y los vulnerables, un recordatorio al Frente Vital, muerto por la polic\u00eda hace veinte a\u00f1os.<\/p>\n<p>El blanco y negro de Linares es emocional y exquisito. El video recrea el asalto al cami\u00f3n de productos l\u00e1cteos.<\/p>\n<p>&#8220;J\u00f3venes delincuentes marginales repartiendo alimentos entre los m\u00e1s humildes. Hacemos foco entonces, en los que nada tienen. Como con &#8220;Tr\u00e1nsito Lento&#8221; (de Luis Ortega), mostramos un instante de la realidad en Am\u00e9rica Latina, con arte cinematogr\u00e1fico. Los marginados son invisibles al mundo, les damos tres minutos de visibilidad. En este video-canci\u00f3n intentamos salvar vidas sin renunciar a la poderosa est\u00e9tica de lo real. Nos acercamos todo lo posible a la realidad, entonces las canciones tienen otro espesor&#8221; declar\u00f3 Andr\u00e9s acerca de su nuevo trabajo.<\/p>\n<p><img loading=\"lazy\" decoding=\"async\" class=\"alignnone size-full wp-image-10142\" src=\"https:\/\/www.masfm.com\/emisora\/wp-content\/uploads\/2019\/06\/noticias-andres-calamaro-9.jpg\" alt=\"\" width=\"690\" height=\"330\" title=\"\" srcset=\"https:\/\/masfm.com\/emisora\/wp-content\/uploads\/2019\/06\/noticias-andres-calamaro-9.jpg 690w, https:\/\/masfm.com\/emisora\/wp-content\/uploads\/2019\/06\/noticias-andres-calamaro-9-345x165.jpg 345w, https:\/\/masfm.com\/emisora\/wp-content\/uploads\/2019\/06\/noticias-andres-calamaro-9-600x287.jpg 600w, https:\/\/masfm.com\/emisora\/wp-content\/uploads\/2019\/06\/noticias-andres-calamaro-9-560x268.jpg 560w\" sizes=\"auto, (max-width: 690px) 100vw, 690px\" \/><\/p>\n","protected":false},"excerpt":{"rendered":"<p>Andr\u00e9s Calamaro presenta My Mafia, un &#8220;video de cine&#8221; filmado por Vicente Linares. El clip es un tributo a los marginales y los vulnerables, un recordatorio al Frente Vital, muerto por la polic\u00eda hace veinte a\u00f1os. El blanco y negro de Linares es emocional y exquisito. El video recrea el asalto al cami\u00f3n de productos&hellip;<\/p>\n","protected":false},"author":4,"featured_media":10143,"comment_status":"closed","ping_status":"open","sticky":false,"template":"","format":"video","meta":{"footnotes":""},"categories":[2],"tags":[48,47,46,13,14,23],"class_list":["post-10123","post","type-post","status-publish","format-video","has-post-thumbnail","hentry","category-noticias","tag-esporaca","tag-laradioqueseve","tag-masfm959","tag-musica","tag-noticias","tag-video","post_format-post-format-video"],"amp_enabled":true,"_links":{"self":[{"href":"https:\/\/masfm.com\/emisora\/wp-json\/wp\/v2\/posts\/10123","targetHints":{"allow":["GET"]}}],"collection":[{"href":"https:\/\/masfm.com\/emisora\/wp-json\/wp\/v2\/posts"}],"about":[{"href":"https:\/\/masfm.com\/emisora\/wp-json\/wp\/v2\/types\/post"}],"author":[{"embeddable":true,"href":"https:\/\/masfm.com\/emisora\/wp-json\/wp\/v2\/users\/4"}],"replies":[{"embeddable":true,"href":"https:\/\/masfm.com\/emisora\/wp-json\/wp\/v2\/comments?post=10123"}],"version-history":[{"count":0,"href":"https:\/\/masfm.com\/emisora\/wp-json\/wp\/v2\/posts\/10123\/revisions"}],"wp:featuredmedia":[{"embeddable":true,"href":"https:\/\/masfm.com\/emisora\/wp-json\/wp\/v2\/media\/10143"}],"wp:attachment":[{"href":"https:\/\/masfm.com\/emisora\/wp-json\/wp\/v2\/media?parent=10123"}],"wp:term":[{"taxonomy":"category","embeddable":true,"href":"https:\/\/masfm.com\/emisora\/wp-json\/wp\/v2\/categories?post=10123"},{"taxonomy":"post_tag","embeddable":true,"href":"https:\/\/masfm.com\/emisora\/wp-json\/wp\/v2\/tags?post=10123"}],"curies":[{"name":"wp","href":"https:\/\/api.w.org\/{rel}","templated":true}]}}