{"id":10127,"date":"2019-06-11T19:52:35","date_gmt":"2019-06-11T22:52:35","guid":{"rendered":"https:\/\/www.masfm.com\/emisora\/?p=10127"},"modified":"2019-06-14T14:39:10","modified_gmt":"2019-06-14T17:39:10","slug":"nuevo-album-de-santana","status":"publish","type":"post","link":"https:\/\/masfm.com\/emisora\/nuevo-album-de-santana\/","title":{"rendered":"Santana estrena \u00e1lbum."},"content":{"rendered":"<p>El guitarrista Carlos Santana presenta su \u00e1lbum &#8220;Africa Speaks&#8221;.\u00a0Este trabajo discogr\u00e1fico fue producido durante una sesi\u00f3n de grabaci\u00f3n de diez d\u00edas con Rick Rubin en los estudios Shangri-La en Malib\u00fa, California, durante la cual fueron grabadas 49 canciones.<\/p>\n<p>Rick Rubin y Carlos Santana usaron una banda de ocho m\u00fasicos (con la esposa de Santana, Cindy Blackman, en la bater\u00eda).<\/p>\n<p>La primera canci\u00f3n del \u00e1lbum, &#8220;Los Invisibles&#8221;, fue publicada el 18 de marzo de 2019. En enero del mismo a\u00f1o, Santana public\u00f3 el EP In Search of Mona Lisa, que sirvi\u00f3 como pre\u00e1mbulo para el pr\u00f3ximo \u00e1lbum de estudio.<\/p>\n<p>Africa Speaks est\u00e1 inspirado en la m\u00fasica del continente africano, y ha sido denominado &#8220;una fusi\u00f3n \u00fanica de rock, m\u00fasica latina, m\u00fasica africana y jazz&#8221;.<\/p>\n<p>La mayor\u00eda de las canciones del disco fueron grabadas en una sola toma. El \u00e1lbum cuenta con la colaboraci\u00f3n de la cantante espa\u00f1ola Buika.<\/p>\n<p><img loading=\"lazy\" decoding=\"async\" class=\"alignnone size-full wp-image-10138\" src=\"https:\/\/www.masfm.com\/emisora\/wp-content\/uploads\/2019\/06\/noticias-carlos-santana-4.jpg\" alt=\"\" width=\"690\" height=\"330\" title=\"\" srcset=\"https:\/\/masfm.com\/emisora\/wp-content\/uploads\/2019\/06\/noticias-carlos-santana-4.jpg 690w, https:\/\/masfm.com\/emisora\/wp-content\/uploads\/2019\/06\/noticias-carlos-santana-4-345x165.jpg 345w, https:\/\/masfm.com\/emisora\/wp-content\/uploads\/2019\/06\/noticias-carlos-santana-4-600x287.jpg 600w, https:\/\/masfm.com\/emisora\/wp-content\/uploads\/2019\/06\/noticias-carlos-santana-4-560x268.jpg 560w\" sizes=\"auto, (max-width: 690px) 100vw, 690px\" \/><\/p>\n","protected":false},"excerpt":{"rendered":"<p>El guitarrista Carlos Santana presenta su \u00e1lbum &#8220;Africa Speaks&#8221;.\u00a0Este trabajo discogr\u00e1fico fue producido durante una sesi\u00f3n de grabaci\u00f3n de diez d\u00edas con Rick Rubin en los estudios Shangri-La en Malib\u00fa, California, durante la cual fueron grabadas 49 canciones. Rick Rubin y Carlos Santana usaron una banda de ocho m\u00fasicos (con la esposa de Santana, Cindy&hellip;<\/p>\n","protected":false},"author":4,"featured_media":10139,"comment_status":"closed","ping_status":"open","sticky":false,"template":"","format":"video","meta":{"footnotes":""},"categories":[2],"tags":[48,47,46,13,14,23],"class_list":["post-10127","post","type-post","status-publish","format-video","has-post-thumbnail","hentry","category-noticias","tag-esporaca","tag-laradioqueseve","tag-masfm959","tag-musica","tag-noticias","tag-video","post_format-post-format-video"],"amp_enabled":true,"_links":{"self":[{"href":"https:\/\/masfm.com\/emisora\/wp-json\/wp\/v2\/posts\/10127","targetHints":{"allow":["GET"]}}],"collection":[{"href":"https:\/\/masfm.com\/emisora\/wp-json\/wp\/v2\/posts"}],"about":[{"href":"https:\/\/masfm.com\/emisora\/wp-json\/wp\/v2\/types\/post"}],"author":[{"embeddable":true,"href":"https:\/\/masfm.com\/emisora\/wp-json\/wp\/v2\/users\/4"}],"replies":[{"embeddable":true,"href":"https:\/\/masfm.com\/emisora\/wp-json\/wp\/v2\/comments?post=10127"}],"version-history":[{"count":0,"href":"https:\/\/masfm.com\/emisora\/wp-json\/wp\/v2\/posts\/10127\/revisions"}],"wp:featuredmedia":[{"embeddable":true,"href":"https:\/\/masfm.com\/emisora\/wp-json\/wp\/v2\/media\/10139"}],"wp:attachment":[{"href":"https:\/\/masfm.com\/emisora\/wp-json\/wp\/v2\/media?parent=10127"}],"wp:term":[{"taxonomy":"category","embeddable":true,"href":"https:\/\/masfm.com\/emisora\/wp-json\/wp\/v2\/categories?post=10127"},{"taxonomy":"post_tag","embeddable":true,"href":"https:\/\/masfm.com\/emisora\/wp-json\/wp\/v2\/tags?post=10127"}],"curies":[{"name":"wp","href":"https:\/\/api.w.org\/{rel}","templated":true}]}}