{"id":10326,"date":"2019-07-01T20:31:43","date_gmt":"2019-07-01T23:31:43","guid":{"rendered":"https:\/\/www.masfm.com\/emisora\/?p=10326"},"modified":"2019-07-01T20:31:43","modified_gmt":"2019-07-01T23:31:43","slug":"j-mena-con-cazzu","status":"publish","type":"post","link":"https:\/\/masfm.com\/emisora\/j-mena-con-cazzu\/","title":{"rendered":"J mena con Cazzu."},"content":{"rendered":"<p>Luego del \u00e9xito del single &#8220;La Cobra&#8221; y de la expectativa generada, J mena estrena &#8220;Qui\u00e9n Empez\u00f3&#8221; segundo adelanto de su pr\u00f3ximo \u00e1lbum de estudio, que tambi\u00e9n llevar\u00e1 el nombre de su reciente hit La Cobra, y que cuenta con la participaci\u00f3n especial de la figura femenina del trap local Cazzu.<\/p>\n<p><iframe loading=\"lazy\" src=\"https:\/\/www.youtube.com\/embed\/oIIDLHBjHBg\" width=\"773\" height=\"560\" frameborder=\"0\" allowfullscreen=\"allowfullscreen\"><\/iframe><\/p>\n<p>En un ambiente oriental el videoclip refleja el empoderamiento femenino y la uni\u00f3n de J mena y Cazzu para ponerle fin a las mentiras de un hombre que juega a dos puntas, luego de enterarse de su traici\u00f3n, juntas planean una venganza encontr\u00e1ndose en el mismo lugar para llevarla a cabo.<\/p>\n<p>La fuerza de ambas artistas coincide en un single muy potente donde confluyen los g\u00e9neros del trap y el reggaet\u00f3n para darle vida a un mensaje de poder sobre la mujer. A trav\u00e9s de la sensualidad y la voz de estas dos en\u00e9rgicas artistas &#8220;Qui\u00e9n Empez\u00f3&#8221; promete ser un \u00e9xito, llegando al mill\u00f3n a pocas horas de su estreno y sum\u00e1ndose al rotundo \u00e9xito de La Cobra que ya supera lo 30 millones.<\/p>\n<p><img loading=\"lazy\" decoding=\"async\" class=\"alignnone size-full wp-image-10363\" src=\"https:\/\/www.masfm.com\/emisora\/wp-content\/uploads\/2019\/07\/noticias-j-mena-cazzu-2.jpg\" alt=\"\" width=\"690\" height=\"330\" title=\"\" srcset=\"https:\/\/masfm.com\/emisora\/wp-content\/uploads\/2019\/07\/noticias-j-mena-cazzu-2.jpg 690w, https:\/\/masfm.com\/emisora\/wp-content\/uploads\/2019\/07\/noticias-j-mena-cazzu-2-345x165.jpg 345w, https:\/\/masfm.com\/emisora\/wp-content\/uploads\/2019\/07\/noticias-j-mena-cazzu-2-600x287.jpg 600w, https:\/\/masfm.com\/emisora\/wp-content\/uploads\/2019\/07\/noticias-j-mena-cazzu-2-560x268.jpg 560w\" sizes=\"auto, (max-width: 690px) 100vw, 690px\" \/><\/p>\n","protected":false},"excerpt":{"rendered":"<p>Luego del \u00e9xito del single &#8220;La Cobra&#8221; y de la expectativa generada, J mena estrena &#8220;Qui\u00e9n Empez\u00f3&#8221; segundo adelanto de su pr\u00f3ximo \u00e1lbum de estudio, que tambi\u00e9n llevar\u00e1 el nombre de su reciente hit La Cobra, y que cuenta con la participaci\u00f3n especial de la figura femenina del trap local Cazzu. En un ambiente oriental&hellip;<\/p>\n","protected":false},"author":4,"featured_media":10364,"comment_status":"closed","ping_status":"open","sticky":false,"template":"","format":"video","meta":{"footnotes":""},"categories":[2],"tags":[48,47,46,13,14,23],"class_list":["post-10326","post","type-post","status-publish","format-video","has-post-thumbnail","hentry","category-noticias","tag-esporaca","tag-laradioqueseve","tag-masfm959","tag-musica","tag-noticias","tag-video","post_format-post-format-video"],"amp_enabled":true,"_links":{"self":[{"href":"https:\/\/masfm.com\/emisora\/wp-json\/wp\/v2\/posts\/10326","targetHints":{"allow":["GET"]}}],"collection":[{"href":"https:\/\/masfm.com\/emisora\/wp-json\/wp\/v2\/posts"}],"about":[{"href":"https:\/\/masfm.com\/emisora\/wp-json\/wp\/v2\/types\/post"}],"author":[{"embeddable":true,"href":"https:\/\/masfm.com\/emisora\/wp-json\/wp\/v2\/users\/4"}],"replies":[{"embeddable":true,"href":"https:\/\/masfm.com\/emisora\/wp-json\/wp\/v2\/comments?post=10326"}],"version-history":[{"count":0,"href":"https:\/\/masfm.com\/emisora\/wp-json\/wp\/v2\/posts\/10326\/revisions"}],"wp:featuredmedia":[{"embeddable":true,"href":"https:\/\/masfm.com\/emisora\/wp-json\/wp\/v2\/media\/10364"}],"wp:attachment":[{"href":"https:\/\/masfm.com\/emisora\/wp-json\/wp\/v2\/media?parent=10326"}],"wp:term":[{"taxonomy":"category","embeddable":true,"href":"https:\/\/masfm.com\/emisora\/wp-json\/wp\/v2\/categories?post=10326"},{"taxonomy":"post_tag","embeddable":true,"href":"https:\/\/masfm.com\/emisora\/wp-json\/wp\/v2\/tags?post=10326"}],"curies":[{"name":"wp","href":"https:\/\/api.w.org\/{rel}","templated":true}]}}