{"id":10465,"date":"2019-07-22T19:29:30","date_gmt":"2019-07-22T22:29:30","guid":{"rendered":"https:\/\/www.masfm.com\/emisora\/?p=10465"},"modified":"2025-08-05T10:59:50","modified_gmt":"2025-08-05T13:59:50","slug":"ac-dc-de-festejos","status":"publish","type":"post","link":"https:\/\/masfm.com\/emisora\/ac-dc-de-festejos\/","title":{"rendered":"AC\/DC DE FESTEJOS."},"content":{"rendered":"\n<figure class=\"wp-block-image\"><img loading=\"lazy\" decoding=\"async\" width=\"690\" height=\"330\" src=\"https:\/\/www.masfm.com\/emisora\/wp-content\/uploads\/2019\/07\/noticias-ac-dc-3.jpg\" alt=\"El 27 de julio es el cumple de la radio pero adem\u00e1s, se cumplen 40 a\u00f1os de la salida de Highway To Hell, uno de los discos M\u00e1s emblem\u00e1ticos de AC\/DC.\" class=\"wp-image-10505\" title=\"El 27 de julio es el cumple de la radio pero adem\u00e1s, se cumplen 40 a\u00f1os de la salida de Highway To Hell, uno de los discos M\u00e1s emblem\u00e1ticos de AC\/DC.\" srcset=\"https:\/\/masfm.com\/emisora\/wp-content\/uploads\/2019\/07\/noticias-ac-dc-3.jpg 690w, https:\/\/masfm.com\/emisora\/wp-content\/uploads\/2019\/07\/noticias-ac-dc-3-345x165.jpg 345w, https:\/\/masfm.com\/emisora\/wp-content\/uploads\/2019\/07\/noticias-ac-dc-3-600x287.jpg 600w, https:\/\/masfm.com\/emisora\/wp-content\/uploads\/2019\/07\/noticias-ac-dc-3-560x268.jpg 560w\" sizes=\"auto, (max-width: 690px) 100vw, 690px\" \/><\/figure>\n\n\n\n<p>El 27 de julio es el cumple de la radio pero adem\u00e1s, se cumplen 40 a\u00f1os de la salida de Highway To Hell, uno de los discos M\u00e1s emblem\u00e1ticos de AC\/DC.<\/p>\n\n\n\n<p>Para celebrarlo, el grupo australiano public\u00f3 en su canal oficial de Youtube un video in\u00e9dito de cuando se presentaron en el programa televisivo holand\u00e9s Countdown, el 13 de julio de 1979. <\/p>\n\n\n\n<p>Fue dos semanas antes de la salida del disco, donde estrenaron para el gran p\u00fablico el hit hom\u00f3nimo que se termin\u00f3 convirtiendo en un cl\u00e1sico del rock.<\/p>\n\n\n\n<p>La banda de los hermanos Young se encontraba en un gran momento art\u00edstico, que qued\u00f3 plasmado en el \u00faltimo \u00e1lbum que grab\u00f3 el m\u00edtico Bon Scott. <\/p>\n\n\n\n<p>Este aniversario puso en funcionamiento las redes sociales de AC\/DC, despu\u00e9s de un M\u00e1s de un a\u00f1o de inactividad y cientos de rumores sobre el futuro de la banda. <\/p>\n\n\n\n<p>Hace unas semanas, se volvieron agitar las versiones que indican que el conjunto saldr\u00eda de gira, pero por ahora reina el silencio entre los integrantes de AC\/DC.<\/p>\n\n\n\n<p>Algunos periodistas se han encargado de afirmar la continuidad del proyecto con Angus Youn, Steve Young (sobrino de Angus), Brian Johnson, Phil Rudd y Cliff Williams. <\/p>\n\n\n\n<p>Es el caso de Eddie Trunk, quien en abril de este a\u00f1o revel\u00f3 en su programa de radio que los planes de AC\/DC van M\u00e1s all\u00e1 del estudio de grabaci\u00f3n: <\/p>\n\n\n\n<blockquote class=\"wp-block-quote is-layout-flow wp-block-quote-is-layout-flow\">\n<p>&#8220;Tengo fuentes que me han dicho que van a hacer una gira con Brian de nuevo. Todo eso no est\u00e1 confirmado, pero lo obtuve de algunas fuentes de confianza&#8221;.<\/p>\n<\/blockquote>\n\n\n\n<p>Lo que s\u00ed parece ser una certeza es que habr\u00e1 nuevo material del conjunto que comanda Angus Young.<\/p>\n\n\n\n<blockquote class=\"wp-block-quote is-layout-flow wp-block-quote-is-layout-flow\">\n<p>&#8220;Creo que es casi seguro que AC\/DC por lo menos lanzar\u00e1 alg\u00fan tipo de disco y ser\u00e1 alg\u00fan tipo de homenaje a Malcolm, como Back in Black fue un homenaje a Bon Scott. As\u00ed que no tengo ninguna duda al respecto y estoy bastante seguro de que tambi\u00e9n vayan a hacer shows&#8221;, afirm\u00f3 Trunk.<\/p>\n<\/blockquote>\n\n\n\n<h2 class=\"wp-block-heading\" id=\"ya-lo-sumamos\">\u00a1Ya lo sumamos!<\/h2>\n\n\n\n<p>Los mejores videos de AC\/DC ya forman parte de nuestra programaci\u00f3n, la cual desde hace M\u00e1s de dos d\u00e9cadas, la disfrut\u00e1s 100 % con im\u00e1genes.<\/p>\n\n\n\n<p>Acordate, pod\u00e9s mirarnos desde tu compu, tablet, notebook o Smart TV con s\u00f3lo&nbsp;<a href=\"https:\/\/masfm.com\/emisora\/#section-custom-content-2\" target=\"_blank\" rel=\"noreferrer noopener\">entrar ac\u00e1<\/a>.<\/p>\n\n\n\n<p>Si prefer\u00eds que la experiencia sea por medio de tu celular, bajate la App gratuitamente&nbsp;<a href=\"https:\/\/masfm.pryx.com.ar\/install\/\" target=\"_blank\" rel=\"noreferrer noopener\">desde ac\u00e1<\/a>&nbsp;y miranos desde cualquier parte del mundo, a la hora que quieras!<\/p>\n\n\n\n<p>Estamos las 24 horas con la mejor m\u00fasica y sus clips.<\/p>\n\n\n\n<h2 class=\"wp-block-heading\" id=\"registrate-a-mas-fm-95-9\">\u00a1Registrate a M\u00e1s FM 95 9!<\/h2>\n\n\n  \n  \n  <div class=\"\n    mailpoet_form_popup_overlay\n      \"><\/div>\n  <div\n    id=\"mailpoet_form_3\"\n    class=\"\n      mailpoet_form\n      mailpoet_form_html\n      mailpoet_form_position_\n      mailpoet_form_animation_\n    \"\n      >\n\n    <style type=\"text\/css\">\n     #mailpoet_form_3 .mailpoet_form {  }\n#mailpoet_form_3 .mailpoet_column_with_background { padding: 10px; }\n#mailpoet_form_3 .mailpoet_form_column:not(:first-child) { margin-left: 20px; }\n#mailpoet_form_3 .mailpoet_paragraph { line-height: 20px; margin-bottom: 20px; }\n#mailpoet_form_3 .mailpoet_segment_label, #mailpoet_form_3 .mailpoet_text_label, #mailpoet_form_3 .mailpoet_textarea_label, #mailpoet_form_3 .mailpoet_select_label, #mailpoet_form_3 .mailpoet_radio_label, #mailpoet_form_3 .mailpoet_checkbox_label, #mailpoet_form_3 .mailpoet_list_label, #mailpoet_form_3 .mailpoet_date_label { display: block; font-weight: normal; }\n#mailpoet_form_3 .mailpoet_text, #mailpoet_form_3 .mailpoet_textarea, #mailpoet_form_3 .mailpoet_select, #mailpoet_form_3 .mailpoet_date_month, #mailpoet_form_3 .mailpoet_date_day, #mailpoet_form_3 .mailpoet_date_year, #mailpoet_form_3 .mailpoet_date { display: block; }\n#mailpoet_form_3 .mailpoet_text, #mailpoet_form_3 .mailpoet_textarea { width: 200px; }\n#mailpoet_form_3 .mailpoet_checkbox {  }\n#mailpoet_form_3 .mailpoet_submit {  }\n#mailpoet_form_3 .mailpoet_divider {  }\n#mailpoet_form_3 .mailpoet_message {  }\n#mailpoet_form_3 .mailpoet_form_loading { width: 30px; text-align: center; line-height: normal; }\n#mailpoet_form_3 .mailpoet_form_loading > span { width: 5px; height: 5px; background-color: #5b5b5b; }#mailpoet_form_3{border-radius: 0px;text-align: left;}#mailpoet_form_3 form.mailpoet_form {padding: 20px;}#mailpoet_form_3{width: 100%;}#mailpoet_form_3 .mailpoet_message {margin: 0; padding: 0 20px;}#mailpoet_form_3 .mailpoet_paragraph.last {margin-bottom: 0} @media (max-width: 500px) {#mailpoet_form_3 {background-image: none;}} @media (min-width: 500px) {#mailpoet_form_3 .last .mailpoet_paragraph:last-child {margin-bottom: 0}}  @media (max-width: 500px) {#mailpoet_form_3 .mailpoet_form_column:last-child .mailpoet_paragraph:last-child {margin-bottom: 0}} \n    <\/style>\n\n    <form\n      target=\"_self\"\n      method=\"post\"\n      action=\"https:\/\/masfm.com\/emisora\/wp-admin\/admin-post.php?action=mailpoet_subscription_form\"\n      class=\"mailpoet_form mailpoet_form_form mailpoet_form_html\"\n      novalidate\n      data-delay=\"\"\n      data-exit-intent-enabled=\"\"\n      data-trigger-mode=\"\"\n      data-click-trigger-selector=\"\"\n      data-font-family=\"\"\n      data-cookie-expiration-time=\"\"\n    >\n      <input type=\"hidden\" name=\"data[form_id]\" value=\"3\" \/>\n      <input type=\"hidden\" name=\"token\" value=\"a17d251723\" \/>\n      <input type=\"hidden\" name=\"api_version\" value=\"v1\" \/>\n      <input type=\"hidden\" name=\"endpoint\" value=\"subscribers\" \/>\n      <input type=\"hidden\" name=\"mailpoet_method\" value=\"subscribe\" \/>\n\n      <label class=\"mailpoet_hp_email_label\" style=\"display: none !important;\">Please leave this field empty<input type=\"email\" name=\"data[email]\"\/><\/label><div class='mailpoet_form_columns_container'><div class=\"mailpoet_form_columns mailpoet_paragraph mailpoet_stack_on_mobile\"><div class=\"mailpoet_form_column\"><div class=\"mailpoet_paragraph \"><input type=\"text\" autocomplete=\"given-name\" class=\"mailpoet_text\" id=\"form_first_name_3\" name=\"data[form_field_Mjg5ZDFmYWM5ZDQ5X2ZpcnN0X25hbWU=]\" title=\"Nombre\" value=\"\" style=\"width:100%;box-sizing:border-box;padding:5px;margin: 0 auto 0 0;\" data-automation-id=\"form_first_name\"  placeholder=\"Nombre\" aria-label=\"Nombre\" data-parsley-errors-container=\".mailpoet_error_138yk\" data-parsley-names='[&quot;Please specify a valid name.&quot;,&quot;Addresses in names are not permitted, please add your name instead.&quot;]'\/><span class=\"mailpoet_error_138yk\"><\/span><\/div>\n<\/div>\n<div class=\"mailpoet_form_column\"><div class=\"mailpoet_paragraph \"><input type=\"email\" autocomplete=\"email\" class=\"mailpoet_text\" id=\"form_email_3\" name=\"data[form_field_OGY2ODJhNTQxZjUxX2VtYWls]\" title=\"TU MAIL:\" value=\"\" style=\"width:100%;box-sizing:border-box;padding:5px;margin: 0 auto 0 0;\" data-automation-id=\"form_email\"  placeholder=\"TU MAIL: *\" aria-label=\"TU MAIL: *\" data-parsley-errors-container=\".mailpoet_error_17ujm\" data-parsley-required=\"true\" required aria-required=\"true\" data-parsley-minlength=\"6\" data-parsley-maxlength=\"150\" data-parsley-type-message=\"This value should be a valid email.\" data-parsley-required-message=\"This field is required.\"\/><span class=\"mailpoet_error_17ujm\"><\/span><\/div>\n<\/div>\n<div class=\"mailpoet_form_column\"><div class=\"mailpoet_paragraph \"><input type=\"submit\" class=\"mailpoet_submit\" value=\"SUMATE YA!\" data-automation-id=\"subscribe-submit-button\" style=\"width:100%;box-sizing:border-box;padding:5px;margin: 0 auto 0 0;border-color:transparent;\" \/><span class=\"mailpoet_form_loading\"><span class=\"mailpoet_bounce1\"><\/span><span class=\"mailpoet_bounce2\"><\/span><span class=\"mailpoet_bounce3\"><\/span><\/span><\/div>\n<\/div>\n<\/div><\/div>\n<div class='mailpoet_form_columns_container'><div class=\"mailpoet_form_columns mailpoet_paragraph mailpoet_stack_on_mobile\"><div class=\"mailpoet_form_column\"><\/div>\n<div class=\"mailpoet_form_column\"><\/div>\n<\/div><\/div>\n\n      <div class=\"mailpoet_message\">\n        <p class=\"mailpoet_validate_success\"\n                style=\"display:none;\"\n                >Revisa tu bandeja de entrada o la carpeta de spam para confirmar tu suscripci\u00f3n.\n        <\/p>\n        <p class=\"mailpoet_validate_error\"\n                style=\"display:none;\"\n                >        <\/p>\n      <\/div>\n    <\/form>\n\n      <\/div>\n\n  \n\n\n<figure class=\"wp-block-image\"><img loading=\"lazy\" decoding=\"async\" width=\"690\" height=\"330\" src=\"https:\/\/www.masfm.com\/emisora\/wp-content\/uploads\/2019\/07\/noticias-ac-dc-3.jpg\" alt=\"El 27 de julio es el cumple de la radio pero adem\u00e1s, se cumplen 40 a\u00f1os de la salida de Highway To Hell, uno de los discos M\u00e1s emblem\u00e1ticos de AC\/DC.\" class=\"wp-image-10505\" title=\"El 27 de julio es el cumple de la radio pero adem\u00e1s, se cumplen 40 a\u00f1os de la salida de Highway To Hell, uno de los discos M\u00e1s emblem\u00e1ticos de AC\/DC.\" srcset=\"https:\/\/masfm.com\/emisora\/wp-content\/uploads\/2019\/07\/noticias-ac-dc-3.jpg 690w, https:\/\/masfm.com\/emisora\/wp-content\/uploads\/2019\/07\/noticias-ac-dc-3-345x165.jpg 345w, https:\/\/masfm.com\/emisora\/wp-content\/uploads\/2019\/07\/noticias-ac-dc-3-600x287.jpg 600w, https:\/\/masfm.com\/emisora\/wp-content\/uploads\/2019\/07\/noticias-ac-dc-3-560x268.jpg 560w\" sizes=\"auto, (max-width: 690px) 100vw, 690px\" \/><\/figure>\n\n\n\n<p><\/p>\n","protected":false},"excerpt":{"rendered":"<p>El 27 de julio es el cumple de la radio pero adem\u00e1s, se cumplen 40 a\u00f1os de la salida de Highway To Hell, uno de los discos M\u00e1s emblem\u00e1ticos de AC\/DC. Para celebrarlo, el grupo australiano public\u00f3 en su canal oficial de Youtube un video in\u00e9dito de cuando se presentaron en el programa televisivo holand\u00e9s&hellip;<\/p>\n","protected":false},"author":4,"featured_media":10504,"comment_status":"closed","ping_status":"open","sticky":false,"template":"","format":"video","meta":{"footnotes":""},"categories":[2],"tags":[48,47,46,13,14],"class_list":["post-10465","post","type-post","status-publish","format-video","has-post-thumbnail","hentry","category-noticias","tag-esporaca","tag-laradioqueseve","tag-masfm959","tag-musica","tag-noticias","post_format-post-format-video"],"amp_enabled":true,"_links":{"self":[{"href":"https:\/\/masfm.com\/emisora\/wp-json\/wp\/v2\/posts\/10465","targetHints":{"allow":["GET"]}}],"collection":[{"href":"https:\/\/masfm.com\/emisora\/wp-json\/wp\/v2\/posts"}],"about":[{"href":"https:\/\/masfm.com\/emisora\/wp-json\/wp\/v2\/types\/post"}],"author":[{"embeddable":true,"href":"https:\/\/masfm.com\/emisora\/wp-json\/wp\/v2\/users\/4"}],"replies":[{"embeddable":true,"href":"https:\/\/masfm.com\/emisora\/wp-json\/wp\/v2\/comments?post=10465"}],"version-history":[{"count":0,"href":"https:\/\/masfm.com\/emisora\/wp-json\/wp\/v2\/posts\/10465\/revisions"}],"wp:featuredmedia":[{"embeddable":true,"href":"https:\/\/masfm.com\/emisora\/wp-json\/wp\/v2\/media\/10504"}],"wp:attachment":[{"href":"https:\/\/masfm.com\/emisora\/wp-json\/wp\/v2\/media?parent=10465"}],"wp:term":[{"taxonomy":"category","embeddable":true,"href":"https:\/\/masfm.com\/emisora\/wp-json\/wp\/v2\/categories?post=10465"},{"taxonomy":"post_tag","embeddable":true,"href":"https:\/\/masfm.com\/emisora\/wp-json\/wp\/v2\/tags?post=10465"}],"curies":[{"name":"wp","href":"https:\/\/api.w.org\/{rel}","templated":true}]}}