{"id":10482,"date":"2019-07-19T19:24:10","date_gmt":"2019-07-19T22:24:10","guid":{"rendered":"https:\/\/www.masfm.com\/emisora\/?p=10482"},"modified":"2019-07-19T19:24:10","modified_gmt":"2019-07-19T22:24:10","slug":"la-sole-suavecita","status":"publish","type":"post","link":"https:\/\/masfm.com\/emisora\/la-sole-suavecita\/","title":{"rendered":"La Sole Suavecita."},"content":{"rendered":"<p>Dos artistas muy talentosos de nuestro pa\u00eds se juntaron para regalarnos una divertida cumbia.<\/p>\n<p><iframe loading=\"lazy\" src=\"https:\/\/www.youtube.com\/embed\/a_VCH7fO3nY\" width=\"773\" height=\"560\" frameborder=\"0\" allowfullscreen=\"allowfullscreen\"><\/iframe><\/p>\n<p>Se trata de Los Palmeras, que invitaron a Soledad Pastorutti para hacer una versi\u00f3n de \u201cLa Suavecita\u201d.<\/p>\n<p>Nuevamente la banda de cumbia sigue reversionando cl\u00e1sicos temas de su repertorio junto a artistas de diferentes g\u00e9neros musicales como son Andr\u00e9s Calamaro, Marcela Morelo, la Mona Jim\u00e9nez y Axel, entre otros. Todas estas canciones formar\u00e1n parte de su pr\u00f3ximo \u00e1lbum.<\/p>\n<p><img loading=\"lazy\" decoding=\"async\" class=\"alignnone size-full wp-image-10491\" src=\"https:\/\/www.masfm.com\/emisora\/wp-content\/uploads\/2019\/07\/noticias-los-palmeras-soledad-pastorutti-2.jpg\" alt=\"\" width=\"690\" height=\"330\" title=\"\" srcset=\"https:\/\/masfm.com\/emisora\/wp-content\/uploads\/2019\/07\/noticias-los-palmeras-soledad-pastorutti-2.jpg 690w, https:\/\/masfm.com\/emisora\/wp-content\/uploads\/2019\/07\/noticias-los-palmeras-soledad-pastorutti-2-345x165.jpg 345w, https:\/\/masfm.com\/emisora\/wp-content\/uploads\/2019\/07\/noticias-los-palmeras-soledad-pastorutti-2-600x287.jpg 600w, https:\/\/masfm.com\/emisora\/wp-content\/uploads\/2019\/07\/noticias-los-palmeras-soledad-pastorutti-2-560x268.jpg 560w\" sizes=\"auto, (max-width: 690px) 100vw, 690px\" \/><\/p>\n","protected":false},"excerpt":{"rendered":"<p>Dos artistas muy talentosos de nuestro pa\u00eds se juntaron para regalarnos una divertida cumbia. Se trata de Los Palmeras, que invitaron a Soledad Pastorutti para hacer una versi\u00f3n de \u201cLa Suavecita\u201d. Nuevamente la banda de cumbia sigue reversionando cl\u00e1sicos temas de su repertorio junto a artistas de diferentes g\u00e9neros musicales como son Andr\u00e9s Calamaro, Marcela&hellip;<\/p>\n","protected":false},"author":4,"featured_media":10493,"comment_status":"closed","ping_status":"open","sticky":false,"template":"","format":"video","meta":{"footnotes":""},"categories":[2],"tags":[48,47,46,13,14,23],"class_list":["post-10482","post","type-post","status-publish","format-video","has-post-thumbnail","hentry","category-noticias","tag-esporaca","tag-laradioqueseve","tag-masfm959","tag-musica","tag-noticias","tag-video","post_format-post-format-video"],"amp_enabled":true,"_links":{"self":[{"href":"https:\/\/masfm.com\/emisora\/wp-json\/wp\/v2\/posts\/10482","targetHints":{"allow":["GET"]}}],"collection":[{"href":"https:\/\/masfm.com\/emisora\/wp-json\/wp\/v2\/posts"}],"about":[{"href":"https:\/\/masfm.com\/emisora\/wp-json\/wp\/v2\/types\/post"}],"author":[{"embeddable":true,"href":"https:\/\/masfm.com\/emisora\/wp-json\/wp\/v2\/users\/4"}],"replies":[{"embeddable":true,"href":"https:\/\/masfm.com\/emisora\/wp-json\/wp\/v2\/comments?post=10482"}],"version-history":[{"count":0,"href":"https:\/\/masfm.com\/emisora\/wp-json\/wp\/v2\/posts\/10482\/revisions"}],"wp:featuredmedia":[{"embeddable":true,"href":"https:\/\/masfm.com\/emisora\/wp-json\/wp\/v2\/media\/10493"}],"wp:attachment":[{"href":"https:\/\/masfm.com\/emisora\/wp-json\/wp\/v2\/media?parent=10482"}],"wp:term":[{"taxonomy":"category","embeddable":true,"href":"https:\/\/masfm.com\/emisora\/wp-json\/wp\/v2\/categories?post=10482"},{"taxonomy":"post_tag","embeddable":true,"href":"https:\/\/masfm.com\/emisora\/wp-json\/wp\/v2\/tags?post=10482"}],"curies":[{"name":"wp","href":"https:\/\/api.w.org\/{rel}","templated":true}]}}