{"id":10522,"date":"2019-07-26T19:48:50","date_gmt":"2019-07-26T22:48:50","guid":{"rendered":"https:\/\/www.masfm.com\/emisora\/?p=10522"},"modified":"2019-07-26T20:21:20","modified_gmt":"2019-07-26T23:21:20","slug":"huesped-de-honor-2","status":"publish","type":"post","link":"https:\/\/masfm.com\/emisora\/huesped-de-honor-2\/","title":{"rendered":"Hu\u00e9sped De Honor."},"content":{"rendered":"<p>Ismael Serrano recibi\u00f3 la distinci\u00f3n de \u201cHu\u00e9sped de Honor\u201d de la ciudad de Buenos Aires.<\/p>\n<p>El diputado Leandro Santoro le hizo entrega de la conmemoraci\u00f3n en el Sal\u00f3n Dorado del edificio consistorial, tras la aprobaci\u00f3n un\u00e1nime de esta iniciativa por parte de la Legislatura porte\u00f1a. El acto reconoce la exitosa trayectoria del cantautor a ambos lados del Atl\u00e1ntico.<\/p>\n<p>\u201cIsmael Serrano se ha convertido en uno de los artistas espa\u00f1oles que con mayor profundidad ha calado en nuestra naci\u00f3n, a la misma altura de otros grandes m\u00fasicos como Joaqu\u00edn Sabina y Joan Manuel Serrat&#8221;, dijo el diputado. Agreg\u00f3: &#8220;Su vasta m\u00fasica ha tocado todos los temas posibles. Desde el amor y la soledad, hasta su en\u00e9rgica lucha contra las dictaduras opresoras de nuestro planeta&#8221;.<\/p>\n<p>Ismael Serrano lleva compartiendo su m\u00fasica con Argentina pr\u00e1cticamente desde sus inicios. Fue en el a\u00f1o 1997, con su \u00e1lbum \u201cAtrapados en Azul\u201d, cuando comenz\u00f3 su primera gira por \u00e9ste y otros pa\u00edses latinoamericanos. Con \u201cLa Memoria de los Peces\u201c(1998), alcanz\u00f3 la certificaci\u00f3n de Disco de Oro en Argentina.<\/p>\n<p>Y es que su relaci\u00f3n con este pa\u00eds y con la ciudad de Buenos Aires queda manifestada en toda su discograf\u00eda, con canciones como \u201cBuenos Aires 2001\u201d, \u201cMa\u00f1ana porte\u00f1a en Madrid\u201d, \u201cA las madres de mayo\u201d\u2026 El apoyo a las madres y abuelas de los desaparecidos durante la dictadura argentina es una de las causas en las que m\u00e1s se ha implicado el cantautor madrile\u00f1o.<\/p>\n<p>Serrano contin\u00faa con la gira \u201cTodav\u00eda\u201d a su paso por Argentina, cerrando sus actuaciones el 28, 29 y 30 de noviembre en el Teatro Opera de Buenos Aires. El 1 de agosto se presentar\u00e1 en Montevideo (Uruguay) antes de regresar a Espa\u00f1a para continuar con su gira ac\u00fastica aqu\u00ed, en nuestro pa\u00eds.<\/p>\n<p><img loading=\"lazy\" decoding=\"async\" class=\"alignnone size-full wp-image-3915\" src=\"https:\/\/www.masfm.com\/emisora\/wp-content\/uploads\/2017\/10\/noticias-ismael-serrano-2.jpg\" alt=\"\" width=\"690\" height=\"330\" title=\"\" srcset=\"https:\/\/masfm.com\/emisora\/wp-content\/uploads\/2017\/10\/noticias-ismael-serrano-2.jpg 690w, https:\/\/masfm.com\/emisora\/wp-content\/uploads\/2017\/10\/noticias-ismael-serrano-2-345x165.jpg 345w, https:\/\/masfm.com\/emisora\/wp-content\/uploads\/2017\/10\/noticias-ismael-serrano-2-600x287.jpg 600w, https:\/\/masfm.com\/emisora\/wp-content\/uploads\/2017\/10\/noticias-ismael-serrano-2-560x268.jpg 560w\" sizes=\"auto, (max-width: 690px) 100vw, 690px\" \/><\/p>\n","protected":false},"excerpt":{"rendered":"<p>Ismael Serrano recibi\u00f3 la distinci\u00f3n de \u201cHu\u00e9sped de Honor\u201d de la ciudad de Buenos Aires. El diputado Leandro Santoro le hizo entrega de la conmemoraci\u00f3n en el Sal\u00f3n Dorado del edificio consistorial, tras la aprobaci\u00f3n un\u00e1nime de esta iniciativa por parte de la Legislatura porte\u00f1a. El acto reconoce la exitosa trayectoria del cantautor a ambos&hellip;<\/p>\n","protected":false},"author":4,"featured_media":3914,"comment_status":"closed","ping_status":"open","sticky":false,"template":"","format":"video","meta":{"footnotes":""},"categories":[2],"tags":[48,11,97,47,46,13,14,23],"class_list":["post-10522","post","type-post","status-publish","format-video","has-post-thumbnail","hentry","category-noticias","tag-esporaca","tag-interes-gral","tag-ismael-serrano","tag-laradioqueseve","tag-masfm959","tag-musica","tag-noticias","tag-video","post_format-post-format-video"],"amp_enabled":true,"_links":{"self":[{"href":"https:\/\/masfm.com\/emisora\/wp-json\/wp\/v2\/posts\/10522","targetHints":{"allow":["GET"]}}],"collection":[{"href":"https:\/\/masfm.com\/emisora\/wp-json\/wp\/v2\/posts"}],"about":[{"href":"https:\/\/masfm.com\/emisora\/wp-json\/wp\/v2\/types\/post"}],"author":[{"embeddable":true,"href":"https:\/\/masfm.com\/emisora\/wp-json\/wp\/v2\/users\/4"}],"replies":[{"embeddable":true,"href":"https:\/\/masfm.com\/emisora\/wp-json\/wp\/v2\/comments?post=10522"}],"version-history":[{"count":0,"href":"https:\/\/masfm.com\/emisora\/wp-json\/wp\/v2\/posts\/10522\/revisions"}],"wp:featuredmedia":[{"embeddable":true,"href":"https:\/\/masfm.com\/emisora\/wp-json\/wp\/v2\/media\/3914"}],"wp:attachment":[{"href":"https:\/\/masfm.com\/emisora\/wp-json\/wp\/v2\/media?parent=10522"}],"wp:term":[{"taxonomy":"category","embeddable":true,"href":"https:\/\/masfm.com\/emisora\/wp-json\/wp\/v2\/categories?post=10522"},{"taxonomy":"post_tag","embeddable":true,"href":"https:\/\/masfm.com\/emisora\/wp-json\/wp\/v2\/tags?post=10522"}],"curies":[{"name":"wp","href":"https:\/\/api.w.org\/{rel}","templated":true}]}}