{"id":10525,"date":"2019-07-26T19:55:01","date_gmt":"2019-07-26T22:55:01","guid":{"rendered":"https:\/\/www.masfm.com\/emisora\/?p=10525"},"modified":"2019-07-26T20:20:55","modified_gmt":"2019-07-26T23:20:55","slug":"reik-estrena-aleluya","status":"publish","type":"post","link":"https:\/\/masfm.com\/emisora\/reik-estrena-aleluya\/","title":{"rendered":"Reik estrena Aleluya."},"content":{"rendered":"<p>Reik presentan el video de \u201cAleluya\u201d, single incluido en su m\u00e1s reciente material discogr\u00e1fico &#8220;Ahora&#8221;, que a menos de una semana de lanzamiento recibi\u00f3 el certificado de Platino.<\/p>\n<p>\u201cAleluya\u201d cuenta con la colaboraci\u00f3n de los colombianos Manuel y Juli\u00e1n Turizo, quienes llegaron a la Ciudad de M\u00e9xico para participar en la grabaci\u00f3n del video, el cual fue rodado en el Nido de Quetzalc\u00f3atl, un jard\u00edn arquitect\u00f3nico, proyecto del mexicano Javier Senosiain reconocido representante de la arquitectura mexicana.<\/p>\n<p>El video dirigido por Nuno Gomes, detalla una historia de amor con un final sorpresivo y con el cual muchas personas podr\u00e1n identificarse.<\/p>\n<p>Recientemente el video vertical del tema compuesto por Jes\u00fas, Julio, Bibi, as\u00ed como los hermanos Turizo, fue publicado en el importante playlist \u201cViva Latino\u201d de Spotify siendo Reik tambi\u00e9n portada del mismo.<\/p>\n<p><img loading=\"lazy\" decoding=\"async\" class=\"alignnone size-full wp-image-10557\" src=\"https:\/\/www.masfm.com\/emisora\/wp-content\/uploads\/2019\/07\/noticias-reik-4.jpg\" alt=\"\" width=\"690\" height=\"330\" title=\"\" srcset=\"https:\/\/masfm.com\/emisora\/wp-content\/uploads\/2019\/07\/noticias-reik-4.jpg 690w, https:\/\/masfm.com\/emisora\/wp-content\/uploads\/2019\/07\/noticias-reik-4-345x165.jpg 345w, https:\/\/masfm.com\/emisora\/wp-content\/uploads\/2019\/07\/noticias-reik-4-600x287.jpg 600w, https:\/\/masfm.com\/emisora\/wp-content\/uploads\/2019\/07\/noticias-reik-4-560x268.jpg 560w\" sizes=\"auto, (max-width: 690px) 100vw, 690px\" \/><\/p>\n","protected":false},"excerpt":{"rendered":"<p>Reik presentan el video de \u201cAleluya\u201d, single incluido en su m\u00e1s reciente material discogr\u00e1fico &#8220;Ahora&#8221;, que a menos de una semana de lanzamiento recibi\u00f3 el certificado de Platino. \u201cAleluya\u201d cuenta con la colaboraci\u00f3n de los colombianos Manuel y Juli\u00e1n Turizo, quienes llegaron a la Ciudad de M\u00e9xico para participar en la grabaci\u00f3n del video, el&hellip;<\/p>\n","protected":false},"author":4,"featured_media":10558,"comment_status":"closed","ping_status":"open","sticky":false,"template":"","format":"video","meta":{"footnotes":""},"categories":[2],"tags":[48,47,46,13,14,98,23],"class_list":["post-10525","post","type-post","status-publish","format-video","has-post-thumbnail","hentry","category-noticias","tag-esporaca","tag-laradioqueseve","tag-masfm959","tag-musica","tag-noticias","tag-reik","tag-video","post_format-post-format-video"],"amp_enabled":true,"_links":{"self":[{"href":"https:\/\/masfm.com\/emisora\/wp-json\/wp\/v2\/posts\/10525","targetHints":{"allow":["GET"]}}],"collection":[{"href":"https:\/\/masfm.com\/emisora\/wp-json\/wp\/v2\/posts"}],"about":[{"href":"https:\/\/masfm.com\/emisora\/wp-json\/wp\/v2\/types\/post"}],"author":[{"embeddable":true,"href":"https:\/\/masfm.com\/emisora\/wp-json\/wp\/v2\/users\/4"}],"replies":[{"embeddable":true,"href":"https:\/\/masfm.com\/emisora\/wp-json\/wp\/v2\/comments?post=10525"}],"version-history":[{"count":0,"href":"https:\/\/masfm.com\/emisora\/wp-json\/wp\/v2\/posts\/10525\/revisions"}],"wp:featuredmedia":[{"embeddable":true,"href":"https:\/\/masfm.com\/emisora\/wp-json\/wp\/v2\/media\/10558"}],"wp:attachment":[{"href":"https:\/\/masfm.com\/emisora\/wp-json\/wp\/v2\/media?parent=10525"}],"wp:term":[{"taxonomy":"category","embeddable":true,"href":"https:\/\/masfm.com\/emisora\/wp-json\/wp\/v2\/categories?post=10525"},{"taxonomy":"post_tag","embeddable":true,"href":"https:\/\/masfm.com\/emisora\/wp-json\/wp\/v2\/tags?post=10525"}],"curies":[{"name":"wp","href":"https:\/\/api.w.org\/{rel}","templated":true}]}}