{"id":10812,"date":"2019-08-20T19:47:13","date_gmt":"2019-08-20T22:47:13","guid":{"rendered":"https:\/\/www.masfm.com\/emisora\/?p=10812"},"modified":"2019-08-20T20:17:35","modified_gmt":"2019-08-20T23:17:35","slug":"bueno-y-decadente","status":"publish","type":"post","link":"https:\/\/masfm.com\/emisora\/bueno-y-decadente\/","title":{"rendered":"Bueno y Decadente."},"content":{"rendered":"<p>Tras el \u00e9xito de los sencillos \u201cAmor ft. Mon Laferte\u201d y \u201cLoco (tu forma de ser) ft. Rub\u00e9n Albarr\u00e1n\u201d, que dominaron los charts de difusi\u00f3n y las playlists m\u00e1s importantes de Latinoam\u00e9rica, Los Aut\u00e9nticos Decadentes presentan \u201cEl P\u00e1jaro vio el cielo y se vol\u00f3\u201d, con la participaci\u00f3n especial de la estrella del cuarteto Ulises Bueno, como tercer corte de difusi\u00f3n de su aclamado \u00e1lbum MTV Unplugged \u201cFiesta Nacional\u201d (Popart Discos, 2018).<\/p>\n<p>En una nueva versi\u00f3n ac\u00fastica y de impronta cuartetera, los Deca brillan una vez m\u00e1s en el arte de navegar los distintos g\u00e9neros musicales que conforman la identidad cultural y sonora de Am\u00e9rica Latina. El continente entero abraz\u00f3 la propuesta del grupo en formato unplugged, que en su recorrido de gira a lo largo de m\u00e1s de 25 conciertos en distintas ciudades cautiv\u00f3 a m\u00e1s de 120 mil personas.<\/p>\n<p>Tras deslumbrar en Santiago de Chile, Ciudad de M\u00e9xico, Monterrey, Guadalajara, Buenos Aires, Rosario, C\u00f3rdoba, La Plata, San Juan y Mendoza, la gira unplugged arras\u00f3 este \u00faltimo fin de semana en el Teatro Royal Center de Bogot\u00e1 y en el recinto Plaza Arena de Lima, ambos conciertos con entradas agotadas, como viene sucediendo a lo largo de toda la gira. Los invitados especiales fueron Jhon Pri mera y Walter Hern\u00e1ndez de Systema Solar m\u00e1s Hugo Corredor y Pablo Miranda de Los Elefantes en Colombia; mientras que en Lima se sumaron la mundialmente reconocida folclorista Eva Ayll\u00f3n y Koky Bonilla (Afrodis\u00edaco).<\/p>\n<p>Los pr\u00f3ximos shows ac\u00fasticos ser\u00e1n en Jujuy, Salta, Tucum\u00e1n y Montevideo m\u00e1s el regreso a Ciudad de M\u00e9xico y Santiago de Chile. En el mes de Mayo Los Aut\u00e9nticos Decadentes recibieron una Distinci\u00f3n Honor\u00edfica por su trayectoria y su valioso aporte a la cultura musical del continente en manos de Capif (C\u00e1mara Argentina de Productores de Fonogramas y Videogramas). Adem\u00e1s MTV Unplugged \u201cFiesta Nacional\u201d obtuvo el Premio Gardel al Mejor DVD. En su versi\u00f3n discogr\u00e1fica MTV Unplugged \u201cFiesta Nacional\u201d supera los 250 millones de streams en plataformas como Spotify y Youtube.<\/p>\n<p><img loading=\"lazy\" decoding=\"async\" class=\"alignnone size-full wp-image-10813\" src=\"https:\/\/www.masfm.com\/emisora\/wp-content\/uploads\/2019\/08\/noticias-ulises-bueno-los-autenticos-decadentes-2.jpg\" alt=\"\" width=\"690\" height=\"330\" title=\"\" srcset=\"https:\/\/masfm.com\/emisora\/wp-content\/uploads\/2019\/08\/noticias-ulises-bueno-los-autenticos-decadentes-2.jpg 690w, https:\/\/masfm.com\/emisora\/wp-content\/uploads\/2019\/08\/noticias-ulises-bueno-los-autenticos-decadentes-2-345x165.jpg 345w, https:\/\/masfm.com\/emisora\/wp-content\/uploads\/2019\/08\/noticias-ulises-bueno-los-autenticos-decadentes-2-600x287.jpg 600w, https:\/\/masfm.com\/emisora\/wp-content\/uploads\/2019\/08\/noticias-ulises-bueno-los-autenticos-decadentes-2-560x268.jpg 560w\" sizes=\"auto, (max-width: 690px) 100vw, 690px\" \/><\/p>\n","protected":false},"excerpt":{"rendered":"<p>Tras el \u00e9xito de los sencillos \u201cAmor ft. Mon Laferte\u201d y \u201cLoco (tu forma de ser) ft. Rub\u00e9n Albarr\u00e1n\u201d, que dominaron los charts de difusi\u00f3n y las playlists m\u00e1s importantes de Latinoam\u00e9rica, Los Aut\u00e9nticos Decadentes presentan \u201cEl P\u00e1jaro vio el cielo y se vol\u00f3\u201d, con la participaci\u00f3n especial de la estrella del cuarteto Ulises Bueno,&hellip;<\/p>\n","protected":false},"author":4,"featured_media":10814,"comment_status":"closed","ping_status":"open","sticky":false,"template":"","format":"video","meta":{"footnotes":""},"categories":[2],"tags":[48,47,141,46,13,14,51,45,140,23],"class_list":["post-10812","post","type-post","status-publish","format-video","has-post-thumbnail","hentry","category-noticias","tag-esporaca","tag-laradioqueseve","tag-los-autenticos-decadentes","tag-masfm959","tag-musica","tag-noticias","tag-nuevo","tag-shows","tag-ulises-bueno","tag-video","post_format-post-format-video"],"amp_enabled":true,"_links":{"self":[{"href":"https:\/\/masfm.com\/emisora\/wp-json\/wp\/v2\/posts\/10812","targetHints":{"allow":["GET"]}}],"collection":[{"href":"https:\/\/masfm.com\/emisora\/wp-json\/wp\/v2\/posts"}],"about":[{"href":"https:\/\/masfm.com\/emisora\/wp-json\/wp\/v2\/types\/post"}],"author":[{"embeddable":true,"href":"https:\/\/masfm.com\/emisora\/wp-json\/wp\/v2\/users\/4"}],"replies":[{"embeddable":true,"href":"https:\/\/masfm.com\/emisora\/wp-json\/wp\/v2\/comments?post=10812"}],"version-history":[{"count":0,"href":"https:\/\/masfm.com\/emisora\/wp-json\/wp\/v2\/posts\/10812\/revisions"}],"wp:featuredmedia":[{"embeddable":true,"href":"https:\/\/masfm.com\/emisora\/wp-json\/wp\/v2\/media\/10814"}],"wp:attachment":[{"href":"https:\/\/masfm.com\/emisora\/wp-json\/wp\/v2\/media?parent=10812"}],"wp:term":[{"taxonomy":"category","embeddable":true,"href":"https:\/\/masfm.com\/emisora\/wp-json\/wp\/v2\/categories?post=10812"},{"taxonomy":"post_tag","embeddable":true,"href":"https:\/\/masfm.com\/emisora\/wp-json\/wp\/v2\/tags?post=10812"}],"curies":[{"name":"wp","href":"https:\/\/api.w.org\/{rel}","templated":true}]}}