{"id":11362,"date":"2019-10-11T19:58:09","date_gmt":"2019-10-11T22:58:09","guid":{"rendered":"https:\/\/www.masfm.com\/emisora\/?p=11362"},"modified":"2025-07-17T02:02:43","modified_gmt":"2025-07-17T05:02:43","slug":"laligera","status":"publish","type":"post","link":"https:\/\/masfm.com\/emisora\/laligera\/","title":{"rendered":"LALI ES &#8220;LALIGERA&#8221;."},"content":{"rendered":"\n<figure class=\"wp-block-image\"><img loading=\"lazy\" decoding=\"async\" width=\"690\" height=\"330\" src=\"https:\/\/www.masfm.com\/emisora\/wp-content\/uploads\/2019\/10\/noticias-lali-esposito-12.jpg\" alt=\"Lali, la artista pop m\u00e1s importante de Argentina, presenta \u201cLALIGERA\u201d su nuevo single y videoclip que formar\u00e1 parte de su cuarto \u00e1lbum de estudio. \" class=\"wp-image-11364\" title=\"Lali, la artista pop m\u00e1s importante de Argentina, presenta \u201cLALIGERA\u201d su nuevo single y videoclip que formar\u00e1 parte de su cuarto \u00e1lbum de estudio. \" srcset=\"https:\/\/masfm.com\/emisora\/wp-content\/uploads\/2019\/10\/noticias-lali-esposito-12.jpg 690w, https:\/\/masfm.com\/emisora\/wp-content\/uploads\/2019\/10\/noticias-lali-esposito-12-345x165.jpg 345w, https:\/\/masfm.com\/emisora\/wp-content\/uploads\/2019\/10\/noticias-lali-esposito-12-600x287.jpg 600w, https:\/\/masfm.com\/emisora\/wp-content\/uploads\/2019\/10\/noticias-lali-esposito-12-560x268.jpg 560w\" sizes=\"auto, (max-width: 690px) 100vw, 690px\" \/><\/figure>\n\n\n\n<p>Lali, la artista pop M\u00e1s importante de Argentina, presenta \u201cLALIGERA\u201d su nuevo single y videoclip que formar\u00e1 parte de su cuarto \u00e1lbum de estudio. <\/p>\n\n\n\n<p>Sumado a este gran lanzamiento, Lali sigue pisando fuerte y abarcando nuevos territorios; despu\u00e9s de sus shows en Israel y en Espa\u00f1a en el marco de su gira internacional #BRAVATour, de participar del Festival \u00danicos en el Teatro Real de Madrid, y de formar parte del m\u00edtico festival Rock in Rio siendo la primera artista argentina en presentarse en tan importante evento.<\/p>\n\n\n\n<h2 class=\"wp-block-heading\">En palabras de Lali.<\/h2>\n\n\n\n<blockquote class=\"wp-block-quote is-layout-flow wp-block-quote-is-layout-flow\">\n<p>&#8220;LALIGERA es un single muy personal donde busco contarles a todos de d\u00f3nde vengo y en qu\u00e9 universos crec\u00ed. Para quienes ya me conocen, es mi manera de, despu\u00e9s de 3 discos, volver a mi lugar de inicio para comenzar un nuevo camino. Para los que no me conoc\u00edan, es una carta de presentaci\u00f3n\u201d. A nivel musical es una evoluci\u00f3n total ya que mezclo beats y sonidos nuevos, la compuse en Los \u00c1ngeles con un grupo de trabajo incre\u00edble!\u201d<\/p>\n<\/blockquote>\n\n\n\n<blockquote class=\"wp-block-quote is-layout-flow wp-block-quote-is-layout-flow\">\n<p>Esta canci\u00f3n y su t\u00edtulo proponen hablar de ir para adelante, de ser veloces, seguros, de poder ir m\u00e1s all\u00e1 del lugar donde hayas nacido. Esta canci\u00f3n cuenta que la b\u00fasqueda de la identidad es importante para cumplir el sue\u00f1o de ser una estrella (o por lo menos es importante para m\u00ed)&#8221;.<\/p>\n<\/blockquote>\n\n\n\n<p>&#8220;LALIGERA se refiere a los que lo ven con una connotaci\u00f3n negativa como a quien usa el concepto de &#8220;la ligera&#8221; para definir a \u201cuna chica r\u00e1pida\u201d en el mal sentido; lo que busco es VER conceptos errados y machistas que tenemos cuando nos referimos a mujeres y a varones con algunas palabras o adjetivos calificativos negativos y resignificarlos&#8221;.<\/p>\n\n\n\n<p>&#8220;Desde mi lugar, propongo todo un universo al cual los invito a entrar para vibrar esta nueva canci\u00f3n. \u00a1Estoy muy feliz y ansiosa!&#8221;<\/p>\n\n\n\n<p>El videoclip fue dirigido por Orco; se realiz\u00f3 en dos extensas jornadas de grabaci\u00f3n diferentes lugares de Parque Patricios, barrio que la vio crecer. <\/p>\n\n\n\n<p>Adem\u00e1s, el clip cuenta con la participaci\u00f3n de parte de su familia, sus amigas y las estrellas de televisi\u00f3n Gimena Accardi y Candela Vetrano.<\/p>\n\n\n\n<h2 class=\"wp-block-heading\" id=\"ya-lo-sumamos\">\u00a1Ya lo sumamos!<\/h2>\n\n\n\n<p>Los mejores videos de Lali ya forman parte de nuestra programaci\u00f3n, la cual desde hace M\u00e1s de dos d\u00e9cadas, la disfrut\u00e1s 100 % con im\u00e1genes.<\/p>\n\n\n\n<p>Acordate, pod\u00e9s mirarnos desde tu compu, tablet, notebook o Smart TV con s\u00f3lo&nbsp;<a href=\"https:\/\/masfm.com\/emisora\/#section-custom-content-2\" target=\"_blank\" rel=\"noreferrer noopener\">entrar ac\u00e1<\/a>.<\/p>\n\n\n\n<p>Si prefer\u00eds que la experiencia sea por medio de tu celular, bajate la App gratuitamente&nbsp;<a href=\"https:\/\/masfm.pryx.com.ar\/install\/\" target=\"_blank\" rel=\"noreferrer noopener\">desde ac\u00e1<\/a>&nbsp;y miranos desde cualquier parte del mundo, a la hora que quieras!<\/p>\n\n\n\n<p>Estamos las 24 horas con la mejor m\u00fasica y sus clips.<\/p>\n\n\n\n<h2 class=\"wp-block-heading\" id=\"registrate-a-mas-fm-95-9\">\u00a1Registrate a M\u00e1s FM 95 9!<\/h2>\n\n\n  \n  \n  <div class=\"\n    mailpoet_form_popup_overlay\n      \"><\/div>\n  <div\n    id=\"mailpoet_form_3\"\n    class=\"\n      mailpoet_form\n      mailpoet_form_html\n      mailpoet_form_position_\n      mailpoet_form_animation_\n    \"\n      >\n\n    <style type=\"text\/css\">\n     #mailpoet_form_3 .mailpoet_form {  }\n#mailpoet_form_3 .mailpoet_column_with_background { padding: 10px; }\n#mailpoet_form_3 .mailpoet_form_column:not(:first-child) { margin-left: 20px; }\n#mailpoet_form_3 .mailpoet_paragraph { line-height: 20px; margin-bottom: 20px; }\n#mailpoet_form_3 .mailpoet_segment_label, #mailpoet_form_3 .mailpoet_text_label, #mailpoet_form_3 .mailpoet_textarea_label, #mailpoet_form_3 .mailpoet_select_label, #mailpoet_form_3 .mailpoet_radio_label, #mailpoet_form_3 .mailpoet_checkbox_label, #mailpoet_form_3 .mailpoet_list_label, #mailpoet_form_3 .mailpoet_date_label { display: block; font-weight: normal; }\n#mailpoet_form_3 .mailpoet_text, #mailpoet_form_3 .mailpoet_textarea, #mailpoet_form_3 .mailpoet_select, #mailpoet_form_3 .mailpoet_date_month, #mailpoet_form_3 .mailpoet_date_day, #mailpoet_form_3 .mailpoet_date_year, #mailpoet_form_3 .mailpoet_date { display: block; }\n#mailpoet_form_3 .mailpoet_text, #mailpoet_form_3 .mailpoet_textarea { width: 200px; }\n#mailpoet_form_3 .mailpoet_checkbox {  }\n#mailpoet_form_3 .mailpoet_submit {  }\n#mailpoet_form_3 .mailpoet_divider {  }\n#mailpoet_form_3 .mailpoet_message {  }\n#mailpoet_form_3 .mailpoet_form_loading { width: 30px; text-align: center; line-height: normal; }\n#mailpoet_form_3 .mailpoet_form_loading > span { width: 5px; height: 5px; background-color: #5b5b5b; }#mailpoet_form_3{border-radius: 0px;text-align: left;}#mailpoet_form_3 form.mailpoet_form {padding: 20px;}#mailpoet_form_3{width: 100%;}#mailpoet_form_3 .mailpoet_message {margin: 0; padding: 0 20px;}#mailpoet_form_3 .mailpoet_paragraph.last {margin-bottom: 0} @media (max-width: 500px) {#mailpoet_form_3 {background-image: none;}} @media (min-width: 500px) {#mailpoet_form_3 .last .mailpoet_paragraph:last-child {margin-bottom: 0}}  @media (max-width: 500px) {#mailpoet_form_3 .mailpoet_form_column:last-child .mailpoet_paragraph:last-child {margin-bottom: 0}} \n    <\/style>\n\n    <form\n      target=\"_self\"\n      method=\"post\"\n      action=\"https:\/\/masfm.com\/emisora\/wp-admin\/admin-post.php?action=mailpoet_subscription_form\"\n      class=\"mailpoet_form mailpoet_form_form mailpoet_form_html\"\n      novalidate\n      data-delay=\"\"\n      data-exit-intent-enabled=\"\"\n      data-font-family=\"\"\n      data-cookie-expiration-time=\"\"\n    >\n      <input type=\"hidden\" name=\"data[form_id]\" value=\"3\" \/>\n      <input type=\"hidden\" name=\"token\" value=\"90e16a1c19\" \/>\n      <input type=\"hidden\" name=\"api_version\" value=\"v1\" \/>\n      <input type=\"hidden\" name=\"endpoint\" value=\"subscribers\" \/>\n      <input type=\"hidden\" name=\"mailpoet_method\" value=\"subscribe\" \/>\n\n      <label class=\"mailpoet_hp_email_label\" style=\"display: none !important;\">Please leave this field empty<input type=\"email\" name=\"data[email]\"\/><\/label><div class='mailpoet_form_columns_container'><div class=\"mailpoet_form_columns mailpoet_paragraph mailpoet_stack_on_mobile\"><div class=\"mailpoet_form_column\"><div class=\"mailpoet_paragraph \"><input type=\"text\" autocomplete=\"given-name\" class=\"mailpoet_text\" id=\"form_first_name_3\" name=\"data[form_field_Mjg5ZDFmYWM5ZDQ5X2ZpcnN0X25hbWU=]\" title=\"Nombre\" value=\"\" style=\"width:100%;box-sizing:border-box;padding:5px;margin: 0 auto 0 0;\" data-automation-id=\"form_first_name\"  placeholder=\"Nombre\" aria-label=\"Nombre\" data-parsley-errors-container=\".mailpoet_error_l8knv\" data-parsley-names='[&quot;Please specify a valid name.&quot;,&quot;Addresses in names are not permitted, please add your name instead.&quot;]'\/><span class=\"mailpoet_error_l8knv\"><\/span><\/div>\n<\/div>\n<div class=\"mailpoet_form_column\"><div class=\"mailpoet_paragraph \"><input type=\"email\" autocomplete=\"email\" class=\"mailpoet_text\" id=\"form_email_3\" name=\"data[form_field_OGY2ODJhNTQxZjUxX2VtYWls]\" title=\"TU MAIL:\" value=\"\" style=\"width:100%;box-sizing:border-box;padding:5px;margin: 0 auto 0 0;\" data-automation-id=\"form_email\"  placeholder=\"TU MAIL: *\" aria-label=\"TU MAIL: *\" data-parsley-errors-container=\".mailpoet_error_18qka\" data-parsley-required=\"true\" required aria-required=\"true\" data-parsley-minlength=\"6\" data-parsley-maxlength=\"150\" data-parsley-type-message=\"This value should be a valid email.\" data-parsley-required-message=\"This field is required.\"\/><span class=\"mailpoet_error_18qka\"><\/span><\/div>\n<\/div>\n<div class=\"mailpoet_form_column\"><div class=\"mailpoet_paragraph \"><input type=\"submit\" class=\"mailpoet_submit\" value=\"SUMATE YA!\" data-automation-id=\"subscribe-submit-button\" style=\"width:100%;box-sizing:border-box;padding:5px;margin: 0 auto 0 0;border-color:transparent;\" \/><span class=\"mailpoet_form_loading\"><span class=\"mailpoet_bounce1\"><\/span><span class=\"mailpoet_bounce2\"><\/span><span class=\"mailpoet_bounce3\"><\/span><\/span><\/div>\n<\/div>\n<\/div><\/div>\n<div class='mailpoet_form_columns_container'><div class=\"mailpoet_form_columns mailpoet_paragraph mailpoet_stack_on_mobile\"><div class=\"mailpoet_form_column\"><\/div>\n<div class=\"mailpoet_form_column\"><\/div>\n<\/div><\/div>\n\n      <div class=\"mailpoet_message\">\n        <p class=\"mailpoet_validate_success\"\n                style=\"display:none;\"\n                >Revisa tu bandeja de entrada o la carpeta de spam para confirmar tu suscripci\u00f3n.\n        <\/p>\n        <p class=\"mailpoet_validate_error\"\n                style=\"display:none;\"\n                >        <\/p>\n      <\/div>\n    <\/form>\n\n      <\/div>\n\n  \n\n\n<figure class=\"wp-block-image\"><img loading=\"lazy\" decoding=\"async\" width=\"690\" height=\"330\" src=\"https:\/\/www.masfm.com\/emisora\/wp-content\/uploads\/2019\/10\/noticias-lali-esposito-12.jpg\" alt=\"Lali, la artista pop m\u00e1s importante de Argentina, presenta \u201cLALIGERA\u201d su nuevo single y videoclip que formar\u00e1 parte de su cuarto \u00e1lbum de estudio. \" class=\"wp-image-11364\" title=\"Lali, la artista pop m\u00e1s importante de Argentina, presenta \u201cLALIGERA\u201d su nuevo single y videoclip que formar\u00e1 parte de su cuarto \u00e1lbum de estudio. \" srcset=\"https:\/\/masfm.com\/emisora\/wp-content\/uploads\/2019\/10\/noticias-lali-esposito-12.jpg 690w, https:\/\/masfm.com\/emisora\/wp-content\/uploads\/2019\/10\/noticias-lali-esposito-12-345x165.jpg 345w, https:\/\/masfm.com\/emisora\/wp-content\/uploads\/2019\/10\/noticias-lali-esposito-12-600x287.jpg 600w, https:\/\/masfm.com\/emisora\/wp-content\/uploads\/2019\/10\/noticias-lali-esposito-12-560x268.jpg 560w\" sizes=\"auto, (max-width: 690px) 100vw, 690px\" \/><\/figure>\n\n\n\n<p><\/p>\n","protected":false},"excerpt":{"rendered":"<p>Lali, la artista pop M\u00e1s importante de Argentina, presenta \u201cLALIGERA\u201d su nuevo single y videoclip que formar\u00e1 parte de su cuarto \u00e1lbum de estudio. Sumado a este gran lanzamiento, Lali sigue pisando fuerte y abarcando nuevos territorios; despu\u00e9s de sus shows en Israel y en Espa\u00f1a en el marco de su gira internacional #BRAVATour, de&hellip;<\/p>\n","protected":false},"author":4,"featured_media":11365,"comment_status":"closed","ping_status":"open","sticky":false,"template":"","format":"video","meta":{"footnotes":""},"categories":[2],"tags":[48,11,188,47,46,13,14,23],"class_list":["post-11362","post","type-post","status-publish","format-video","has-post-thumbnail","hentry","category-noticias","tag-esporaca","tag-interes-gral","tag-lali-esposito","tag-laradioqueseve","tag-masfm959","tag-musica","tag-noticias","tag-video","post_format-post-format-video"],"amp_enabled":true,"_links":{"self":[{"href":"https:\/\/masfm.com\/emisora\/wp-json\/wp\/v2\/posts\/11362","targetHints":{"allow":["GET"]}}],"collection":[{"href":"https:\/\/masfm.com\/emisora\/wp-json\/wp\/v2\/posts"}],"about":[{"href":"https:\/\/masfm.com\/emisora\/wp-json\/wp\/v2\/types\/post"}],"author":[{"embeddable":true,"href":"https:\/\/masfm.com\/emisora\/wp-json\/wp\/v2\/users\/4"}],"replies":[{"embeddable":true,"href":"https:\/\/masfm.com\/emisora\/wp-json\/wp\/v2\/comments?post=11362"}],"version-history":[{"count":0,"href":"https:\/\/masfm.com\/emisora\/wp-json\/wp\/v2\/posts\/11362\/revisions"}],"wp:featuredmedia":[{"embeddable":true,"href":"https:\/\/masfm.com\/emisora\/wp-json\/wp\/v2\/media\/11365"}],"wp:attachment":[{"href":"https:\/\/masfm.com\/emisora\/wp-json\/wp\/v2\/media?parent=11362"}],"wp:term":[{"taxonomy":"category","embeddable":true,"href":"https:\/\/masfm.com\/emisora\/wp-json\/wp\/v2\/categories?post=11362"},{"taxonomy":"post_tag","embeddable":true,"href":"https:\/\/masfm.com\/emisora\/wp-json\/wp\/v2\/tags?post=11362"}],"curies":[{"name":"wp","href":"https:\/\/api.w.org\/{rel}","templated":true}]}}