{"id":11538,"date":"2019-10-22T00:57:04","date_gmt":"2019-10-22T03:57:04","guid":{"rendered":"https:\/\/www.masfm.com\/emisora\/?p=11538"},"modified":"2025-07-13T05:06:26","modified_gmt":"2025-07-13T08:06:26","slug":"cancion-para-septiembre-de-bambi","status":"publish","type":"post","link":"https:\/\/masfm.com\/emisora\/cancion-para-septiembre-de-bambi\/","title":{"rendered":"&#8220;CANCI\u00d3N PARA SEPTIEMBRE&#8221; DE BAMBI."},"content":{"rendered":"\n<figure class=\"wp-block-image\"><img loading=\"lazy\" decoding=\"async\" width=\"690\" height=\"330\" src=\"https:\/\/www.masfm.com\/emisora\/wp-content\/uploads\/2019\/07\/noticias-bambi-6.jpg\" alt=\"Bambi present\u00f3 su nuevo video, &quot;Canci\u00f3n para septiembre&quot;. \" class=\"wp-image-10444\" title=\"Bambi present\u00f3 su nuevo video, &quot;Canci\u00f3n para septiembre&quot;. \" srcset=\"https:\/\/masfm.com\/emisora\/wp-content\/uploads\/2019\/07\/noticias-bambi-6.jpg 690w, https:\/\/masfm.com\/emisora\/wp-content\/uploads\/2019\/07\/noticias-bambi-6-345x165.jpg 345w, https:\/\/masfm.com\/emisora\/wp-content\/uploads\/2019\/07\/noticias-bambi-6-600x287.jpg 600w, https:\/\/masfm.com\/emisora\/wp-content\/uploads\/2019\/07\/noticias-bambi-6-560x268.jpg 560w\" sizes=\"auto, (max-width: 690px) 100vw, 690px\" \/><\/figure>\n\n\n\n<p><a href=\"https:\/\/www.masfm.com\/emisora\/?s=bambi\" target=\"_blank\" rel=\"noopener noreferrer\">Bambi<\/a> present\u00f3 su nuevo video, &#8220;Canci\u00f3n para septiembre&#8221;. <\/p>\n\n\n\n<p>Se trata de un tema inspirado en una leyenda de primavera, transmitida de boca en boca, que dice que cuando el reloj marca la hora cero del 21 de septiembre, justo antes de producirse el cambio de equinoccio, al cerrar los ojos, uno puede visualizar el momento M\u00e1s feliz de su vida: la infancia.<\/p>\n\n\n\n<p>El m\u00fasico, hermano de <a href=\"https:\/\/www.masfm.com\/emisora\/?s=chano\" target=\"_blank\" rel=\"noopener noreferrer\">Chano<\/a> y ex integrante de<a href=\"https:\/\/masfm.com\/emisora\/?s=tan+bionica\"> Tan Bi\u00f3nica<\/a>, cont\u00f3 la historia: <\/p>\n\n\n\n<blockquote class=\"wp-block-quote is-layout-flow wp-block-quote-is-layout-flow\">\n<p>&#8220;Se trata de esa maravillosa c\u00e1psula que se produce entre la ni\u00f1ez y la adolescencia. Algunos te\u00f3ricos apuntan que este m\u00e1gico ciclo se transita entre los 6 y los 11 a\u00f1os.<\/p>\n<\/blockquote>\n\n\n\n<blockquote class=\"wp-block-quote is-layout-flow wp-block-quote-is-layout-flow\">\n<p>Pero los cronistas de la antigua Grecia atribu\u00edan la llegada de ese momento al retorno de Pers\u00e9fone, hija de Dem\u00e9ter y Zeus, protagonista del mito de la primavera. La joven, que hab\u00eda sido raptada y llevada al mundo de las sombras y tinieblas, obligada a convertirse en la esposa de Hades, finalmente retornaba al regazo de su madre para poder disfrutar de la luz del sol&#8221;, describi\u00f3 Bambi.<\/p>\n<\/blockquote>\n\n\n\n<p>&#8220;Canci\u00f3n para septiembre&#8221;, es el cuarto adelanto del disco que el artista prepara para comienzos de 2020. A principios de a\u00f1o, Bambi se present\u00f3 en el festival <a href=\"https:\/\/www.masfm.com\/emisora\/?s=Lollapalooza\" target=\"_blank\" rel=\"noopener noreferrer\">Lollapalooza<\/a> y en agosto fue el turno de Niceto, donde tambi\u00e9n sonaron cortes anteriores como \u201c<a href=\"https:\/\/www.masfm.com\/emisora\/?s=El+ilusionista\" target=\"_blank\" rel=\"noopener noreferrer\">El ilusionista<\/a>\u201d, \u201c<a href=\"https:\/\/www.masfm.com\/emisora\/?s=Vuelve+a+casa\" target=\"_blank\" rel=\"noopener noreferrer\">Vuelve a casa<\/a>\u201d y \u201c<a href=\"https:\/\/www.masfm.com\/emisora\/?s=De+nuevo\" target=\"_blank\" rel=\"noopener noreferrer\">De nuevo<\/a>\u201d (cortina de Showmatch).<\/p>\n\n\n\n<h3 class=\"wp-block-heading\">Letra de Canci\u00f3n para Septiembre de Bambi.<\/h3>\n\n\n\n<p>Amaneci\u00f3 por \u00faltima vez<br>\nLa Primavera sobre tu piel<br>\nFui cruel, la noche que me hablabas<br>\nContra la pared<\/p>\n\n\n\n<p>Se congel\u00f3 en este papel<br>\nLa magia de nuestro pincel<br>\nYo s\u00e9 bien, no necesito todo<br>\nLo que vos ten\u00e9s<\/p>\n\n\n\n<p>Canciones tristes<br>\nAlgo tiene que volver<\/p>\n\n\n\n<p>No lo ves?, aunque me tires yo voy de pie<br>\nY ahora es inevitable florecer<br>\nRecord\u00e9 cerrar los ojos para caer<br>\nEsta vez me transform\u00e9 para no volver<\/p>\n\n\n\n<p>Se fractur\u00f3 el coraz\u00f3n<br>\nEn la batalla de la raz\u00f3n<br>\nEsta bien, no puede darte todo<br>\nLo que vos quer\u00e9s<\/p>\n\n\n\n<p>Palabras bellas<br>\nBajo un cielo sin estrellas<\/p>\n\n\n\n<p>No lo ves?, aunque me tires yo voy de pie<br>\nY ahora es inevitable florecer<br>\nRecord\u00e9 cerrar los ojos para caer<br>\nEsta vez me transform\u00e9 para no Volver<br>\nNo lo ves?, aunque me tires yo voy de pie<br>\nY ahora es inevitable florecer<br>\nNo lo ves?, aunque me tires yo voy de pie<br>\nY es inevitable florecer<br>\nInevitable florecer<\/p>\n\n\n\n<p>Record\u00e9 cerrar los ojos para caer<br> Esta vez me transform\u00e9 para no volver.<\/p>\n\n\n\n<h2 class=\"wp-block-heading\" id=\"ya-lo-sumamos\">\u00a1Ya lo sumamos!<\/h2>\n\n\n\n<p>Los mejores videos de Bambi, Chano y Tan Bi\u00f3nica ya forman parte de nuestra programaci\u00f3n, la cual desde hace M\u00e1s de dos d\u00e9cadas, la disfrut\u00e1s 100 % con im\u00e1genes.<\/p>\n\n\n\n<p>Acordate, pod\u00e9s mirarnos desde tu compu, tablet, notebook o Smart TV con s\u00f3lo&nbsp;<a href=\"https:\/\/masfm.com\/emisora\/#section-custom-content-2\" target=\"_blank\" rel=\"noreferrer noopener\">entrar ac\u00e1<\/a>.<\/p>\n\n\n\n<p>Si prefer\u00eds que la experiencia sea por medio de tu celular, bajate la App gratuitamente&nbsp;<a href=\"https:\/\/masfm.pryx.com.ar\/install\/\" target=\"_blank\" rel=\"noreferrer noopener\">desde ac\u00e1<\/a>&nbsp;y miranos desde cualquier parte del mundo, a la hora que quieras!<\/p>\n\n\n\n<p>Estamos las 24 horas con la mejor m\u00fasica y sus clips.<\/p>\n\n\n\n<h2 class=\"wp-block-heading\" id=\"registrate-a-mas-fm-95-9\">\u00a1Registrate a M\u00e1s FM 95 9!<\/h2>\n\n\n  \n  \n  <div class=\"\n    mailpoet_form_popup_overlay\n      \"><\/div>\n  <div\n    id=\"mailpoet_form_3\"\n    class=\"\n      mailpoet_form\n      mailpoet_form_html\n      mailpoet_form_position_\n      mailpoet_form_animation_\n    \"\n      >\n\n    <style type=\"text\/css\">\n     #mailpoet_form_3 .mailpoet_form {  }\n#mailpoet_form_3 .mailpoet_column_with_background { padding: 10px; }\n#mailpoet_form_3 .mailpoet_form_column:not(:first-child) { margin-left: 20px; }\n#mailpoet_form_3 .mailpoet_paragraph { line-height: 20px; margin-bottom: 20px; }\n#mailpoet_form_3 .mailpoet_segment_label, #mailpoet_form_3 .mailpoet_text_label, #mailpoet_form_3 .mailpoet_textarea_label, #mailpoet_form_3 .mailpoet_select_label, #mailpoet_form_3 .mailpoet_radio_label, #mailpoet_form_3 .mailpoet_checkbox_label, #mailpoet_form_3 .mailpoet_list_label, #mailpoet_form_3 .mailpoet_date_label { display: block; font-weight: normal; }\n#mailpoet_form_3 .mailpoet_text, #mailpoet_form_3 .mailpoet_textarea, #mailpoet_form_3 .mailpoet_select, #mailpoet_form_3 .mailpoet_date_month, #mailpoet_form_3 .mailpoet_date_day, #mailpoet_form_3 .mailpoet_date_year, #mailpoet_form_3 .mailpoet_date { display: block; }\n#mailpoet_form_3 .mailpoet_text, #mailpoet_form_3 .mailpoet_textarea { width: 200px; }\n#mailpoet_form_3 .mailpoet_checkbox {  }\n#mailpoet_form_3 .mailpoet_submit {  }\n#mailpoet_form_3 .mailpoet_divider {  }\n#mailpoet_form_3 .mailpoet_message {  }\n#mailpoet_form_3 .mailpoet_form_loading { width: 30px; text-align: center; line-height: normal; }\n#mailpoet_form_3 .mailpoet_form_loading > span { width: 5px; height: 5px; background-color: #5b5b5b; }#mailpoet_form_3{border-radius: 0px;text-align: left;}#mailpoet_form_3 form.mailpoet_form {padding: 20px;}#mailpoet_form_3{width: 100%;}#mailpoet_form_3 .mailpoet_message {margin: 0; padding: 0 20px;}#mailpoet_form_3 .mailpoet_paragraph.last {margin-bottom: 0} @media (max-width: 500px) {#mailpoet_form_3 {background-image: none;}} @media (min-width: 500px) {#mailpoet_form_3 .last .mailpoet_paragraph:last-child {margin-bottom: 0}}  @media (max-width: 500px) {#mailpoet_form_3 .mailpoet_form_column:last-child .mailpoet_paragraph:last-child {margin-bottom: 0}} \n    <\/style>\n\n    <form\n      target=\"_self\"\n      method=\"post\"\n      action=\"https:\/\/masfm.com\/emisora\/wp-admin\/admin-post.php?action=mailpoet_subscription_form\"\n      class=\"mailpoet_form mailpoet_form_form mailpoet_form_html\"\n      novalidate\n      data-delay=\"\"\n      data-exit-intent-enabled=\"\"\n      data-trigger-mode=\"\"\n      data-click-trigger-selector=\"\"\n      data-font-family=\"\"\n      data-cookie-expiration-time=\"\"\n    >\n      <input type=\"hidden\" name=\"data[form_id]\" value=\"3\" \/>\n      <input type=\"hidden\" name=\"token\" value=\"f13e444c72\" \/>\n      <input type=\"hidden\" name=\"api_version\" value=\"v1\" \/>\n      <input type=\"hidden\" name=\"endpoint\" value=\"subscribers\" \/>\n      <input type=\"hidden\" name=\"mailpoet_method\" value=\"subscribe\" \/>\n\n      <label class=\"mailpoet_hp_email_label\" style=\"display: none !important;\">Please leave this field empty<input type=\"email\" name=\"data[email]\"\/><\/label><div class='mailpoet_form_columns_container'><div class=\"mailpoet_form_columns mailpoet_paragraph mailpoet_stack_on_mobile\"><div class=\"mailpoet_form_column\"><div class=\"mailpoet_paragraph \"><input type=\"text\" autocomplete=\"given-name\" class=\"mailpoet_text\" id=\"form_first_name_3\" name=\"data[form_field_Mjg5ZDFmYWM5ZDQ5X2ZpcnN0X25hbWU=]\" title=\"Nombre\" value=\"\" style=\"width:100%;box-sizing:border-box;padding:5px;margin: 0 auto 0 0;\" data-automation-id=\"form_first_name\"  placeholder=\"Nombre\" aria-label=\"Nombre\" data-parsley-errors-container=\".mailpoet_error_f07gz\" data-parsley-names='[&quot;Please specify a valid name.&quot;,&quot;Addresses in names are not permitted, please add your name instead.&quot;]'\/><span class=\"mailpoet_error_f07gz\"><\/span><\/div>\n<\/div>\n<div class=\"mailpoet_form_column\"><div class=\"mailpoet_paragraph \"><input type=\"email\" autocomplete=\"email\" class=\"mailpoet_text\" id=\"form_email_3\" name=\"data[form_field_OGY2ODJhNTQxZjUxX2VtYWls]\" title=\"TU MAIL:\" value=\"\" style=\"width:100%;box-sizing:border-box;padding:5px;margin: 0 auto 0 0;\" data-automation-id=\"form_email\"  placeholder=\"TU MAIL: *\" aria-label=\"TU MAIL: *\" data-parsley-errors-container=\".mailpoet_error_15hao\" data-parsley-required=\"true\" required aria-required=\"true\" data-parsley-minlength=\"6\" data-parsley-maxlength=\"150\" data-parsley-type-message=\"This value should be a valid email.\" data-parsley-required-message=\"This field is required.\"\/><span class=\"mailpoet_error_15hao\"><\/span><\/div>\n<\/div>\n<div class=\"mailpoet_form_column\"><div class=\"mailpoet_paragraph \"><input type=\"submit\" class=\"mailpoet_submit\" value=\"SUMATE YA!\" data-automation-id=\"subscribe-submit-button\" style=\"width:100%;box-sizing:border-box;padding:5px;margin: 0 auto 0 0;border-color:transparent;\" \/><span class=\"mailpoet_form_loading\"><span class=\"mailpoet_bounce1\"><\/span><span class=\"mailpoet_bounce2\"><\/span><span class=\"mailpoet_bounce3\"><\/span><\/span><\/div>\n<\/div>\n<\/div><\/div>\n<div class='mailpoet_form_columns_container'><div class=\"mailpoet_form_columns mailpoet_paragraph mailpoet_stack_on_mobile\"><div class=\"mailpoet_form_column\"><\/div>\n<div class=\"mailpoet_form_column\"><\/div>\n<\/div><\/div>\n\n      <div class=\"mailpoet_message\">\n        <p class=\"mailpoet_validate_success\"\n                style=\"display:none;\"\n                >Revisa tu bandeja de entrada o la carpeta de spam para confirmar tu suscripci\u00f3n.\n        <\/p>\n        <p class=\"mailpoet_validate_error\"\n                style=\"display:none;\"\n                >        <\/p>\n      <\/div>\n    <\/form>\n\n      <\/div>\n\n  \n\n\n<figure class=\"wp-block-image\"><img loading=\"lazy\" decoding=\"async\" width=\"690\" height=\"330\" src=\"https:\/\/www.masfm.com\/emisora\/wp-content\/uploads\/2019\/07\/noticias-bambi-6.jpg\" alt=\"Bambi present\u00f3 su nuevo video, &quot;Canci\u00f3n para septiembre&quot;. \" class=\"wp-image-10444\" title=\"Bambi present\u00f3 su nuevo video, &quot;Canci\u00f3n para septiembre&quot;. \" srcset=\"https:\/\/masfm.com\/emisora\/wp-content\/uploads\/2019\/07\/noticias-bambi-6.jpg 690w, https:\/\/masfm.com\/emisora\/wp-content\/uploads\/2019\/07\/noticias-bambi-6-345x165.jpg 345w, https:\/\/masfm.com\/emisora\/wp-content\/uploads\/2019\/07\/noticias-bambi-6-600x287.jpg 600w, https:\/\/masfm.com\/emisora\/wp-content\/uploads\/2019\/07\/noticias-bambi-6-560x268.jpg 560w\" sizes=\"auto, (max-width: 690px) 100vw, 690px\" \/><\/figure>\n\n\n\n<p><\/p>\n","protected":false},"excerpt":{"rendered":"<p>Bambi present\u00f3 su nuevo video, &#8220;Canci\u00f3n para septiembre&#8221;. Se trata de un tema inspirado en una leyenda de primavera, transmitida de boca en boca, que dice que cuando el reloj marca la hora cero del 21 de septiembre, justo antes de producirse el cambio de equinoccio, al cerrar los ojos, uno puede visualizar el momento&hellip;<\/p>\n","protected":false},"author":4,"featured_media":10445,"comment_status":"closed","ping_status":"open","sticky":false,"template":"","format":"video","meta":{"footnotes":""},"categories":[2],"tags":[78,48,11,47,46,13,14,23],"class_list":["post-11538","post","type-post","status-publish","format-video","has-post-thumbnail","hentry","category-noticias","tag-bambi","tag-esporaca","tag-interes-gral","tag-laradioqueseve","tag-masfm959","tag-musica","tag-noticias","tag-video","post_format-post-format-video"],"amp_enabled":true,"_links":{"self":[{"href":"https:\/\/masfm.com\/emisora\/wp-json\/wp\/v2\/posts\/11538","targetHints":{"allow":["GET"]}}],"collection":[{"href":"https:\/\/masfm.com\/emisora\/wp-json\/wp\/v2\/posts"}],"about":[{"href":"https:\/\/masfm.com\/emisora\/wp-json\/wp\/v2\/types\/post"}],"author":[{"embeddable":true,"href":"https:\/\/masfm.com\/emisora\/wp-json\/wp\/v2\/users\/4"}],"replies":[{"embeddable":true,"href":"https:\/\/masfm.com\/emisora\/wp-json\/wp\/v2\/comments?post=11538"}],"version-history":[{"count":0,"href":"https:\/\/masfm.com\/emisora\/wp-json\/wp\/v2\/posts\/11538\/revisions"}],"wp:featuredmedia":[{"embeddable":true,"href":"https:\/\/masfm.com\/emisora\/wp-json\/wp\/v2\/media\/10445"}],"wp:attachment":[{"href":"https:\/\/masfm.com\/emisora\/wp-json\/wp\/v2\/media?parent=11538"}],"wp:term":[{"taxonomy":"category","embeddable":true,"href":"https:\/\/masfm.com\/emisora\/wp-json\/wp\/v2\/categories?post=11538"},{"taxonomy":"post_tag","embeddable":true,"href":"https:\/\/masfm.com\/emisora\/wp-json\/wp\/v2\/tags?post=11538"}],"curies":[{"name":"wp","href":"https:\/\/api.w.org\/{rel}","templated":true}]}}