{"id":11613,"date":"2019-10-28T11:56:44","date_gmt":"2019-10-28T14:56:44","guid":{"rendered":"https:\/\/www.masfm.com\/emisora\/?p=11613"},"modified":"2025-07-13T19:29:06","modified_gmt":"2025-07-13T22:29:06","slug":"cardigan-de-kurt-cobain-costo","status":"publish","type":"post","link":"https:\/\/masfm.com\/emisora\/cardigan-de-kurt-cobain-costo\/","title":{"rendered":"SE SUBAST\u00d3 EL CARDIGAN DE KURT COBAIN"},"content":{"rendered":"\n<figure class=\"wp-block-image\"><img loading=\"lazy\" decoding=\"async\" width=\"690\" height=\"330\" src=\"https:\/\/www.masfm.com\/emisora\/wp-content\/uploads\/2019\/10\/noticias-kurt-cobain-4.jpg\" alt=\"El c\u00e1rdigan verde que Kurt Cobain luci\u00f3 en 1993 en el show de Nirvana en el MTV Unplugged, se vendi\u00f3 en una suma r\u00e9cord en una subasta en el Hard Rock Caf\u00e9 de Nueva York.\" class=\"wp-image-11378\" title=\"El c\u00e1rdigan verde que Kurt Cobain luci\u00f3 en 1993 en el show de Nirvana en el MTV Unplugged, se vendi\u00f3 en una suma r\u00e9cord en una subasta en el Hard Rock Caf\u00e9 de Nueva York.\" srcset=\"https:\/\/masfm.com\/emisora\/wp-content\/uploads\/2019\/10\/noticias-kurt-cobain-4.jpg 690w, https:\/\/masfm.com\/emisora\/wp-content\/uploads\/2019\/10\/noticias-kurt-cobain-4-345x165.jpg 345w, https:\/\/masfm.com\/emisora\/wp-content\/uploads\/2019\/10\/noticias-kurt-cobain-4-600x287.jpg 600w, https:\/\/masfm.com\/emisora\/wp-content\/uploads\/2019\/10\/noticias-kurt-cobain-4-560x268.jpg 560w\" sizes=\"auto, (max-width: 690px) 100vw, 690px\" \/><\/figure>\n\n\n\n<h2 class=\"wp-block-heading\">Cu\u00e1nto cost\u00f3 ser el due\u00f1o del cardigan de Kurt Cobain.<\/h2>\n\n\n\n<p>El c\u00e1rdigan verde que <a href=\"https:\/\/masfm.com\/emisora\/?s=Kurt+Cobain\" target=\"_blank\" rel=\"noopener noreferrer\">Kurt Cobain<\/a> luci\u00f3 en 1993 en el show de <a href=\"https:\/\/www.masfm.com\/emisora\/?s=Nirvana\" target=\"_blank\" rel=\"noopener noreferrer\">Nirvana<\/a> en el MTV Unplugged, se vendi\u00f3 en una suma r\u00e9cord en una subasta en el Hard Rock Caf\u00e9 de Nueva York.<\/p>\n\n\n\n<p>Kurt Cobain llev\u00f3 el c\u00e1rdigan de la marca Manhattan, de acr\u00edlico y mohair, con un agujero quemado, en la ic\u00f3nica actuaci\u00f3n que qued\u00f3 registrada en un \u00e1lbum y es considerado como una de las prendas M\u00e1s famosas de la historia de la m\u00fasica. <\/p>\n\n\n\n<p>Ahora, tambi\u00e9n la consideramos una de las M\u00e1s cara, ya que por la prenda se pag\u00f3 \u00a0334.000 d\u00f3lares.<\/p>\n\n\n\n<figure class=\"wp-block-image alignnone size-full wp-image-11377\"><img loading=\"lazy\" decoding=\"async\" width=\"439\" height=\"601\" src=\"https:\/\/www.masfm.com\/emisora\/wp-content\/uploads\/2019\/10\/nirvana-cardigan-Kurt-Cobain.jpg\" alt=\"El c\u00e1rdigan verde que Kurt Cobain luci\u00f3 en 1993 en el show de Nirvana en el MTV Unplugged, se vendi\u00f3 en una suma r\u00e9cord en una subasta en el Hard Rock Caf\u00e9 de Nueva York.\" class=\"wp-image-11377\" title=\"El c\u00e1rdigan verde que Kurt Cobain luci\u00f3 en 1993 en el show de Nirvana en el MTV Unplugged, se vendi\u00f3 en una suma r\u00e9cord en una subasta en el Hard Rock Caf\u00e9 de Nueva York.\" srcset=\"https:\/\/masfm.com\/emisora\/wp-content\/uploads\/2019\/10\/nirvana-cardigan-Kurt-Cobain.jpg 439w, https:\/\/masfm.com\/emisora\/wp-content\/uploads\/2019\/10\/nirvana-cardigan-Kurt-Cobain-241x330.jpg 241w\" sizes=\"auto, (max-width: 439px) 100vw, 439px\" \/><\/figure>\n\n\n\n<p><a href=\"https:\/\/masfm.com\/emisora\/?s=Courtney+Love\" target=\"_blank\" rel=\"noopener noreferrer\">Courtney Love<\/a>, quien en aquellos d\u00edas era pareja de Cobain, le dio el su\u00e9ter a su asistente personal Jackie Farry, que fue la ni\u00f1era de la hija que tuvieron en com\u00fan, Frances Bean Cobain, de acuerdo a una carta firmada por la mujer.<\/p>\n\n\n\n<p>Otro de los art\u00edculos destacados de la subasta tambi\u00e9n perteneci\u00f3 a Cobain: su guitarra Fender Mustang, dise\u00f1ada para zurdos y personalizada en color turquesa, que se vendi\u00f3 por 340.000 junto a una carta de Love en la que la describe que era uno de los instrumentos favoritos del l\u00edder de <a href=\"https:\/\/masfm.com\/emisora\/?s=nirvana\" target=\"_blank\" rel=\"noreferrer noopener\">Nirvana<\/a>.<\/p>\n\n\n\n<h2 class=\"wp-block-heading\" id=\"ya-lo-sumamos\">\u00a1Con y sin cardigan!<\/h2>\n\n\n\n<p>Los mejores videos de Nirvana ya forman parte de nuestra programaci\u00f3n, la cual desde hace M\u00e1s de dos d\u00e9cadas, la disfrut\u00e1s 100 % con im\u00e1genes.<\/p>\n\n\n\n<p>Acordate, pod\u00e9s mirarnos desde tu compu, tablet, notebook o Smart TV con s\u00f3lo&nbsp;<a href=\"https:\/\/masfm.com\/emisora\/#section-custom-content-2\" target=\"_blank\" rel=\"noreferrer noopener\">entrar ac\u00e1<\/a>.<\/p>\n\n\n\n<p>Si prefer\u00eds que la experiencia sea por medio de tu celular, bajate la App gratuitamente&nbsp;<a href=\"https:\/\/masfm.pryx.com.ar\/install\/\" target=\"_blank\" rel=\"noreferrer noopener\">desde ac\u00e1<\/a>&nbsp;y miranos desde cualquier parte del mundo, a la hora que quieras!<\/p>\n\n\n\n<p>Estamos las 24 horas con la mejor m\u00fasica y sus clips.<\/p>\n\n\n\n<h2 class=\"wp-block-heading\" id=\"registrate-a-mas-fm-95-9\">\u00a1Registrate a M\u00e1s FM 95 9!<\/h2>\n\n\n  \n  \n  <div class=\"\n    mailpoet_form_popup_overlay\n      \"><\/div>\n  <div\n    id=\"mailpoet_form_3\"\n    class=\"\n      mailpoet_form\n      mailpoet_form_html\n      mailpoet_form_position_\n      mailpoet_form_animation_\n    \"\n      >\n\n    <style type=\"text\/css\">\n     #mailpoet_form_3 .mailpoet_form {  }\n#mailpoet_form_3 .mailpoet_column_with_background { padding: 10px; }\n#mailpoet_form_3 .mailpoet_form_column:not(:first-child) { margin-left: 20px; }\n#mailpoet_form_3 .mailpoet_paragraph { line-height: 20px; margin-bottom: 20px; }\n#mailpoet_form_3 .mailpoet_segment_label, #mailpoet_form_3 .mailpoet_text_label, #mailpoet_form_3 .mailpoet_textarea_label, #mailpoet_form_3 .mailpoet_select_label, #mailpoet_form_3 .mailpoet_radio_label, #mailpoet_form_3 .mailpoet_checkbox_label, #mailpoet_form_3 .mailpoet_list_label, #mailpoet_form_3 .mailpoet_date_label { display: block; font-weight: normal; }\n#mailpoet_form_3 .mailpoet_text, #mailpoet_form_3 .mailpoet_textarea, #mailpoet_form_3 .mailpoet_select, #mailpoet_form_3 .mailpoet_date_month, #mailpoet_form_3 .mailpoet_date_day, #mailpoet_form_3 .mailpoet_date_year, #mailpoet_form_3 .mailpoet_date { display: block; }\n#mailpoet_form_3 .mailpoet_text, #mailpoet_form_3 .mailpoet_textarea { width: 200px; }\n#mailpoet_form_3 .mailpoet_checkbox {  }\n#mailpoet_form_3 .mailpoet_submit {  }\n#mailpoet_form_3 .mailpoet_divider {  }\n#mailpoet_form_3 .mailpoet_message {  }\n#mailpoet_form_3 .mailpoet_form_loading { width: 30px; text-align: center; line-height: normal; }\n#mailpoet_form_3 .mailpoet_form_loading > span { width: 5px; height: 5px; background-color: #5b5b5b; }#mailpoet_form_3{border-radius: 0px;text-align: left;}#mailpoet_form_3 form.mailpoet_form {padding: 20px;}#mailpoet_form_3{width: 100%;}#mailpoet_form_3 .mailpoet_message {margin: 0; padding: 0 20px;}#mailpoet_form_3 .mailpoet_paragraph.last {margin-bottom: 0} @media (max-width: 500px) {#mailpoet_form_3 {background-image: none;}} @media (min-width: 500px) {#mailpoet_form_3 .last .mailpoet_paragraph:last-child {margin-bottom: 0}}  @media (max-width: 500px) {#mailpoet_form_3 .mailpoet_form_column:last-child .mailpoet_paragraph:last-child {margin-bottom: 0}} \n    <\/style>\n\n    <form\n      target=\"_self\"\n      method=\"post\"\n      action=\"https:\/\/masfm.com\/emisora\/wp-admin\/admin-post.php?action=mailpoet_subscription_form\"\n      class=\"mailpoet_form mailpoet_form_form mailpoet_form_html\"\n      novalidate\n      data-delay=\"\"\n      data-exit-intent-enabled=\"\"\n      data-trigger-mode=\"\"\n      data-click-trigger-selector=\"\"\n      data-font-family=\"\"\n      data-cookie-expiration-time=\"\"\n    >\n      <input type=\"hidden\" name=\"data[form_id]\" value=\"3\" \/>\n      <input type=\"hidden\" name=\"token\" value=\"15609c62e5\" \/>\n      <input type=\"hidden\" name=\"api_version\" value=\"v1\" \/>\n      <input type=\"hidden\" name=\"endpoint\" value=\"subscribers\" \/>\n      <input type=\"hidden\" name=\"mailpoet_method\" value=\"subscribe\" \/>\n\n      <label class=\"mailpoet_hp_email_label\" style=\"display: none !important;\">Please leave this field empty<input type=\"email\" name=\"data[email]\"\/><\/label><div class='mailpoet_form_columns_container'><div class=\"mailpoet_form_columns mailpoet_paragraph mailpoet_stack_on_mobile\"><div class=\"mailpoet_form_column\"><div class=\"mailpoet_paragraph \"><input type=\"text\" autocomplete=\"given-name\" class=\"mailpoet_text\" id=\"form_first_name_3\" name=\"data[form_field_Mjg5ZDFmYWM5ZDQ5X2ZpcnN0X25hbWU=]\" title=\"Nombre\" value=\"\" style=\"width:100%;box-sizing:border-box;padding:5px;margin: 0 auto 0 0;\" data-automation-id=\"form_first_name\"  placeholder=\"Nombre\" aria-label=\"Nombre\" data-parsley-errors-container=\".mailpoet_error_78ohh\" data-parsley-names='[&quot;Please specify a valid name.&quot;,&quot;Addresses in names are not permitted, please add your name instead.&quot;]'\/><span class=\"mailpoet_error_78ohh\"><\/span><\/div>\n<\/div>\n<div class=\"mailpoet_form_column\"><div class=\"mailpoet_paragraph \"><input type=\"email\" autocomplete=\"email\" class=\"mailpoet_text\" id=\"form_email_3\" name=\"data[form_field_OGY2ODJhNTQxZjUxX2VtYWls]\" title=\"TU MAIL:\" value=\"\" style=\"width:100%;box-sizing:border-box;padding:5px;margin: 0 auto 0 0;\" data-automation-id=\"form_email\"  placeholder=\"TU MAIL: *\" aria-label=\"TU MAIL: *\" data-parsley-errors-container=\".mailpoet_error_1abim\" data-parsley-required=\"true\" required aria-required=\"true\" data-parsley-minlength=\"6\" data-parsley-maxlength=\"150\" data-parsley-type-message=\"This value should be a valid email.\" data-parsley-required-message=\"This field is required.\"\/><span class=\"mailpoet_error_1abim\"><\/span><\/div>\n<\/div>\n<div class=\"mailpoet_form_column\"><div class=\"mailpoet_paragraph \"><input type=\"submit\" class=\"mailpoet_submit\" value=\"SUMATE YA!\" data-automation-id=\"subscribe-submit-button\" style=\"width:100%;box-sizing:border-box;padding:5px;margin: 0 auto 0 0;border-color:transparent;\" \/><span class=\"mailpoet_form_loading\"><span class=\"mailpoet_bounce1\"><\/span><span class=\"mailpoet_bounce2\"><\/span><span class=\"mailpoet_bounce3\"><\/span><\/span><\/div>\n<\/div>\n<\/div><\/div>\n<div class='mailpoet_form_columns_container'><div class=\"mailpoet_form_columns mailpoet_paragraph mailpoet_stack_on_mobile\"><div class=\"mailpoet_form_column\"><\/div>\n<div class=\"mailpoet_form_column\"><\/div>\n<\/div><\/div>\n\n      <div class=\"mailpoet_message\">\n        <p class=\"mailpoet_validate_success\"\n                style=\"display:none;\"\n                >Revisa tu bandeja de entrada o la carpeta de spam para confirmar tu suscripci\u00f3n.\n        <\/p>\n        <p class=\"mailpoet_validate_error\"\n                style=\"display:none;\"\n                >        <\/p>\n      <\/div>\n    <\/form>\n\n      <\/div>\n\n  \n\n\n<figure class=\"wp-block-image\"><img loading=\"lazy\" decoding=\"async\" width=\"690\" height=\"330\" src=\"https:\/\/www.masfm.com\/emisora\/wp-content\/uploads\/2019\/10\/noticias-kurt-cobain-4.jpg\" alt=\"El c\u00e1rdigan verde que Kurt Cobain luci\u00f3 en 1993 en el show de Nirvana en el MTV Unplugged, se vendi\u00f3 en una suma r\u00e9cord en una subasta en el Hard Rock Caf\u00e9 de Nueva York.\" class=\"wp-image-11378\" title=\"El c\u00e1rdigan verde que Kurt Cobain luci\u00f3 en 1993 en el show de Nirvana en el MTV Unplugged, se vendi\u00f3 en una suma r\u00e9cord en una subasta en el Hard Rock Caf\u00e9 de Nueva York.\" srcset=\"https:\/\/masfm.com\/emisora\/wp-content\/uploads\/2019\/10\/noticias-kurt-cobain-4.jpg 690w, https:\/\/masfm.com\/emisora\/wp-content\/uploads\/2019\/10\/noticias-kurt-cobain-4-345x165.jpg 345w, https:\/\/masfm.com\/emisora\/wp-content\/uploads\/2019\/10\/noticias-kurt-cobain-4-600x287.jpg 600w, https:\/\/masfm.com\/emisora\/wp-content\/uploads\/2019\/10\/noticias-kurt-cobain-4-560x268.jpg 560w\" sizes=\"auto, (max-width: 690px) 100vw, 690px\" \/><\/figure>\n\n\n\n<p><\/p>\n","protected":false},"excerpt":{"rendered":"<p>Cu\u00e1nto cost\u00f3 ser el due\u00f1o del cardigan de Kurt Cobain. El c\u00e1rdigan verde que Kurt Cobain luci\u00f3 en 1993 en el show de Nirvana en el MTV Unplugged, se vendi\u00f3 en una suma r\u00e9cord en una subasta en el Hard Rock Caf\u00e9 de Nueva York. Kurt Cobain llev\u00f3 el c\u00e1rdigan de la marca Manhattan, de&hellip;<\/p>\n","protected":false},"author":4,"featured_media":9899,"comment_status":"closed","ping_status":"open","sticky":false,"template":"","format":"video","meta":{"footnotes":""},"categories":[2],"tags":[48,11,201,47,46,13,200,14,24],"class_list":["post-11613","post","type-post","status-publish","format-video","has-post-thumbnail","hentry","category-noticias","tag-esporaca","tag-interes-gral","tag-kurt-cobain","tag-laradioqueseve","tag-masfm959","tag-musica","tag-nirvana","tag-noticias","tag-videos","post_format-post-format-video"],"amp_enabled":true,"_links":{"self":[{"href":"https:\/\/masfm.com\/emisora\/wp-json\/wp\/v2\/posts\/11613","targetHints":{"allow":["GET"]}}],"collection":[{"href":"https:\/\/masfm.com\/emisora\/wp-json\/wp\/v2\/posts"}],"about":[{"href":"https:\/\/masfm.com\/emisora\/wp-json\/wp\/v2\/types\/post"}],"author":[{"embeddable":true,"href":"https:\/\/masfm.com\/emisora\/wp-json\/wp\/v2\/users\/4"}],"replies":[{"embeddable":true,"href":"https:\/\/masfm.com\/emisora\/wp-json\/wp\/v2\/comments?post=11613"}],"version-history":[{"count":0,"href":"https:\/\/masfm.com\/emisora\/wp-json\/wp\/v2\/posts\/11613\/revisions"}],"wp:featuredmedia":[{"embeddable":true,"href":"https:\/\/masfm.com\/emisora\/wp-json\/wp\/v2\/media\/9899"}],"wp:attachment":[{"href":"https:\/\/masfm.com\/emisora\/wp-json\/wp\/v2\/media?parent=11613"}],"wp:term":[{"taxonomy":"category","embeddable":true,"href":"https:\/\/masfm.com\/emisora\/wp-json\/wp\/v2\/categories?post=11613"},{"taxonomy":"post_tag","embeddable":true,"href":"https:\/\/masfm.com\/emisora\/wp-json\/wp\/v2\/tags?post=11613"}],"curies":[{"name":"wp","href":"https:\/\/api.w.org\/{rel}","templated":true}]}}