{"id":11623,"date":"2019-10-28T19:31:26","date_gmt":"2019-10-28T22:31:26","guid":{"rendered":"https:\/\/www.masfm.com\/emisora\/?p=11623"},"modified":"2023-09-21T00:05:36","modified_gmt":"2023-09-21T03:05:36","slug":"andres-calamaro-agotado","status":"publish","type":"post","link":"https:\/\/masfm.com\/emisora\/andres-calamaro-agotado\/","title":{"rendered":"Andr\u00e9s Calamaro agotado."},"content":{"rendered":"<h2>Sold out para &#8220;El Salm\u00f3n&#8221;.<\/h2>\n<p>Andr\u00e9s Calamaro volver\u00e1 a tocar en la capital porte\u00f1a el pr\u00f3ximo 5 de diciembre en el Buenos Aires Arena y ya est\u00e1 agotado, no quedan entradas para su show.<\/p>\n<p>Tras cuatro a\u00f1os sin tocar en la Ciudad, El Salm\u00f3n cerrar\u00e1 su gira con las butacas llenas.<\/p>\n<p>Cargar la Suerte es el \u00faltimo trabajo discogr\u00e1fico de <a href=\"https:\/\/masfm.com\/emisora\/?s=Andr%C3%A9s+Calamaro\" target=\"_blank\" rel=\"noopener noreferrer\">Andr\u00e9s Calamaro<\/a> y fue presentado en vivo en las principales ciudades de Espa\u00f1a. Luego fue el turno de la Argentina y el resto de Latinoam\u00e9rica.<\/p>\n<p>Se espera que al igual que en el resto de la gira, el show de Buenos Aires mezcle naturalmente sus cl\u00e1sicos con las nuevas canciones del \u00e1lbum.<\/p>\n<p>El disco le vali\u00f3 a Andr\u00e9s cuatro nominaciones a los Grammy Latinos y lo convirti\u00f3 en el m\u00fasico argentino m\u00e1s nominado de la premiaci\u00f3n.<\/p>\n<p>\u00c1lbum del a\u00f1o, Mejor \u00c1lbum Pop\/Rock, Grabaci\u00f3n del A\u00f1o y Mejor Canci\u00f3n de Rock por \u201c<a href=\"https:\/\/masfm.com\/emisora\/?s=Verdades+afiladas\" target=\"_blank\" rel=\"noopener noreferrer\">Verdades afiladas<\/a>\u201d son las categor\u00edas que disputar\u00e1 el artista el pr\u00f3ximo 14 de diciembre en Las Vegas.<\/p>\n<p>Andr\u00e9s Calamaro agotado pero acordate, toda la info llega antes a tu celu gracias a nuestra App. <a href=\"https:\/\/masfm.com\/app\" target=\"_blank\" rel=\"noopener noreferrer\">Bajala ahora mismo<\/a> y no te pierda nada!<\/p>\n<h2>Letra de Verdades Afiladas de Andr\u00e9s Calamaro.<\/h2>\n<div class=\"ujudUb\">Atrapado por verdades afiladas<br aria-hidden=\"true\" \/>Que me van a lastimar de todos modos<br aria-hidden=\"true\" \/>Despedirse de una carta tiene eso<br aria-hidden=\"true\" \/>No es lo mismo despedirse con un beso<\/div>\n<div class=\"ujudUb\">Voy a olvidarte en cuanto pueda<br aria-hidden=\"true\" \/>Si no existo a tu lado, ya no existo<br aria-hidden=\"true\" \/>Hemos visto muchas cosas en la vida<br aria-hidden=\"true\" \/>Lo prohibido se permite mucho juego<\/div>\n<div class=\"ujudUb\">Que se apague el fuego<br aria-hidden=\"true\" \/>Que tengo dentro del pecho<br aria-hidden=\"true\" \/>O que vuelvas para serle infiel conmigo<\/div>\n<div class=\"ujudUb\">Que se apague el fuego<br aria-hidden=\"true\" \/>Que quema dentro del pecho<br aria-hidden=\"true\" \/>O que vuelvas para serle infiel conmigo<\/div>\n<div class=\"ujudUb\">De la rosa, me qued\u00e9 con las espinas<br aria-hidden=\"true\" \/>Si creyeras en las oportunidades<br aria-hidden=\"true\" \/>Si no fueran afiladas las verdades<br aria-hidden=\"true\" \/>Ya no seguir\u00e9 sangrando las heridas<\/div>\n<div class=\"ujudUb\">Lo prohibido es una forma de vida<br aria-hidden=\"true\" \/>S\u00f3lo espero que se apague de repente el recuerdo<br aria-hidden=\"true\" \/>Y conf\u00edo en la promesa del olvido<\/div>\n<div class=\"ujudUb\">De que se apague el fuego<br aria-hidden=\"true\" \/>Que quema dentro del pecho<br aria-hidden=\"true\" \/>A que vuelvas para complicar conmigo<\/div>\n<div class=\"ujudUb WRZytc\">Que se acabe este juego<br aria-hidden=\"true\" \/>Que todos salen perdiendo<br aria-hidden=\"true\" \/>Y que vuelvas para serle infiel<br aria-hidden=\"true\" \/>Porque no va a ser igual con \u00e9l<br aria-hidden=\"true\" \/>Y que vuelvas para serle infiel conmigo<\/div>\n<h4>Registate!<\/h4>\n<div><div class=\"widget_wysija_cont shortcode_wysija\"><div id=\"msg-form-wysija-shortcode69ef5ef94eaea-1\" class=\"wysija-msg ajax\"><\/div><form id=\"form-wysija-shortcode69ef5ef94eaea-1\" method=\"post\" action=\"#wysija\" class=\"widget_wysija shortcode_wysija\">\n<p class=\"wysija-paragraph\">\n    \n    \n    \t<input type=\"text\" name=\"wysija[user][firstname]\" class=\"wysija-input validate[required]\" title=\"Tu nombre\" placeholder=\"Tu nombre\" value=\"\" \/>\n    \n    \n    \n    <span class=\"abs-req\">\n        <input type=\"text\" name=\"wysija[user][abs][firstname]\" class=\"wysija-input validated[abs][firstname]\" value=\"\" \/>\n    <\/span>\n    \n<\/p>\n<p class=\"wysija-paragraph\">\n    \n    \n    \t<input type=\"text\" name=\"wysija[user][email]\" class=\"wysija-input validate[required,custom[email]]\" title=\"Tu correo\" placeholder=\"Tu correo\" value=\"\" \/>\n    \n    \n    \n    <span class=\"abs-req\">\n        <input type=\"text\" name=\"wysija[user][abs][email]\" class=\"wysija-input validated[abs][email]\" value=\"\" \/>\n    <\/span>\n    \n<\/p>\n\n<input class=\"wysija-submit wysija-submit-field\" type=\"submit\" value=\"Sumate!\" \/>\n\n    <input type=\"hidden\" name=\"form_id\" value=\"1\" \/>\n    <input type=\"hidden\" name=\"action\" value=\"save\" \/>\n    <input type=\"hidden\" name=\"controller\" value=\"subscribers\" \/>\n    <input type=\"hidden\" value=\"1\" name=\"wysija-page\" \/>\n\n    \n        <input type=\"hidden\" name=\"wysija[user_list][list_ids]\" value=\"1\" \/>\n    \n <\/form><\/div><\/div>\n<p><img loading=\"lazy\" decoding=\"async\" class=\"alignnone wp-image-11624 size-full\" title=\"andres-calamaro-agotado\" src=\"https:\/\/masfm.com\/emisora\/wp-content\/uploads\/2019\/10\/noticias-andr\u00e9s-calamaro-salm\u00f3n-m\u00e1s-fm-95-9-santa-fe-online.jpg\" alt=\"andres-calamaro-agotado\" width=\"690\" height=\"330\" srcset=\"https:\/\/masfm.com\/emisora\/wp-content\/uploads\/2019\/10\/noticias-andr\u00e9s-calamaro-salm\u00f3n-m\u00e1s-fm-95-9-santa-fe-online.jpg 690w, https:\/\/masfm.com\/emisora\/wp-content\/uploads\/2019\/10\/noticias-andr\u00e9s-calamaro-salm\u00f3n-m\u00e1s-fm-95-9-santa-fe-online-345x165.jpg 345w, https:\/\/masfm.com\/emisora\/wp-content\/uploads\/2019\/10\/noticias-andr\u00e9s-calamaro-salm\u00f3n-m\u00e1s-fm-95-9-santa-fe-online-600x287.jpg 600w, https:\/\/masfm.com\/emisora\/wp-content\/uploads\/2019\/10\/noticias-andr\u00e9s-calamaro-salm\u00f3n-m\u00e1s-fm-95-9-santa-fe-online-560x268.jpg 560w\" sizes=\"auto, (max-width: 690px) 100vw, 690px\" \/><\/p>\n","protected":false},"excerpt":{"rendered":"<p>Sold out para &#8220;El Salm\u00f3n&#8221;. Andr\u00e9s Calamaro volver\u00e1 a tocar en la capital porte\u00f1a el pr\u00f3ximo 5 de diciembre en el Buenos Aires Arena y ya est\u00e1 agotado, no quedan entradas para su show. Tras cuatro a\u00f1os sin tocar en la Ciudad, El Salm\u00f3n cerrar\u00e1 su gira con las butacas llenas. Cargar la Suerte es&hellip;<\/p>\n","protected":false},"author":4,"featured_media":11625,"comment_status":"closed","ping_status":"open","sticky":false,"template":"","format":"video","meta":{"footnotes":""},"categories":[2],"tags":[127,48,11,47,46,13,14,45,24],"class_list":["post-11623","post","type-post","status-publish","format-video","has-post-thumbnail","hentry","category-noticias","tag-andres-calamaro","tag-esporaca","tag-interes-gral","tag-laradioqueseve","tag-masfm959","tag-musica","tag-noticias","tag-shows","tag-videos","post_format-post-format-video"],"amp_enabled":true,"_links":{"self":[{"href":"https:\/\/masfm.com\/emisora\/wp-json\/wp\/v2\/posts\/11623","targetHints":{"allow":["GET"]}}],"collection":[{"href":"https:\/\/masfm.com\/emisora\/wp-json\/wp\/v2\/posts"}],"about":[{"href":"https:\/\/masfm.com\/emisora\/wp-json\/wp\/v2\/types\/post"}],"author":[{"embeddable":true,"href":"https:\/\/masfm.com\/emisora\/wp-json\/wp\/v2\/users\/4"}],"replies":[{"embeddable":true,"href":"https:\/\/masfm.com\/emisora\/wp-json\/wp\/v2\/comments?post=11623"}],"version-history":[{"count":0,"href":"https:\/\/masfm.com\/emisora\/wp-json\/wp\/v2\/posts\/11623\/revisions"}],"wp:featuredmedia":[{"embeddable":true,"href":"https:\/\/masfm.com\/emisora\/wp-json\/wp\/v2\/media\/11625"}],"wp:attachment":[{"href":"https:\/\/masfm.com\/emisora\/wp-json\/wp\/v2\/media?parent=11623"}],"wp:term":[{"taxonomy":"category","embeddable":true,"href":"https:\/\/masfm.com\/emisora\/wp-json\/wp\/v2\/categories?post=11623"},{"taxonomy":"post_tag","embeddable":true,"href":"https:\/\/masfm.com\/emisora\/wp-json\/wp\/v2\/tags?post=11623"}],"curies":[{"name":"wp","href":"https:\/\/api.w.org\/{rel}","templated":true}]}}