{"id":12954,"date":"2020-06-25T10:38:04","date_gmt":"2020-06-25T13:38:04","guid":{"rendered":"https:\/\/www.masfm.com\/emisora\/?p=12954"},"modified":"2020-06-25T10:38:04","modified_gmt":"2020-06-25T13:38:04","slug":"la-renga-estrena-video","status":"publish","type":"post","link":"https:\/\/masfm.com\/emisora\/la-renga-estrena-video\/","title":{"rendered":"LA RENGA ESTRENA VIDEO."},"content":{"rendered":"<p>La Renga estrena video de lo que ser\u00e1 su pr\u00f3ximo disco.<\/p>\n<p>&#8220;En Bicicleta&#8221; es el quinto adelanto de <a href=\"https:\/\/www.masfm.com\/emisora\/?s=la+renga\" target=\"_blank\" rel=\"noopener noreferrer\">la banda<\/a> de su nuevo trabajo, que fue grabado y mezclado por Matias Gon\u00e7alves en los estudios de Ezeiza durante el 2019, y como los anteriores, tambi\u00e9n viene con video. El mismo fue dirigido por Diego Stokelj y Sebasti\u00e1n Arcidi\u00e1cono y las im\u00e1genes de los m\u00fasicos fueron grabadas en sus casas y filmadas y producidas por sus familias.<\/p>\n<blockquote><p>&#8220;Un levantado contra la intemperie y todo lo que vendr\u00e1\u201d<\/p><\/blockquote>\n<h4>Ficha T\u00e9cnica.<\/h4>\n<p>&#8220;En Bicicleta&#8221;, Grabado en estudios de La Renga durante el a\u00f1o 2019.<br \/>\nFue mezclado y Masterizado en &#8220;El S\u00e9ptimo Tri\u00e1ngulo&#8221; en Mayo del 2020.<br \/>\nIngeniero de Grabaci\u00f3n, Mezcla y Master: Matias Gon\u00e7alves.<br \/>\nAsistente de audio: Alejandro Russo<br \/>\nDirecci\u00f3n: Diego Stokelj\/Sebasti\u00e1n Arcidi\u00e1cono<br \/>\nAnimaciones: Facundo Cobbe<br \/>\nEdici\u00f3n y Post Producci\u00f3n: Sebasti\u00e1n Arcidi\u00e1cono\/Gustavo Cataldi<br \/>\nDibujos: Juan Videla<br \/>\nFilmaci\u00f3n y Producci\u00f3n: Silvina, Caro, Mariana, Yani, Wayra, Lila,<br \/>\nLihuel, Tupac y Gael<br \/>\nFilmaci\u00f3n Monociclo: Flor Iba\u00f1ez y Gast\u00f3n Mu\u00f1oz<br \/>\nTimbre: Ema, Eloisa, Luciana e Ito<br \/>\nDise\u00f1o para redes: Marina Pisano<br \/>\nProducci\u00f3n: Leandro Cosentino y Martin Lopez<\/p>\n<h4>Letra de &#8220;En bicicleta&#8221;.<\/h4>\n<p>Un cometa pas\u00f3<br \/>\nY un adi\u00f3s se oy\u00f3 a lo lejos<br \/>\nY un segundo es el mar<br \/>\nD\u00f3nde nada tu reflejo<\/p>\n<p>Cuando escalo pisando<br \/>\nLa memoria de las piedras<br \/>\nAtr\u00e1s escucho la puerta<br \/>\nQue se cierra<\/p>\n<p>Somos la sombra que cruza<br \/>\nEsta trampa de luz<br \/>\nToda la vida ese clavo<br \/>\nQue te fijar\u00e1 a la cruz<\/p>\n<p>Pero yo s\u00e9 que todo<br \/>\nPuede tener m\u00e1s brillo<br \/>\nSi alguien est\u00e1 clavando<br \/>\nLe saco el martillo<\/p>\n<p>Quiso el fugaz episodio<br \/>\nEn en viento que solo sabe arrastrar<br \/>\nUn levantado contra la intemperie<br \/>\nY todo lo que vendr\u00e1<\/p>\n<p>Nunca te dir\u00e9 adi\u00f3s<br \/>\nCuando todo se marchita<br \/>\nCreo que hay eternidad<br \/>\nCuando el tiempo se encapricha<\/p>\n<p>Somos la sombra que cruza<br \/>\nComo aquel cometa<br \/>\nY solo sali a dar una vuelta<br \/>\nEn bicicleta<\/p>\n<p>Quiso el fugaz episodio<br \/>\nEn el viento que solo sabe arrastrar<br \/>\nUn levantado contra la intemperie<br \/>\nY todo lo que vendr\u00e1<\/p>\n<p>La Renga estrena video y nosotros estamos felices de poder compartirlo con ustedes durante la programaci\u00f3n de la radio. Acordate que nos ves en tu compu, tablet y Smart TV desde masfm.com y con tu celu gracias a nuestra App. Bajala gratis <a href=\"https:\/\/masfm.pryx.com.ar\/install\/\" target=\"_blank\" rel=\"noopener noreferrer\">desde ac\u00e1<\/a>.<\/p>\n<h4>Sumate a la radio!<\/h4>\n<div class=\"widget_wysija_cont shortcode_wysija\"><div id=\"msg-form-wysija-shortcode69edbaa57a1f6-1\" class=\"wysija-msg ajax\"><\/div><form id=\"form-wysija-shortcode69edbaa57a1f6-1\" method=\"post\" action=\"#wysija\" class=\"widget_wysija shortcode_wysija\">\n<p class=\"wysija-paragraph\">\n    \n    \n    \t<input type=\"text\" name=\"wysija[user][firstname]\" class=\"wysija-input validate[required]\" title=\"Tu nombre\" placeholder=\"Tu nombre\" value=\"\" \/>\n    \n    \n    \n    <span class=\"abs-req\">\n        <input type=\"text\" name=\"wysija[user][abs][firstname]\" class=\"wysija-input validated[abs][firstname]\" value=\"\" \/>\n    <\/span>\n    \n<\/p>\n<p class=\"wysija-paragraph\">\n    \n    \n    \t<input type=\"text\" name=\"wysija[user][email]\" class=\"wysija-input validate[required,custom[email]]\" title=\"Tu correo\" placeholder=\"Tu correo\" value=\"\" \/>\n    \n    \n    \n    <span class=\"abs-req\">\n        <input type=\"text\" name=\"wysija[user][abs][email]\" class=\"wysija-input validated[abs][email]\" value=\"\" \/>\n    <\/span>\n    \n<\/p>\n\n<input class=\"wysija-submit wysija-submit-field\" type=\"submit\" value=\"Sumate!\" \/>\n\n    <input type=\"hidden\" name=\"form_id\" value=\"1\" \/>\n    <input type=\"hidden\" name=\"action\" value=\"save\" \/>\n    <input type=\"hidden\" name=\"controller\" value=\"subscribers\" \/>\n    <input type=\"hidden\" value=\"1\" name=\"wysija-page\" \/>\n\n    \n        <input type=\"hidden\" name=\"wysija[user_list][list_ids]\" value=\"1\" \/>\n    \n <\/form><\/div>\n<p><img loading=\"lazy\" decoding=\"async\" class=\"alignnone wp-image-12956 size-full\" title=\"noticias-la-renga-estrena-video-m\u00e1s-fm-95.9-online-santa-fe\" src=\"https:\/\/www.masfm.com\/emisora\/wp-content\/uploads\/2020\/06\/noticias-la-renga-estrena-video-m\u00e1s-fm-95.9-online-santa-fe-2.jpg\" alt=\"noticias-la-renga-estrena-video-m\u00e1s-fm-95.9-online-santa-fe\" width=\"690\" height=\"330\" srcset=\"https:\/\/masfm.com\/emisora\/wp-content\/uploads\/2020\/06\/noticias-la-renga-estrena-video-m\u00e1s-fm-95.9-online-santa-fe-2.jpg 690w, https:\/\/masfm.com\/emisora\/wp-content\/uploads\/2020\/06\/noticias-la-renga-estrena-video-m\u00e1s-fm-95.9-online-santa-fe-2-345x165.jpg 345w, https:\/\/masfm.com\/emisora\/wp-content\/uploads\/2020\/06\/noticias-la-renga-estrena-video-m\u00e1s-fm-95.9-online-santa-fe-2-600x287.jpg 600w\" sizes=\"auto, (max-width: 690px) 100vw, 690px\" \/><\/p>\n<div><\/div>\n","protected":false},"excerpt":{"rendered":"<p>La Renga estrena video de lo que ser\u00e1 su pr\u00f3ximo disco. &#8220;En Bicicleta&#8221; es el quinto adelanto de la banda de su nuevo trabajo, que fue grabado y mezclado por Matias Gon\u00e7alves en los estudios de Ezeiza durante el 2019, y como los anteriores, tambi\u00e9n viene con video. El mismo fue dirigido por Diego Stokelj&hellip;<\/p>\n","protected":false},"author":4,"featured_media":12957,"comment_status":"closed","ping_status":"open","sticky":false,"template":"","format":"video","meta":{"footnotes":""},"categories":[2],"tags":[48,11,92,47,46,13,14,51,24,23],"class_list":["post-12954","post","type-post","status-publish","format-video","has-post-thumbnail","hentry","category-noticias","tag-esporaca","tag-interes-gral","tag-la-renga","tag-laradioqueseve","tag-masfm959","tag-musica","tag-noticias","tag-nuevo","tag-videos","tag-video","post_format-post-format-video"],"amp_enabled":true,"_links":{"self":[{"href":"https:\/\/masfm.com\/emisora\/wp-json\/wp\/v2\/posts\/12954","targetHints":{"allow":["GET"]}}],"collection":[{"href":"https:\/\/masfm.com\/emisora\/wp-json\/wp\/v2\/posts"}],"about":[{"href":"https:\/\/masfm.com\/emisora\/wp-json\/wp\/v2\/types\/post"}],"author":[{"embeddable":true,"href":"https:\/\/masfm.com\/emisora\/wp-json\/wp\/v2\/users\/4"}],"replies":[{"embeddable":true,"href":"https:\/\/masfm.com\/emisora\/wp-json\/wp\/v2\/comments?post=12954"}],"version-history":[{"count":0,"href":"https:\/\/masfm.com\/emisora\/wp-json\/wp\/v2\/posts\/12954\/revisions"}],"wp:featuredmedia":[{"embeddable":true,"href":"https:\/\/masfm.com\/emisora\/wp-json\/wp\/v2\/media\/12957"}],"wp:attachment":[{"href":"https:\/\/masfm.com\/emisora\/wp-json\/wp\/v2\/media?parent=12954"}],"wp:term":[{"taxonomy":"category","embeddable":true,"href":"https:\/\/masfm.com\/emisora\/wp-json\/wp\/v2\/categories?post=12954"},{"taxonomy":"post_tag","embeddable":true,"href":"https:\/\/masfm.com\/emisora\/wp-json\/wp\/v2\/tags?post=12954"}],"curies":[{"name":"wp","href":"https:\/\/api.w.org\/{rel}","templated":true}]}}