{"id":12959,"date":"2020-06-25T11:07:31","date_gmt":"2020-06-25T14:07:31","guid":{"rendered":"https:\/\/www.masfm.com\/emisora\/?p=12959"},"modified":"2020-06-25T11:07:31","modified_gmt":"2020-06-25T14:07:31","slug":"montanas-de-amor-estelares","status":"publish","type":"post","link":"https:\/\/masfm.com\/emisora\/montanas-de-amor-estelares\/","title":{"rendered":"MONTA\u00d1AS DE AMOR"},"content":{"rendered":"<p>Si de celebrar melod\u00edas que calan hondo en el sentir popular se trata, no hay lugar a dudas que Estelares se vuelve a anotar como una de las bandas m\u00e1s representativas. En esta oportunidad con &#8220;Monta\u00f1as de amor&#8221;, una canci\u00f3n cuya energ\u00eda invita a emocionarse primero y a sonre\u00edr despu\u00e9s. Todas esas sensaciones que se transitan cuando &#8220;pasa la tormenta&#8221;.<\/p>\n<p>El nuevo corte de <a href=\"https:\/\/www.masfm.com\/emisora\/?s=estelares\" target=\"_blank\" rel=\"noopener noreferrer\">la banda de Juan Manuel Moretti<\/a>, viene acompa\u00f1ado por un videoclip de animaci\u00f3n art\u00edstico, donde la idea se bas\u00f3 en el v\u00ednculo como &#8220;salvavidas&#8221;. La uni\u00f3n como sost\u00e9n del amor.<\/p>\n<p>El mismo fue realizado por Juan Mat\u00edas Loiseau, m\u00e1s conocido como \u201cTute\u201d, donde navega dentro del universo de sus dibujos para contar una historia que tiene como leitmotiv al amor. Sentimiento representado en monta\u00f1as que nos deja al borde de un abismo, como as\u00ed tambi\u00e9n en un bote que nos ayuda a mantenernos a flote.<\/p>\n<h4>Cr\u00e9ditos del video &#8220;Monta\u00f1as de amor&#8221;.<\/h4>\n<p>Dibujos Tute<br \/>\nGui\u00f3n: Pilar Vell\u00f3n y Tute<br \/>\nDirecci\u00f3n y producci\u00f3n: Pilar Vell\u00f3n<br \/>\nEdici\u00f3n y animaci\u00f3n: Mariana Fernandez<br \/>\nAsistente de animaci\u00f3n: Luciano Patrenostre<\/p>\n<h4>Letra de &#8220;Monta\u00f1as de amor&#8221;.<\/h4>\n<p>Cruz\u00e1bamos con fe la ciudad<br \/>\nHabl\u00e1bamos de un salto mortal<br \/>\nLlev\u00e1bamos monta\u00f1as de amor<br \/>\nTe conoc\u00ed en silencio y en flor<\/p>\n<h4>Te bes\u00e9 (Te bes\u00e9)<br \/>\nMe ca\u00ed (Me ca\u00ed)<br \/>\nTe re\u00edste de m\u00ed<br \/>\nDesvestida<br \/>\nTe re\u00edste de m\u00ed<\/h4>\n<p>Corr\u00edan r\u00edos por la ciudad<br \/>\nLa gente nos miraba al pasar<br \/>\nLuc\u00edas toda monumental<br \/>\nLa gente te adoraba al pasar<\/p>\n<p>Te bes\u00e9 (Te bes\u00e9)<br \/>\nMe ca\u00ed (Me ca\u00ed)<br \/>\nTe re\u00edste de m\u00ed<br \/>\nYa sin ropas<br \/>\nTe re\u00edste de m\u00ed<\/p>\n<h4>Y hoy por fin no estamos en el fondo del mar<br \/>\nY hoy navegamos en las olas del sol<br \/>\nY hoy por fin no estamos en el fondo del mar<br \/>\nTe re\u00edste de m\u00ed<\/h4>\n<p>Luc\u00edas toda monumental<br \/>\nLa gente te adoraba al pasar<br \/>\nLlev\u00e1bamos monta\u00f1as de amor<br \/>\nTe conoc\u00ed en silencio y en flor<\/p>\n<p>Te bes\u00e9 (Te bes\u00e9)<br \/>\nMe ca\u00ed (Me ca\u00ed)<br \/>\nTe re\u00edste de m\u00ed<br \/>\nDesvestida<br \/>\nTe re\u00edste de m\u00ed<\/p>\n<p>Y hoy por fin no estamos en el fondo del mar<br \/>\nY hoy navegamos en las olas del sol<br \/>\nY hoy por fin no estamos en el fondo del mar<br \/>\nTe re\u00edste de m\u00ed.<\/p>\n<h4>Las Lunas.<\/h4>\n<p>Acerca de \u201cLas Lunas&#8221; (Popart discos, 2019), es un disco con diez canciones, diez episodios acerca de (por fin) el encuentro. El encuentro con un otro, el encuentro con uno mismo.<\/p>\n<p>El t\u00edtulo del octavo material de estudio de la banda refieren a dos \u00e1mbitos, el primero all\u00ed donde Las Lunas se presentan como s\u00edmbolo de la femineidad. El otro es el \u00e1mbito temporal, medir el tiempo seg\u00fan pasan Las Lunas. Un tiempo cuya medida son las lunas vividas.<\/p>\n<h4>Track list.<\/h4>\n<p>01 Hecho un mono<br \/>\n02 R\u00edos de lava<br \/>\n03 Este misterio<br \/>\n04 Las Lunas<br \/>\n05 Monta\u00f1as de amor<br \/>\n06 Los Cielos parlantes<br \/>\n07 Tu Partida<br \/>\n08 Horneros cantantes<br \/>\n09 Una guitarra<br \/>\n10 Se rompe el pasto<\/p>\n<p>&#8220;Monta\u00f1as de amor&#8221; se suma a todos los videos que Estelares ya tiene durante la programaci\u00f3n de la M\u00e1s. Vos pod\u00e9s vernos desde tu compu, tablet o Smart TV entrando en nuestra Web (masfm.com) o si prefer\u00eds, miranos en tu celu gracias a la App de la radio. Bajala gratis <a href=\"https:\/\/masfm.pryx.com.ar\/install\/\" target=\"_blank\" rel=\"noopener noreferrer\">desde ac\u00e1<\/a>.<\/p>\n<h4>Sumate a la radio!<\/h4>\n<div class=\"widget_wysija_cont shortcode_wysija\"><div id=\"msg-form-wysija-shortcode69eda338adbd9-1\" class=\"wysija-msg ajax\"><\/div><form id=\"form-wysija-shortcode69eda338adbd9-1\" method=\"post\" action=\"#wysija\" class=\"widget_wysija shortcode_wysija\">\n<p class=\"wysija-paragraph\">\n    \n    \n    \t<input type=\"text\" name=\"wysija[user][firstname]\" class=\"wysija-input validate[required]\" title=\"Tu nombre\" placeholder=\"Tu nombre\" value=\"\" \/>\n    \n    \n    \n    <span class=\"abs-req\">\n        <input type=\"text\" name=\"wysija[user][abs][firstname]\" class=\"wysija-input validated[abs][firstname]\" value=\"\" \/>\n    <\/span>\n    \n<\/p>\n<p class=\"wysija-paragraph\">\n    \n    \n    \t<input type=\"text\" name=\"wysija[user][email]\" class=\"wysija-input validate[required,custom[email]]\" title=\"Tu correo\" placeholder=\"Tu correo\" value=\"\" \/>\n    \n    \n    \n    <span class=\"abs-req\">\n        <input type=\"text\" name=\"wysija[user][abs][email]\" class=\"wysija-input validated[abs][email]\" value=\"\" \/>\n    <\/span>\n    \n<\/p>\n\n<input class=\"wysija-submit wysija-submit-field\" type=\"submit\" value=\"Sumate!\" \/>\n\n    <input type=\"hidden\" name=\"form_id\" value=\"1\" \/>\n    <input type=\"hidden\" name=\"action\" value=\"save\" \/>\n    <input type=\"hidden\" name=\"controller\" value=\"subscribers\" \/>\n    <input type=\"hidden\" value=\"1\" name=\"wysija-page\" \/>\n\n    \n        <input type=\"hidden\" name=\"wysija[user_list][list_ids]\" value=\"1\" \/>\n    \n <\/form><\/div>\n<p><img loading=\"lazy\" decoding=\"async\" class=\"alignnone wp-image-12960 size-full\" title=\"noticias-estelares-estrena-monta\u00f1as-de-amor-video-letra-m\u00e1s-fm-95.9-online-santa-fe\" src=\"https:\/\/www.masfm.com\/emisora\/wp-content\/uploads\/2020\/06\/noticias-estelares-estrena-monta\u00f1as-de-amor-video-letra-m\u00e1s-fm-95.9-online-santa-fe-2.jpg\" alt=\"noticias-estelares-estrena-monta\u00f1as-de-amor-video-letra-m\u00e1s-fm-95.9-online-santa-fe\" width=\"690\" height=\"330\" srcset=\"https:\/\/masfm.com\/emisora\/wp-content\/uploads\/2020\/06\/noticias-estelares-estrena-monta\u00f1as-de-amor-video-letra-m\u00e1s-fm-95.9-online-santa-fe-2.jpg 690w, https:\/\/masfm.com\/emisora\/wp-content\/uploads\/2020\/06\/noticias-estelares-estrena-monta\u00f1as-de-amor-video-letra-m\u00e1s-fm-95.9-online-santa-fe-2-345x165.jpg 345w, https:\/\/masfm.com\/emisora\/wp-content\/uploads\/2020\/06\/noticias-estelares-estrena-monta\u00f1as-de-amor-video-letra-m\u00e1s-fm-95.9-online-santa-fe-2-600x287.jpg 600w\" sizes=\"auto, (max-width: 690px) 100vw, 690px\" \/><\/p>\n","protected":false},"excerpt":{"rendered":"<p>Si de celebrar melod\u00edas que calan hondo en el sentir popular se trata, no hay lugar a dudas que Estelares se vuelve a anotar como una de las bandas m\u00e1s representativas. En esta oportunidad con &#8220;Monta\u00f1as de amor&#8221;, una canci\u00f3n cuya energ\u00eda invita a emocionarse primero y a sonre\u00edr despu\u00e9s. Todas esas sensaciones que se&hellip;<\/p>\n","protected":false},"author":4,"featured_media":12961,"comment_status":"closed","ping_status":"open","sticky":false,"template":"","format":"video","meta":{"footnotes":""},"categories":[2],"tags":[48,117,11,47,46,13,14,51,24,23],"class_list":["post-12959","post","type-post","status-publish","format-video","has-post-thumbnail","hentry","category-noticias","tag-esporaca","tag-estelares","tag-interes-gral","tag-laradioqueseve","tag-masfm959","tag-musica","tag-noticias","tag-nuevo","tag-videos","tag-video","post_format-post-format-video"],"amp_enabled":true,"_links":{"self":[{"href":"https:\/\/masfm.com\/emisora\/wp-json\/wp\/v2\/posts\/12959","targetHints":{"allow":["GET"]}}],"collection":[{"href":"https:\/\/masfm.com\/emisora\/wp-json\/wp\/v2\/posts"}],"about":[{"href":"https:\/\/masfm.com\/emisora\/wp-json\/wp\/v2\/types\/post"}],"author":[{"embeddable":true,"href":"https:\/\/masfm.com\/emisora\/wp-json\/wp\/v2\/users\/4"}],"replies":[{"embeddable":true,"href":"https:\/\/masfm.com\/emisora\/wp-json\/wp\/v2\/comments?post=12959"}],"version-history":[{"count":0,"href":"https:\/\/masfm.com\/emisora\/wp-json\/wp\/v2\/posts\/12959\/revisions"}],"wp:featuredmedia":[{"embeddable":true,"href":"https:\/\/masfm.com\/emisora\/wp-json\/wp\/v2\/media\/12961"}],"wp:attachment":[{"href":"https:\/\/masfm.com\/emisora\/wp-json\/wp\/v2\/media?parent=12959"}],"wp:term":[{"taxonomy":"category","embeddable":true,"href":"https:\/\/masfm.com\/emisora\/wp-json\/wp\/v2\/categories?post=12959"},{"taxonomy":"post_tag","embeddable":true,"href":"https:\/\/masfm.com\/emisora\/wp-json\/wp\/v2\/tags?post=12959"}],"curies":[{"name":"wp","href":"https:\/\/api.w.org\/{rel}","templated":true}]}}