{"id":12967,"date":"2020-06-28T18:21:38","date_gmt":"2020-06-28T21:21:38","guid":{"rendered":"https:\/\/www.masfm.com\/emisora\/?p=12967"},"modified":"2020-06-28T18:21:38","modified_gmt":"2020-06-28T21:21:38","slug":"bailo-con-mi-sombra","status":"publish","type":"post","link":"https:\/\/masfm.com\/emisora\/bailo-con-mi-sombra\/","title":{"rendered":"BAILO CON MI SOMBRA"},"content":{"rendered":"<p>&#8220;bailo con mi sombra&#8221; es el videoclip de <a href=\"https:\/\/www.masfm.com\/emisora\/?s=FRAN+V%C3%A1zquez\" target=\"_blank\" rel=\"noopener noreferrer\">FRAN V\u00e1zquez<\/a>, una de las promesas del pop argentino. Es el primer corte de su nuevo EP &#8220;D\u00f3nde vamos?&#8221;.<\/p>\n<p>FRAN (todo escrito en may\u00fasculas), que en febrero represent\u00f3 a la Argentina en la competencia del Festival Internacional de la Canci\u00f3n de Vi\u00f1a del Mar en Chile, lanza el video de &#8220;bailo con mi sombra&#8221; (todo escrito en min\u00fasculas), producido \u00edntegramente durante el aislamiento obligatorio por la pandemia del COVID-19.<\/p>\n<p>El video sigue con la marcada influencia del pop de fines de los 90 y principios de los 2000, con la que FRAN se identifica, jugando con una plataforma de chat en la que el artista es parte de una conversaci\u00f3n con su sombra, bailando en soledad.<\/p>\n<p>Antes de dedicarse por completo a la m\u00fasica, FRAN prob\u00f3 estudiando medicina, dise\u00f1o de imagen y teatro. Sin embargo, termin\u00f3 decidi\u00e9ndose por su principal pasi\u00f3n: la m\u00fasica.<\/p>\n<p>El artista nacido hace 23 a\u00f1os en la ciudad bonaerense de Lincoln, es un novato en el mundo del entretenimiento: se dio a conocer a fines de 2018 en el programa &#8220;Talento Fox&#8221;, un reality de la cadena de televisi\u00f3n que buscaba una voz prodigiosa.<\/p>\n<p>&#8220;bailo con mi sombra&#8221; es el primer corte de su nuevo EP, titulado &#8220;d\u00f3nde vamos?&#8221;. Hasta el momento lleva publicados cinco temas llenos de pop, vaporwave y synthpop de los 90. Sus canciones son producidas por Luis Burgio y Nano Novello (3M\u00fasica) y editadas por Sony Music Argentina.<\/p>\n<p>Sab\u00edas? Toda la programaci\u00f3n de la radio se ve en tu compu, Smart TV o celular gracias a la App de la radio. Bajala gratis <a href=\"https:\/\/masfm.pryx.com.ar\/install\/\" target=\"_blank\" rel=\"noopener noreferrer\">desde ac\u00e1<\/a>.<\/p>\n<div class=\"widget_wysija_cont shortcode_wysija\"><div id=\"msg-form-wysija-shortcode69edd64c234d1-1\" class=\"wysija-msg ajax\"><\/div><form id=\"form-wysija-shortcode69edd64c234d1-1\" method=\"post\" action=\"#wysija\" class=\"widget_wysija shortcode_wysija\">\n<p class=\"wysija-paragraph\">\n    \n    \n    \t<input type=\"text\" name=\"wysija[user][firstname]\" class=\"wysija-input validate[required]\" title=\"Tu nombre\" placeholder=\"Tu nombre\" value=\"\" \/>\n    \n    \n    \n    <span class=\"abs-req\">\n        <input type=\"text\" name=\"wysija[user][abs][firstname]\" class=\"wysija-input validated[abs][firstname]\" value=\"\" \/>\n    <\/span>\n    \n<\/p>\n<p class=\"wysija-paragraph\">\n    \n    \n    \t<input type=\"text\" name=\"wysija[user][email]\" class=\"wysija-input validate[required,custom[email]]\" title=\"Tu correo\" placeholder=\"Tu correo\" value=\"\" \/>\n    \n    \n    \n    <span class=\"abs-req\">\n        <input type=\"text\" name=\"wysija[user][abs][email]\" class=\"wysija-input validated[abs][email]\" value=\"\" \/>\n    <\/span>\n    \n<\/p>\n\n<input class=\"wysija-submit wysija-submit-field\" type=\"submit\" value=\"Sumate!\" \/>\n\n    <input type=\"hidden\" name=\"form_id\" value=\"1\" \/>\n    <input type=\"hidden\" name=\"action\" value=\"save\" \/>\n    <input type=\"hidden\" name=\"controller\" value=\"subscribers\" \/>\n    <input type=\"hidden\" value=\"1\" name=\"wysija-page\" \/>\n\n    \n        <input type=\"hidden\" name=\"wysija[user_list][list_ids]\" value=\"1\" \/>\n    \n <\/form><\/div>\n<p><img loading=\"lazy\" decoding=\"async\" class=\"alignnone wp-image-12983 size-full\" title=\"noticias-bailo-con-mi-sombra-frank-vazquez-m\u00e1s-fm-95.9-online-santa-fe\" src=\"https:\/\/www.masfm.com\/emisora\/wp-content\/uploads\/2020\/06\/noticias-bailo-con-mi-sombra-frank-vazquez-m\u00e1s-fm-95.9-online-santa-fe-2.jpg\" alt=\"noticias-bailo-con-mi-sombra-frank-vazquez-m\u00e1s-fm-95.9-online-santa-fe\" width=\"690\" height=\"330\" srcset=\"https:\/\/masfm.com\/emisora\/wp-content\/uploads\/2020\/06\/noticias-bailo-con-mi-sombra-frank-vazquez-m\u00e1s-fm-95.9-online-santa-fe-2.jpg 690w, https:\/\/masfm.com\/emisora\/wp-content\/uploads\/2020\/06\/noticias-bailo-con-mi-sombra-frank-vazquez-m\u00e1s-fm-95.9-online-santa-fe-2-345x165.jpg 345w, https:\/\/masfm.com\/emisora\/wp-content\/uploads\/2020\/06\/noticias-bailo-con-mi-sombra-frank-vazquez-m\u00e1s-fm-95.9-online-santa-fe-2-600x287.jpg 600w\" sizes=\"auto, (max-width: 690px) 100vw, 690px\" \/><\/p>\n","protected":false},"excerpt":{"rendered":"<p>&#8220;bailo con mi sombra&#8221; es el videoclip de FRAN V\u00e1zquez, una de las promesas del pop argentino. Es el primer corte de su nuevo EP &#8220;D\u00f3nde vamos?&#8221;. FRAN (todo escrito en may\u00fasculas), que en febrero represent\u00f3 a la Argentina en la competencia del Festival Internacional de la Canci\u00f3n de Vi\u00f1a del Mar en Chile, lanza&hellip;<\/p>\n","protected":false},"author":4,"featured_media":12984,"comment_status":"closed","ping_status":"open","sticky":false,"template":"","format":"video","meta":{"footnotes":""},"categories":[2],"tags":[48,295,47,46,13,14,51,24,23],"class_list":["post-12967","post","type-post","status-publish","format-video","has-post-thumbnail","hentry","category-noticias","tag-esporaca","tag-fran-vazquez","tag-laradioqueseve","tag-masfm959","tag-musica","tag-noticias","tag-nuevo","tag-videos","tag-video","post_format-post-format-video"],"amp_enabled":true,"_links":{"self":[{"href":"https:\/\/masfm.com\/emisora\/wp-json\/wp\/v2\/posts\/12967","targetHints":{"allow":["GET"]}}],"collection":[{"href":"https:\/\/masfm.com\/emisora\/wp-json\/wp\/v2\/posts"}],"about":[{"href":"https:\/\/masfm.com\/emisora\/wp-json\/wp\/v2\/types\/post"}],"author":[{"embeddable":true,"href":"https:\/\/masfm.com\/emisora\/wp-json\/wp\/v2\/users\/4"}],"replies":[{"embeddable":true,"href":"https:\/\/masfm.com\/emisora\/wp-json\/wp\/v2\/comments?post=12967"}],"version-history":[{"count":0,"href":"https:\/\/masfm.com\/emisora\/wp-json\/wp\/v2\/posts\/12967\/revisions"}],"wp:featuredmedia":[{"embeddable":true,"href":"https:\/\/masfm.com\/emisora\/wp-json\/wp\/v2\/media\/12984"}],"wp:attachment":[{"href":"https:\/\/masfm.com\/emisora\/wp-json\/wp\/v2\/media?parent=12967"}],"wp:term":[{"taxonomy":"category","embeddable":true,"href":"https:\/\/masfm.com\/emisora\/wp-json\/wp\/v2\/categories?post=12967"},{"taxonomy":"post_tag","embeddable":true,"href":"https:\/\/masfm.com\/emisora\/wp-json\/wp\/v2\/tags?post=12967"}],"curies":[{"name":"wp","href":"https:\/\/api.w.org\/{rel}","templated":true}]}}