{"id":13007,"date":"2020-06-29T12:29:58","date_gmt":"2020-06-29T15:29:58","guid":{"rendered":"https:\/\/www.masfm.com\/emisora\/?p=13007"},"modified":"2025-07-19T20:35:43","modified_gmt":"2025-07-19T23:35:43","slug":"llego-la-valeria","status":"publish","type":"post","link":"https:\/\/masfm.com\/emisora\/llego-la-valeria\/","title":{"rendered":"SOLEDAD: LLEG\u00d3 LA VALERIA."},"content":{"rendered":"\n<figure class=\"wp-block-image\"><img loading=\"lazy\" decoding=\"async\" width=\"690\" height=\"330\" src=\"https:\/\/www.masfm.com\/emisora\/wp-content\/uploads\/2020\/06\/noticias-llego-la-valeria-soledad-pastorutti-m\u00e1s-fm-95.9-online-santa-fe-1.jpg\" alt=\"noticias-llego-la-valeria-soledad-pastorutti-m\u00e1s-fm-95.9-online-santa-f\" class=\"wp-image-13014\" title=\"noticias-llego-la-valeria-soledad-pastorutti-m\u00e1s-fm-95.9-online-santa-f\" srcset=\"https:\/\/masfm.com\/emisora\/wp-content\/uploads\/2020\/06\/noticias-llego-la-valeria-soledad-pastorutti-m\u00e1s-fm-95.9-online-santa-fe-1.jpg 690w, https:\/\/masfm.com\/emisora\/wp-content\/uploads\/2020\/06\/noticias-llego-la-valeria-soledad-pastorutti-m\u00e1s-fm-95.9-online-santa-fe-1-345x165.jpg 345w, https:\/\/masfm.com\/emisora\/wp-content\/uploads\/2020\/06\/noticias-llego-la-valeria-soledad-pastorutti-m\u00e1s-fm-95.9-online-santa-fe-1-600x287.jpg 600w\" sizes=\"auto, (max-width: 690px) 100vw, 690px\" \/><\/figure>\n\n\n\n<p>Lleg\u00f3 &#8220;La Valeria&#8221;, el nuevo corte de <a href=\"https:\/\/www.masfm.com\/emisora\/?s=Soledad+Pastorutti\" target=\"_blank\" rel=\"noopener noreferrer\">Soledad Pastorutti<\/a>. Una canci\u00f3n por sobre todo alegre, producida por <a href=\"https:\/\/www.masfm.com\/emisora\/?s=Carlos+Vives\" target=\"_blank\" rel=\"noopener noreferrer\">Carlos Vives<\/a> y que celebra el amor como nos tiene acostumbrados el colombiano. <\/p>\n\n\n\n<p>El single es un adelanto del nuevo \u00e1lbum de la artista de Arequito que se lanzar\u00e1 en los pr\u00f3ximos meses.<\/p>\n\n\n\n<p>Su videoclip fue realizado enteramente en cuarentena y cuenta con la participaci\u00f3n, entre otros, de figuras como Alejandro Marley, Jesica Cirio, Lizy Tagliani, Cande Molfese, Eva Ayll\u00f3n de Per\u00fa, Luis Jara de Chile, as\u00ed como el reconocido actor y cantante mexicano Jaime Camil (con quien Soledad condujo el evento Person of the Year 2018, en los Latin Grammys).<\/p>\n\n\n\n<h2 class=\"wp-block-heading\">En boca de Sole:<\/h2>\n\n\n\n<blockquote class=\"wp-block-quote is-layout-flow wp-block-quote-is-layout-flow\">\n<p>\u201cTrabajar con Carlos Vives me llen\u00f3 de entusiasmo y alegr\u00eda! Su falta de prejuicios y el respeto hacia la m\u00fasica toda, me permitieron confiar m\u00e1s en lo que soy! Por esa raz\u00f3n, la sinceridad , la esencia y el amor por lo que soy y represento, se hacen m\u00e1s fuerte en este trabajo con el que espero desde mi ra\u00edz llegar al mundo\u201d , dice la cantante.<\/p>\n<\/blockquote>\n\n\n\n<p>&#8220;La Valeria&#8221; es una canci\u00f3n exquisita que cuenta con la fusi\u00f3n de diferentes ritmos como la chamarra, la cumbia y la m\u00fasica urbana, sonidos actuales, que mantiene la esencia de Soledad y la muestra una vez m\u00e1s como una artista de una versatilidad \u00fanica.<\/p>\n\n\n\n<p>Esta historia relata el casamiento de sus abuelos que dieron el &#8220;S\u00ed&#8221;, en contra de los deseos de la familia del novio, que tenia mejor posici\u00f3n social y econ\u00f3mica que la familia de la novia. La Valeria es la protagonista de esta historia que apost\u00f3 todo al amor, una mujer de car\u00e1cter que nunca perdi\u00f3 la sonrisa.<\/p>\n\n\n\n<h2 class=\"wp-block-heading\" id=\"ya-lo-sumamos\">\u00a1Ya lo sumamos!<\/h2>\n\n\n\n<p>Los mejores videos de Soledad ya forman parte de nuestra programaci\u00f3n, la cual desde hace M\u00e1s de dos d\u00e9cadas, la disfrut\u00e1s 100 % con im\u00e1genes.<\/p>\n\n\n\n<p>Acordate, pod\u00e9s mirarnos desde tu compu, tablet, notebook o Smart TV con s\u00f3lo&nbsp;<a href=\"https:\/\/masfm.com\/emisora\/#section-custom-content-2\" target=\"_blank\" rel=\"noreferrer noopener\">entrar ac\u00e1<\/a>.<\/p>\n\n\n\n<p>Si prefer\u00eds que la experiencia sea por medio de tu celular, bajate la App gratuitamente&nbsp;<a href=\"https:\/\/masfm.pryx.com.ar\/install\/\" target=\"_blank\" rel=\"noreferrer noopener\">desde ac\u00e1<\/a>&nbsp;y miranos desde cualquier parte del mundo, a la hora que quieras!<\/p>\n\n\n\n<p>Estamos las 24 horas con la mejor m\u00fasica y sus clips.<\/p>\n\n\n\n<h2 class=\"wp-block-heading\" id=\"registrate-a-mas-fm-95-9\">\u00a1Registrate a M\u00e1s FM 95 9!<\/h2>\n\n\n  \n  \n  <div class=\"\n    mailpoet_form_popup_overlay\n      \"><\/div>\n  <div\n    id=\"mailpoet_form_3\"\n    class=\"\n      mailpoet_form\n      mailpoet_form_html\n      mailpoet_form_position_\n      mailpoet_form_animation_\n    \"\n      >\n\n    <style type=\"text\/css\">\n     #mailpoet_form_3 .mailpoet_form {  }\n#mailpoet_form_3 .mailpoet_column_with_background { padding: 10px; }\n#mailpoet_form_3 .mailpoet_form_column:not(:first-child) { margin-left: 20px; }\n#mailpoet_form_3 .mailpoet_paragraph { line-height: 20px; margin-bottom: 20px; }\n#mailpoet_form_3 .mailpoet_segment_label, #mailpoet_form_3 .mailpoet_text_label, #mailpoet_form_3 .mailpoet_textarea_label, #mailpoet_form_3 .mailpoet_select_label, #mailpoet_form_3 .mailpoet_radio_label, #mailpoet_form_3 .mailpoet_checkbox_label, #mailpoet_form_3 .mailpoet_list_label, #mailpoet_form_3 .mailpoet_date_label { display: block; font-weight: normal; }\n#mailpoet_form_3 .mailpoet_text, #mailpoet_form_3 .mailpoet_textarea, #mailpoet_form_3 .mailpoet_select, #mailpoet_form_3 .mailpoet_date_month, #mailpoet_form_3 .mailpoet_date_day, #mailpoet_form_3 .mailpoet_date_year, #mailpoet_form_3 .mailpoet_date { display: block; }\n#mailpoet_form_3 .mailpoet_text, #mailpoet_form_3 .mailpoet_textarea { width: 200px; }\n#mailpoet_form_3 .mailpoet_checkbox {  }\n#mailpoet_form_3 .mailpoet_submit {  }\n#mailpoet_form_3 .mailpoet_divider {  }\n#mailpoet_form_3 .mailpoet_message {  }\n#mailpoet_form_3 .mailpoet_form_loading { width: 30px; text-align: center; line-height: normal; }\n#mailpoet_form_3 .mailpoet_form_loading > span { width: 5px; height: 5px; background-color: #5b5b5b; }#mailpoet_form_3{border-radius: 0px;text-align: left;}#mailpoet_form_3 form.mailpoet_form {padding: 20px;}#mailpoet_form_3{width: 100%;}#mailpoet_form_3 .mailpoet_message {margin: 0; padding: 0 20px;}#mailpoet_form_3 .mailpoet_paragraph.last {margin-bottom: 0} @media (max-width: 500px) {#mailpoet_form_3 {background-image: none;}} @media (min-width: 500px) {#mailpoet_form_3 .last .mailpoet_paragraph:last-child {margin-bottom: 0}}  @media (max-width: 500px) {#mailpoet_form_3 .mailpoet_form_column:last-child .mailpoet_paragraph:last-child {margin-bottom: 0}} \n    <\/style>\n\n    <form\n      target=\"_self\"\n      method=\"post\"\n      action=\"https:\/\/masfm.com\/emisora\/wp-admin\/admin-post.php?action=mailpoet_subscription_form\"\n      class=\"mailpoet_form mailpoet_form_form mailpoet_form_html\"\n      novalidate\n      data-delay=\"\"\n      data-exit-intent-enabled=\"\"\n      data-font-family=\"\"\n      data-cookie-expiration-time=\"\"\n    >\n      <input type=\"hidden\" name=\"data[form_id]\" value=\"3\" \/>\n      <input type=\"hidden\" name=\"token\" value=\"aa5d719cb8\" \/>\n      <input type=\"hidden\" name=\"api_version\" value=\"v1\" \/>\n      <input type=\"hidden\" name=\"endpoint\" value=\"subscribers\" \/>\n      <input type=\"hidden\" name=\"mailpoet_method\" value=\"subscribe\" \/>\n\n      <label class=\"mailpoet_hp_email_label\" style=\"display: none !important;\">Please leave this field empty<input type=\"email\" name=\"data[email]\"\/><\/label><div class='mailpoet_form_columns_container'><div class=\"mailpoet_form_columns mailpoet_paragraph mailpoet_stack_on_mobile\"><div class=\"mailpoet_form_column\"><div class=\"mailpoet_paragraph \"><input type=\"text\" autocomplete=\"given-name\" class=\"mailpoet_text\" id=\"form_first_name_3\" name=\"data[form_field_Mjg5ZDFmYWM5ZDQ5X2ZpcnN0X25hbWU=]\" title=\"Nombre\" value=\"\" style=\"width:100%;box-sizing:border-box;padding:5px;margin: 0 auto 0 0;\" data-automation-id=\"form_first_name\"  placeholder=\"Nombre\" aria-label=\"Nombre\" data-parsley-errors-container=\".mailpoet_error_1m4jc\" data-parsley-names='[&quot;Please specify a valid name.&quot;,&quot;Addresses in names are not permitted, please add your name instead.&quot;]'\/><span class=\"mailpoet_error_1m4jc\"><\/span><\/div>\n<\/div>\n<div class=\"mailpoet_form_column\"><div class=\"mailpoet_paragraph \"><input type=\"email\" autocomplete=\"email\" class=\"mailpoet_text\" id=\"form_email_3\" name=\"data[form_field_OGY2ODJhNTQxZjUxX2VtYWls]\" title=\"TU MAIL:\" value=\"\" style=\"width:100%;box-sizing:border-box;padding:5px;margin: 0 auto 0 0;\" data-automation-id=\"form_email\"  placeholder=\"TU MAIL: *\" aria-label=\"TU MAIL: *\" data-parsley-errors-container=\".mailpoet_error_m5lea\" data-parsley-required=\"true\" required aria-required=\"true\" data-parsley-minlength=\"6\" data-parsley-maxlength=\"150\" data-parsley-type-message=\"This value should be a valid email.\" data-parsley-required-message=\"This field is required.\"\/><span class=\"mailpoet_error_m5lea\"><\/span><\/div>\n<\/div>\n<div class=\"mailpoet_form_column\"><div class=\"mailpoet_paragraph \"><input type=\"submit\" class=\"mailpoet_submit\" value=\"SUMATE YA!\" data-automation-id=\"subscribe-submit-button\" style=\"width:100%;box-sizing:border-box;padding:5px;margin: 0 auto 0 0;border-color:transparent;\" \/><span class=\"mailpoet_form_loading\"><span class=\"mailpoet_bounce1\"><\/span><span class=\"mailpoet_bounce2\"><\/span><span class=\"mailpoet_bounce3\"><\/span><\/span><\/div>\n<\/div>\n<\/div><\/div>\n<div class='mailpoet_form_columns_container'><div class=\"mailpoet_form_columns mailpoet_paragraph mailpoet_stack_on_mobile\"><div class=\"mailpoet_form_column\"><\/div>\n<div class=\"mailpoet_form_column\"><\/div>\n<\/div><\/div>\n\n      <div class=\"mailpoet_message\">\n        <p class=\"mailpoet_validate_success\"\n                style=\"display:none;\"\n                >Revisa tu bandeja de entrada o la carpeta de spam para confirmar tu suscripci\u00f3n.\n        <\/p>\n        <p class=\"mailpoet_validate_error\"\n                style=\"display:none;\"\n                >        <\/p>\n      <\/div>\n    <\/form>\n\n      <\/div>\n\n  \n\n\n<figure class=\"wp-block-image\"><img loading=\"lazy\" decoding=\"async\" width=\"690\" height=\"330\" src=\"https:\/\/www.masfm.com\/emisora\/wp-content\/uploads\/2020\/06\/noticias-llego-la-valeria-soledad-pastorutti-m\u00e1s-fm-95.9-online-santa-fe-1.jpg\" alt=\"noticias-llego-la-valeria-soledad-pastorutti-m\u00e1s-fm-95.9-online-santa-f\" class=\"wp-image-13014\" title=\"noticias-llego-la-valeria-soledad-pastorutti-m\u00e1s-fm-95.9-online-santa-f\" srcset=\"https:\/\/masfm.com\/emisora\/wp-content\/uploads\/2020\/06\/noticias-llego-la-valeria-soledad-pastorutti-m\u00e1s-fm-95.9-online-santa-fe-1.jpg 690w, https:\/\/masfm.com\/emisora\/wp-content\/uploads\/2020\/06\/noticias-llego-la-valeria-soledad-pastorutti-m\u00e1s-fm-95.9-online-santa-fe-1-345x165.jpg 345w, https:\/\/masfm.com\/emisora\/wp-content\/uploads\/2020\/06\/noticias-llego-la-valeria-soledad-pastorutti-m\u00e1s-fm-95.9-online-santa-fe-1-600x287.jpg 600w\" sizes=\"auto, (max-width: 690px) 100vw, 690px\" \/><\/figure>\n\n\n\n<p><\/p>\n","protected":false},"excerpt":{"rendered":"<p>Lleg\u00f3 &#8220;La Valeria&#8221;, el nuevo corte de Soledad Pastorutti. Una canci\u00f3n por sobre todo alegre, producida por Carlos Vives y que celebra el amor como nos tiene acostumbrados el colombiano. El single es un adelanto del nuevo \u00e1lbum de la artista de Arequito que se lanzar\u00e1 en los pr\u00f3ximos meses. Su videoclip fue realizado enteramente&hellip;<\/p>\n","protected":false},"author":4,"featured_media":13013,"comment_status":"closed","ping_status":"open","sticky":false,"template":"","format":"video","meta":{"footnotes":""},"categories":[2],"tags":[236,48,47,46,13,14,51,256,24,23],"class_list":["post-13007","post","type-post","status-publish","format-video","has-post-thumbnail","hentry","category-noticias","tag-carlos-vives","tag-esporaca","tag-laradioqueseve","tag-masfm959","tag-musica","tag-noticias","tag-nuevo","tag-soledad-pastorutti","tag-videos","tag-video","post_format-post-format-video"],"amp_enabled":true,"_links":{"self":[{"href":"https:\/\/masfm.com\/emisora\/wp-json\/wp\/v2\/posts\/13007","targetHints":{"allow":["GET"]}}],"collection":[{"href":"https:\/\/masfm.com\/emisora\/wp-json\/wp\/v2\/posts"}],"about":[{"href":"https:\/\/masfm.com\/emisora\/wp-json\/wp\/v2\/types\/post"}],"author":[{"embeddable":true,"href":"https:\/\/masfm.com\/emisora\/wp-json\/wp\/v2\/users\/4"}],"replies":[{"embeddable":true,"href":"https:\/\/masfm.com\/emisora\/wp-json\/wp\/v2\/comments?post=13007"}],"version-history":[{"count":0,"href":"https:\/\/masfm.com\/emisora\/wp-json\/wp\/v2\/posts\/13007\/revisions"}],"wp:featuredmedia":[{"embeddable":true,"href":"https:\/\/masfm.com\/emisora\/wp-json\/wp\/v2\/media\/13013"}],"wp:attachment":[{"href":"https:\/\/masfm.com\/emisora\/wp-json\/wp\/v2\/media?parent=13007"}],"wp:term":[{"taxonomy":"category","embeddable":true,"href":"https:\/\/masfm.com\/emisora\/wp-json\/wp\/v2\/categories?post=13007"},{"taxonomy":"post_tag","embeddable":true,"href":"https:\/\/masfm.com\/emisora\/wp-json\/wp\/v2\/tags?post=13007"}],"curies":[{"name":"wp","href":"https:\/\/api.w.org\/{rel}","templated":true}]}}