{"id":13041,"date":"2020-07-02T22:21:02","date_gmt":"2020-07-03T01:21:02","guid":{"rendered":"https:\/\/www.masfm.com\/emisora\/?p=13041"},"modified":"2020-07-02T23:04:17","modified_gmt":"2020-07-03T02:04:17","slug":"la-beriso-y-llenos-de-historias","status":"publish","type":"post","link":"https:\/\/masfm.com\/emisora\/la-beriso-y-llenos-de-historias\/","title":{"rendered":"LA BERISO Y LLENOS DE HISTORIAS"},"content":{"rendered":"<p>La Beriso y &#8220;Llenos de Historias&#8221;, el documental que se podr\u00e1 disfrutar el Domingo 26 de julio 21.00 hs. (hora de Argentina), gratis para todo el mundo por <a href=\"http:\/\/www.movistararena.com.ar\" target=\"_blank\" rel=\"noopener noreferrer\">desde ac\u00e1<\/a>.<\/p>\n<p>Dirigido por Rodrigo Vila y Cristian D\u00b4Alessandro, de la productora Cinema 7 film, \u201cLlenos de Historias\u201d es el primer documental de La Beriso. Se trata, ni m\u00e1s ni menos, de un repaso por la extensa historia de la banda, desde sus comienzos hasta el d\u00eda de hoy.<\/p>\n<p>Por momentos emotivo, por momentos hilarante, por momentos reflexivo, las im\u00e1genes nos muestran los valores y los sentimientos que unieron a este grupo de m\u00fasicos-amigos hasta llegar a este exitoso presente.<\/p>\n<p>Todo est\u00e1 plasmado en las im\u00e1genes: compa\u00f1erismo, tristezas, melancol\u00eda, disfrute, lucha, transparencia, coherencia y ese grado de locura que todo sue\u00f1o inicial lleva impl\u00edcito.<\/p>\n<p><img loading=\"lazy\" decoding=\"async\" class=\"alignnone wp-image-13044 size-full\" title=\"noticias-la-beriso-llenos-de-historias-m\u00e1s-fm-95.9-online-santa-fe\" src=\"https:\/\/www.masfm.com\/emisora\/wp-content\/uploads\/2020\/07\/noticias-la-beriso-llenos-de-historias-m\u00e1s-fm-95.9-online-santa-fe-1.jpg\" alt=\"noticias-la-beriso-llenos-de-historias-m\u00e1s-fm-95.9-online-santa-fe\" width=\"502\" height=\"635\" srcset=\"https:\/\/masfm.com\/emisora\/wp-content\/uploads\/2020\/07\/noticias-la-beriso-llenos-de-historias-m\u00e1s-fm-95.9-online-santa-fe-1.jpg 502w, https:\/\/masfm.com\/emisora\/wp-content\/uploads\/2020\/07\/noticias-la-beriso-llenos-de-historias-m\u00e1s-fm-95.9-online-santa-fe-1-261x330.jpg 261w\" sizes=\"auto, (max-width: 502px) 100vw, 502px\" \/><\/p>\n<p>Este viaje, con su particular historia, nos regala im\u00e1genes in\u00e9ditas, de grabaciones en estudios, de giras (y madrugadas) y de backstages.<\/p>\n<p>Adem\u00e1s, participan m\u00fasicos, amigos, familiares, aquellos primeros seguidores y <a href=\"https:\/\/www.masfm.com\/emisora\/?s=la+beriso\" target=\"_blank\" rel=\"noopener noreferrer\">la banda<\/a>, en primera persona.<\/p>\n<p>Si hay algo que nos deja en claro este documental es que La Beriso se gan\u00f3 un lugar en base a trabajo, esfuerzo, sacrificio, autenticidad y por sobretodo, saber llegar con canciones al coraz\u00f3n de la gente.<\/p>\n<blockquote><p>&#8220;Cambiar\u00eda esta gloria por tener de vuelta a mis dos hermanas&#8221;, cuenta un emocionado Rolo Sartorio, en referencia a su tragedia familiar.<\/p><\/blockquote>\n<p>Acordate, toda la programaci\u00f3n de la M\u00e1s se ve en tu compu, tablet y Smart TV desde nuestra Web o en tu celu baj\u00e1ndote la App <a href=\"https:\/\/masfm.pryx.com.ar\/install\/\" target=\"_blank\" rel=\"noopener noreferrer\">desde ac\u00e1<\/a>!<\/p>\n<h4>Sumate!<\/h4>\n<div class=\"widget_wysija_cont shortcode_wysija\"><div id=\"msg-form-wysija-shortcode69ee1f051acbe-1\" class=\"wysija-msg ajax\"><\/div><form id=\"form-wysija-shortcode69ee1f051acbe-1\" method=\"post\" action=\"#wysija\" class=\"widget_wysija shortcode_wysija\">\n<p class=\"wysija-paragraph\">\n    \n    \n    \t<input type=\"text\" name=\"wysija[user][firstname]\" class=\"wysija-input validate[required]\" title=\"Tu nombre\" placeholder=\"Tu nombre\" value=\"\" \/>\n    \n    \n    \n    <span class=\"abs-req\">\n        <input type=\"text\" name=\"wysija[user][abs][firstname]\" class=\"wysija-input validated[abs][firstname]\" value=\"\" \/>\n    <\/span>\n    \n<\/p>\n<p class=\"wysija-paragraph\">\n    \n    \n    \t<input type=\"text\" name=\"wysija[user][email]\" class=\"wysija-input validate[required,custom[email]]\" title=\"Tu correo\" placeholder=\"Tu correo\" value=\"\" \/>\n    \n    \n    \n    <span class=\"abs-req\">\n        <input type=\"text\" name=\"wysija[user][abs][email]\" class=\"wysija-input validated[abs][email]\" value=\"\" \/>\n    <\/span>\n    \n<\/p>\n\n<input class=\"wysija-submit wysija-submit-field\" type=\"submit\" value=\"Sumate!\" \/>\n\n    <input type=\"hidden\" name=\"form_id\" value=\"1\" \/>\n    <input type=\"hidden\" name=\"action\" value=\"save\" \/>\n    <input type=\"hidden\" name=\"controller\" value=\"subscribers\" \/>\n    <input type=\"hidden\" value=\"1\" name=\"wysija-page\" \/>\n\n    \n        <input type=\"hidden\" name=\"wysija[user_list][list_ids]\" value=\"1\" \/>\n    \n <\/form><\/div>\n<p><img loading=\"lazy\" decoding=\"async\" class=\"alignnone size-full wp-image-13043\" src=\"https:\/\/www.masfm.com\/emisora\/wp-content\/uploads\/2020\/07\/noticias-la-beriso-llenos-de-historias-m\u00e1s-fm-95.9-online-santa-fe-2.jpg\" alt=\"noticias-la-beriso-llenos-de-historias-m\u00e1s-fm-95.9-online-santa-fe\" width=\"690\" height=\"330\" title=\"\" srcset=\"https:\/\/masfm.com\/emisora\/wp-content\/uploads\/2020\/07\/noticias-la-beriso-llenos-de-historias-m\u00e1s-fm-95.9-online-santa-fe-2.jpg 690w, https:\/\/masfm.com\/emisora\/wp-content\/uploads\/2020\/07\/noticias-la-beriso-llenos-de-historias-m\u00e1s-fm-95.9-online-santa-fe-2-345x165.jpg 345w, https:\/\/masfm.com\/emisora\/wp-content\/uploads\/2020\/07\/noticias-la-beriso-llenos-de-historias-m\u00e1s-fm-95.9-online-santa-fe-2-600x287.jpg 600w\" sizes=\"auto, (max-width: 690px) 100vw, 690px\" \/><\/p>\n","protected":false},"excerpt":{"rendered":"<p>La Beriso y &#8220;Llenos de Historias&#8221;, el documental que se podr\u00e1 disfrutar el Domingo 26 de julio 21.00 hs. (hora de Argentina), gratis para todo el mundo por desde ac\u00e1. Dirigido por Rodrigo Vila y Cristian D\u00b4Alessandro, de la productora Cinema 7 film, \u201cLlenos de Historias\u201d es el primer documental de La Beriso. Se trata,&hellip;<\/p>\n","protected":false},"author":4,"featured_media":13042,"comment_status":"closed","ping_status":"open","sticky":false,"template":"","format":"video","meta":{"footnotes":""},"categories":[2],"tags":[57,48,11,93,47,46,13,14,51],"class_list":["post-13041","post","type-post","status-publish","format-video","has-post-thumbnail","hentry","category-noticias","tag-documental","tag-esporaca","tag-interes-gral","tag-la-beriso","tag-laradioqueseve","tag-masfm959","tag-musica","tag-noticias","tag-nuevo","post_format-post-format-video"],"amp_enabled":true,"_links":{"self":[{"href":"https:\/\/masfm.com\/emisora\/wp-json\/wp\/v2\/posts\/13041","targetHints":{"allow":["GET"]}}],"collection":[{"href":"https:\/\/masfm.com\/emisora\/wp-json\/wp\/v2\/posts"}],"about":[{"href":"https:\/\/masfm.com\/emisora\/wp-json\/wp\/v2\/types\/post"}],"author":[{"embeddable":true,"href":"https:\/\/masfm.com\/emisora\/wp-json\/wp\/v2\/users\/4"}],"replies":[{"embeddable":true,"href":"https:\/\/masfm.com\/emisora\/wp-json\/wp\/v2\/comments?post=13041"}],"version-history":[{"count":0,"href":"https:\/\/masfm.com\/emisora\/wp-json\/wp\/v2\/posts\/13041\/revisions"}],"wp:featuredmedia":[{"embeddable":true,"href":"https:\/\/masfm.com\/emisora\/wp-json\/wp\/v2\/media\/13042"}],"wp:attachment":[{"href":"https:\/\/masfm.com\/emisora\/wp-json\/wp\/v2\/media?parent=13041"}],"wp:term":[{"taxonomy":"category","embeddable":true,"href":"https:\/\/masfm.com\/emisora\/wp-json\/wp\/v2\/categories?post=13041"},{"taxonomy":"post_tag","embeddable":true,"href":"https:\/\/masfm.com\/emisora\/wp-json\/wp\/v2\/tags?post=13041"}],"curies":[{"name":"wp","href":"https:\/\/api.w.org\/{rel}","templated":true}]}}