{"id":13078,"date":"2020-07-06T11:16:49","date_gmt":"2020-07-06T14:16:49","guid":{"rendered":"https:\/\/www.masfm.com\/emisora\/?p=13078"},"modified":"2020-07-06T11:16:49","modified_gmt":"2020-07-06T14:16:49","slug":"willi-piancioli-solista","status":"publish","type":"post","link":"https:\/\/masfm.com\/emisora\/willi-piancioli-solista\/","title":{"rendered":"WILLI PIANCIOLI SOLISTA"},"content":{"rendered":"<p>Willi Piancioli solista, pero calma, no dejar\u00e1 de ser el cantante y compositor de <a href=\"https:\/\/www.masfm.com\/emisora\/?s=los+tipitos\" target=\"_blank\" rel=\"noopener noreferrer\">Los Tipitos<\/a>!<\/p>\n<p><a href=\"https:\/\/www.masfm.com\/emisora\/?s=willi+Piancioli\" target=\"_blank\" rel=\"noopener noreferrer\">El artista<\/a> da a conocer \u201cInnatural\u201d, adelanto y corte de su primer \u00e1lbum solista hom\u00f3nimo, el cual ser\u00e1 presentado oficialmente pr\u00f3ximamente en todas las tiendas digitales.<\/p>\n<p>El m\u00fasico afanoso habl\u00f3 sobre su nuevo trabajo musical:<\/p>\n<blockquote><p>\u201cInnatural es el primer single de este disco que contiene 11 tracks. Una canci\u00f3n que me lleva al oto\u00f1o, a los barrios de la ciudad, a amores que llegan. Esta es la primera ocasi\u00f3n de hacer un disco solista durante estos 26 a\u00f1os de Los Tipitos. Estoy con mucha emoci\u00f3n de mostrar estas canciones que han quedado en demos caseros durante unos 10 y 15 a\u00f1os. Junto con Tom\u00e1s Vigo mi socio de estudio de grabaci\u00f3n; y ahora de producci\u00f3n y guitarrista de mi banda solista, estuvimos grabando este disco en tiempos muertos del estudio. La banda completa son Gimena Alvarez Cela, en teclados y voces; Lucas Vigo, en bater\u00eda y drum doctor; Enrique Perez Vivas, en el bajo y voces; y el propio Tom\u00e1s Vigo, en guitarras, t\u00e9cnico de grabaci\u00f3n, mezcla y mastering.<br \/>\nVe la luz despu\u00e9s de mucho tiempo esta canci\u00f3n y este \u00e1lbum llamados Innatural\u201d.<\/p><\/blockquote>\n<p>Willi Piancioli solista sin abandonar a Los Tipitos es una buena noticia y saber que todo lo que suena en la M\u00e1s adem\u00e1s se puede ver, tambi\u00e9n! Miranos en tu tablet, compu y Smart TV desde nuestra Web o bajate a tu celu nuestra App. Hacelo gratuitamente <a href=\"https:\/\/masfm.pryx.com.ar\/install\/\" target=\"_blank\" rel=\"noopener noreferrer\">desde ac\u00e1<\/a>!<\/p>\n<h4>Letra de &#8220;Innatural&#8221;.<\/h4>\n<p>No hay gui\u00f3n para el d\u00eda de hoy<br \/>\nCuaderno de canciones.<br \/>\nRecordar una conversaci\u00f3n<br \/>\nPasayasear en el espejo.<\/p>\n<p>Horas de sonatas de Beethoven<br \/>\nBarrer la lluvia de piel.<br \/>\nRepetir tu nombre otra vez<br \/>\nFumar, tocar, tocar!<\/p>\n<h4>Imposible, impenetrable,<br \/>\nInsomnio, irreal<br \/>\nInsondable, inexplicable<br \/>\nInsano, ideal<\/h4>\n<p>Fue ayer, hace alg\u00fan tiempo atr\u00e1s<br \/>\nLlamarte a la tarde.<br \/>\nY decir &#8220;vamos a caminar&#8221;<br \/>\n&#8220;Vamos a amarnos el barrio&#8221;.<\/p>\n<p>Ahora que pasaron esos d\u00edas<br \/>\nPensar, pensando, coraz\u00f3n&#8230;<br \/>\nNo te vas a curar.<br \/>\nQuiz\u00e1s te coman las fieras.<\/p>\n<p>Imposible, impenetrable,<br \/>\nInsomnio, irreal<br \/>\nInsondable, inexplicable<br \/>\nInsano, ideal<\/p>\n<p>Inestable, inalcanzable<br \/>\nInvierno igual<br \/>\nImposible, imperdonable<br \/>\nInnatural.<\/p>\n<p>Imposible, impenetrable,<br \/>\nInsomnio, irreal<br \/>\nInsondable, inexplicable<br \/>\nInsano, ideal<\/p>\n<p>Inestable, inalcanzable<br \/>\nInvierno igual<br \/>\nImposible, imperdonable<br \/>\nInnatural.<\/p>\n<p>Innatural&#8230;<\/p>\n<h4>Sumate!<\/h4>\n<div class=\"widget_wysija_cont shortcode_wysija\"><div id=\"msg-form-wysija-shortcode69ee1f71eb6df-1\" class=\"wysija-msg ajax\"><\/div><form id=\"form-wysija-shortcode69ee1f71eb6df-1\" method=\"post\" action=\"#wysija\" class=\"widget_wysija shortcode_wysija\">\n<p class=\"wysija-paragraph\">\n    \n    \n    \t<input type=\"text\" name=\"wysija[user][firstname]\" class=\"wysija-input validate[required]\" title=\"Tu nombre\" placeholder=\"Tu nombre\" value=\"\" \/>\n    \n    \n    \n    <span class=\"abs-req\">\n        <input type=\"text\" name=\"wysija[user][abs][firstname]\" class=\"wysija-input validated[abs][firstname]\" value=\"\" \/>\n    <\/span>\n    \n<\/p>\n<p class=\"wysija-paragraph\">\n    \n    \n    \t<input type=\"text\" name=\"wysija[user][email]\" class=\"wysija-input validate[required,custom[email]]\" title=\"Tu correo\" placeholder=\"Tu correo\" value=\"\" \/>\n    \n    \n    \n    <span class=\"abs-req\">\n        <input type=\"text\" name=\"wysija[user][abs][email]\" class=\"wysija-input validated[abs][email]\" value=\"\" \/>\n    <\/span>\n    \n<\/p>\n\n<input class=\"wysija-submit wysija-submit-field\" type=\"submit\" value=\"Sumate!\" \/>\n\n    <input type=\"hidden\" name=\"form_id\" value=\"1\" \/>\n    <input type=\"hidden\" name=\"action\" value=\"save\" \/>\n    <input type=\"hidden\" name=\"controller\" value=\"subscribers\" \/>\n    <input type=\"hidden\" value=\"1\" name=\"wysija-page\" \/>\n\n    \n        <input type=\"hidden\" name=\"wysija[user_list][list_ids]\" value=\"1\" \/>\n    \n <\/form><\/div>\n<p><img loading=\"lazy\" decoding=\"async\" class=\"alignnone wp-image-13080 size-full\" title=\"noticias-Willi-Piancioli-solista-los-tipitos-m\u00e1s-fm-95.9-online-santa-fe\" src=\"https:\/\/www.masfm.com\/emisora\/wp-content\/uploads\/2020\/07\/noticias-Willi-Piancioli-solista-los-tipitos-m\u00e1s-fm-95.9-online-santa-fe-2.jpg\" alt=\"noticias-Willi-Piancioli-solista-los-tipitos-m\u00e1s-fm-95.9-online-santa-fe\" width=\"690\" height=\"330\" srcset=\"https:\/\/masfm.com\/emisora\/wp-content\/uploads\/2020\/07\/noticias-Willi-Piancioli-solista-los-tipitos-m\u00e1s-fm-95.9-online-santa-fe-2.jpg 690w, https:\/\/masfm.com\/emisora\/wp-content\/uploads\/2020\/07\/noticias-Willi-Piancioli-solista-los-tipitos-m\u00e1s-fm-95.9-online-santa-fe-2-345x165.jpg 345w, https:\/\/masfm.com\/emisora\/wp-content\/uploads\/2020\/07\/noticias-Willi-Piancioli-solista-los-tipitos-m\u00e1s-fm-95.9-online-santa-fe-2-600x287.jpg 600w\" sizes=\"auto, (max-width: 690px) 100vw, 690px\" \/><\/p>\n","protected":false},"excerpt":{"rendered":"<p>Willi Piancioli solista, pero calma, no dejar\u00e1 de ser el cantante y compositor de Los Tipitos! El artista da a conocer \u201cInnatural\u201d, adelanto y corte de su primer \u00e1lbum solista hom\u00f3nimo, el cual ser\u00e1 presentado oficialmente pr\u00f3ximamente en todas las tiendas digitales. El m\u00fasico afanoso habl\u00f3 sobre su nuevo trabajo musical: \u201cInnatural es el primer&hellip;<\/p>\n","protected":false},"author":4,"featured_media":13081,"comment_status":"closed","ping_status":"open","sticky":false,"template":"","format":"video","meta":{"footnotes":""},"categories":[2],"tags":[48,11,47,46,13,14,51,24,23,302],"class_list":["post-13078","post","type-post","status-publish","format-video","has-post-thumbnail","hentry","category-noticias","tag-esporaca","tag-interes-gral","tag-laradioqueseve","tag-masfm959","tag-musica","tag-noticias","tag-nuevo","tag-videos","tag-video","tag-willi-piancioli","post_format-post-format-video"],"amp_enabled":true,"_links":{"self":[{"href":"https:\/\/masfm.com\/emisora\/wp-json\/wp\/v2\/posts\/13078","targetHints":{"allow":["GET"]}}],"collection":[{"href":"https:\/\/masfm.com\/emisora\/wp-json\/wp\/v2\/posts"}],"about":[{"href":"https:\/\/masfm.com\/emisora\/wp-json\/wp\/v2\/types\/post"}],"author":[{"embeddable":true,"href":"https:\/\/masfm.com\/emisora\/wp-json\/wp\/v2\/users\/4"}],"replies":[{"embeddable":true,"href":"https:\/\/masfm.com\/emisora\/wp-json\/wp\/v2\/comments?post=13078"}],"version-history":[{"count":0,"href":"https:\/\/masfm.com\/emisora\/wp-json\/wp\/v2\/posts\/13078\/revisions"}],"wp:featuredmedia":[{"embeddable":true,"href":"https:\/\/masfm.com\/emisora\/wp-json\/wp\/v2\/media\/13081"}],"wp:attachment":[{"href":"https:\/\/masfm.com\/emisora\/wp-json\/wp\/v2\/media?parent=13078"}],"wp:term":[{"taxonomy":"category","embeddable":true,"href":"https:\/\/masfm.com\/emisora\/wp-json\/wp\/v2\/categories?post=13078"},{"taxonomy":"post_tag","embeddable":true,"href":"https:\/\/masfm.com\/emisora\/wp-json\/wp\/v2\/tags?post=13078"}],"curies":[{"name":"wp","href":"https:\/\/api.w.org\/{rel}","templated":true}]}}