{"id":13092,"date":"2020-07-08T12:17:37","date_gmt":"2020-07-08T15:17:37","guid":{"rendered":"https:\/\/www.masfm.com\/emisora\/?p=13092"},"modified":"2020-07-08T12:17:37","modified_gmt":"2020-07-08T15:17:37","slug":"te-pareces-tanto-a-mi","status":"publish","type":"post","link":"https:\/\/masfm.com\/emisora\/te-pareces-tanto-a-mi\/","title":{"rendered":"TE PARECES TANTO A MI"},"content":{"rendered":"<p>\u201cTe Pareces Tanto A M\u00ed\u201d es la nueva canci\u00f3n que presenta <a href=\"https:\/\/www.masfm.com\/emisora\/?s=La+Oreja+de+Van+Gogh\" target=\"_blank\" rel=\"noopener noreferrer\">La Oreja de Van Gogh<\/a>. Adem\u00e1s, revela el t\u00edtulo de su nuevo \u00e1lbum \u201cUn Susurro en la Tormenta\u201d que saldr\u00e1 a la venta el 18 de septiembre.<\/p>\n<p>Si en abril anticiparon el romanticismo \u00e9pico de &#8220;Abr\u00e1zame&#8221;, la segunda entrega del nuevo \u00e1lbum es un fogonazo de pop en\u00e9rgico y festivo, que llega acompa\u00f1ado por un art\u00edstica pieza audiovisual producida por TAOM. Con ese trazo heterog\u00e9neo y rico en matices avanza LOVG hacia un disco que tambi\u00e9n tiene fecha de publicaci\u00f3n. Ser\u00e1 el 18 de septiembre, cuando est\u00e9n a punto de cumplirse cuatro a\u00f1os del lanzamiento de &#8220;El Planeta Imaginario&#8221;.<\/p>\n<p>El regreso discogr\u00e1fico de La Oreja es por tanto todo un acontecimiento que comenz\u00f3 a tomar forma el pasado enero, cuando anunciaron en sus redes sociales que estaban en Le Manoir (Francia) ultimando la grabaci\u00f3n. El siguiente hito fue la publicaci\u00f3n de &#8220;Abr\u00e1zame&#8221; y el anuncio de una extensa gira por Estados Unidos en mayo y junio, aplazada a 2021. No se han detenido sus ganas de compartir sus nuevas canciones, un ambicioso reto tras el \u00e9xito intachable de El planeta imaginario.<\/p>\n<p>\u201cUn Susurro En La Tormenta\u201d ser\u00e1 el octavo disco de estudio de La Oreja De Van Gogh. Se sumar\u00e1 este nuevo disco a una envidiable trayectoria: con siete \u00e1lbumes de estudio.<\/p>\n<div data-mh=\"154\" data-mhc=\"1\">Te pareces tanto a mi y otros videos de la banda, m\u00e1s toda la programaci\u00f3n de la radio se ve en tu compu, tablet y Smart TV con s\u00f3lo entrar a masfm.com o en tu celular gracias a la App de la radio. Bajala gratis desde <a href=\"https:\/\/masfm.pryx.com.ar\/install\/\" target=\"_blank\" rel=\"noopener noreferrer\">ac\u00e1<\/a>.<\/div>\n<div data-mh=\"154\" data-mhc=\"1\"><\/div>\n<h4 data-mh=\"154\" data-mhc=\"1\">Sumate!<\/h4>\n<div data-mh=\"154\" data-mhc=\"1\"><div class=\"widget_wysija_cont shortcode_wysija\"><div id=\"msg-form-wysija-shortcode69ee36848d341-1\" class=\"wysija-msg ajax\"><\/div><form id=\"form-wysija-shortcode69ee36848d341-1\" method=\"post\" action=\"#wysija\" class=\"widget_wysija shortcode_wysija\">\n<p class=\"wysija-paragraph\">\n    \n    \n    \t<input type=\"text\" name=\"wysija[user][firstname]\" class=\"wysija-input validate[required]\" title=\"Tu nombre\" placeholder=\"Tu nombre\" value=\"\" \/>\n    \n    \n    \n    <span class=\"abs-req\">\n        <input type=\"text\" name=\"wysija[user][abs][firstname]\" class=\"wysija-input validated[abs][firstname]\" value=\"\" \/>\n    <\/span>\n    \n<\/p>\n<p class=\"wysija-paragraph\">\n    \n    \n    \t<input type=\"text\" name=\"wysija[user][email]\" class=\"wysija-input validate[required,custom[email]]\" title=\"Tu correo\" placeholder=\"Tu correo\" value=\"\" \/>\n    \n    \n    \n    <span class=\"abs-req\">\n        <input type=\"text\" name=\"wysija[user][abs][email]\" class=\"wysija-input validated[abs][email]\" value=\"\" \/>\n    <\/span>\n    \n<\/p>\n\n<input class=\"wysija-submit wysija-submit-field\" type=\"submit\" value=\"Sumate!\" \/>\n\n    <input type=\"hidden\" name=\"form_id\" value=\"1\" \/>\n    <input type=\"hidden\" name=\"action\" value=\"save\" \/>\n    <input type=\"hidden\" name=\"controller\" value=\"subscribers\" \/>\n    <input type=\"hidden\" value=\"1\" name=\"wysija-page\" \/>\n\n    \n        <input type=\"hidden\" name=\"wysija[user_list][list_ids]\" value=\"1\" \/>\n    \n <\/form><\/div><\/div>\n<div data-mh=\"154\" data-mhc=\"1\"><\/div>\n<div data-mh=\"154\" data-mhc=\"1\"><img loading=\"lazy\" decoding=\"async\" class=\"alignnone wp-image-13101 size-full\" title=\"noticiasTE-PARECES-TANTO-A-MI-la-oreja-de-van-gogh-m\u00e1s-fm-95.9-online-santa-fe\" src=\"https:\/\/www.masfm.com\/emisora\/wp-content\/uploads\/2020\/07\/noticiasTE-PARECES-TANTO-A-MI-la-oreja-de-van-gogh-m\u00e1s-fm-95.9-online-santa-fe-2.jpg\" alt=\"noticiasTE-PARECES-TANTO-A-MI-la-oreja-de-van-gogh-m\u00e1s-fm-95.9-online-santa-fe\" width=\"690\" height=\"330\" srcset=\"https:\/\/masfm.com\/emisora\/wp-content\/uploads\/2020\/07\/noticiasTE-PARECES-TANTO-A-MI-la-oreja-de-van-gogh-m\u00e1s-fm-95.9-online-santa-fe-2.jpg 690w, https:\/\/masfm.com\/emisora\/wp-content\/uploads\/2020\/07\/noticiasTE-PARECES-TANTO-A-MI-la-oreja-de-van-gogh-m\u00e1s-fm-95.9-online-santa-fe-2-345x165.jpg 345w, https:\/\/masfm.com\/emisora\/wp-content\/uploads\/2020\/07\/noticiasTE-PARECES-TANTO-A-MI-la-oreja-de-van-gogh-m\u00e1s-fm-95.9-online-santa-fe-2-600x287.jpg 600w\" sizes=\"auto, (max-width: 690px) 100vw, 690px\" \/><\/div>\n<div data-mh=\"154\" data-mhc=\"1\"><\/div>\n","protected":false},"excerpt":{"rendered":"<p>\u201cTe Pareces Tanto A M\u00ed\u201d es la nueva canci\u00f3n que presenta La Oreja de Van Gogh. Adem\u00e1s, revela el t\u00edtulo de su nuevo \u00e1lbum \u201cUn Susurro en la Tormenta\u201d que saldr\u00e1 a la venta el 18 de septiembre. Si en abril anticiparon el romanticismo \u00e9pico de &#8220;Abr\u00e1zame&#8221;, la segunda entrega del nuevo \u00e1lbum es un&hellip;<\/p>\n","protected":false},"author":4,"featured_media":13102,"comment_status":"closed","ping_status":"open","sticky":false,"template":"","format":"video","meta":{"footnotes":""},"categories":[2],"tags":[48,11,305,47,46,13,14,51,24,23],"class_list":["post-13092","post","type-post","status-publish","format-video","has-post-thumbnail","hentry","category-noticias","tag-esporaca","tag-interes-gral","tag-la-oreja-de-van-gogh","tag-laradioqueseve","tag-masfm959","tag-musica","tag-noticias","tag-nuevo","tag-videos","tag-video","post_format-post-format-video"],"amp_enabled":true,"_links":{"self":[{"href":"https:\/\/masfm.com\/emisora\/wp-json\/wp\/v2\/posts\/13092","targetHints":{"allow":["GET"]}}],"collection":[{"href":"https:\/\/masfm.com\/emisora\/wp-json\/wp\/v2\/posts"}],"about":[{"href":"https:\/\/masfm.com\/emisora\/wp-json\/wp\/v2\/types\/post"}],"author":[{"embeddable":true,"href":"https:\/\/masfm.com\/emisora\/wp-json\/wp\/v2\/users\/4"}],"replies":[{"embeddable":true,"href":"https:\/\/masfm.com\/emisora\/wp-json\/wp\/v2\/comments?post=13092"}],"version-history":[{"count":0,"href":"https:\/\/masfm.com\/emisora\/wp-json\/wp\/v2\/posts\/13092\/revisions"}],"wp:featuredmedia":[{"embeddable":true,"href":"https:\/\/masfm.com\/emisora\/wp-json\/wp\/v2\/media\/13102"}],"wp:attachment":[{"href":"https:\/\/masfm.com\/emisora\/wp-json\/wp\/v2\/media?parent=13092"}],"wp:term":[{"taxonomy":"category","embeddable":true,"href":"https:\/\/masfm.com\/emisora\/wp-json\/wp\/v2\/categories?post=13092"},{"taxonomy":"post_tag","embeddable":true,"href":"https:\/\/masfm.com\/emisora\/wp-json\/wp\/v2\/tags?post=13092"}],"curies":[{"name":"wp","href":"https:\/\/api.w.org\/{rel}","templated":true}]}}