{"id":13116,"date":"2020-07-11T16:19:56","date_gmt":"2020-07-11T19:19:56","guid":{"rendered":"https:\/\/www.masfm.com\/emisora\/?p=13116"},"modified":"2020-07-11T16:19:56","modified_gmt":"2020-07-11T19:19:56","slug":"lo-nuevo-de-louta","status":"publish","type":"post","link":"https:\/\/masfm.com\/emisora\/lo-nuevo-de-louta\/","title":{"rendered":"LO NUEVO DE LOUTA"},"content":{"rendered":"<p>Lo nuevo de Louta a pocos d\u00edas de ser nominado al Premio Gardel por &#8220;<a href=\"https:\/\/www.masfm.com\/emisora\/?s=No+Te+Comas+La+Peli\" target=\"_blank\" rel=\"noopener noreferrer\">No Te Comas La Peli<\/a>&#8221; en la categor\u00eda Mejor video Corto, Jaime James sigue apostando a la direcci\u00f3n y esta vez nos trae en colaboraci\u00f3n con Rami Birriel el videoclip de &#8220;Media Hora&#8221;.<\/p>\n<p>Filmado en cuarentena con un celular, entre fotos y videos, &#8220;Media Hora&#8221; nos muestra un <a href=\"https:\/\/www.masfm.com\/emisora\/?s=Louta\" target=\"_blank\" rel=\"noopener noreferrer\">Louta<\/a> totalmente gestual. Usando como herramienta principal su gran expresividad, Louta exprime este recurso al m\u00e1ximo y nos regala una interpretaci\u00f3n digna del performer que es.<\/p>\n<p>&#8220;Media Hora&#8221; forma parte del tercer disco de estudio de LOUTA 2030. Este disco fue creado desde el confinamiento y producido a distancia entre el propio <a href=\"https:\/\/www.masfm.com\/emisora\/?s=Jaime+James\" target=\"_blank\" rel=\"noopener noreferrer\">Jaime James<\/a> y <a href=\"https:\/\/www.masfm.com\/emisora\/?s=Visitante\" target=\"_blank\" rel=\"noopener noreferrer\">Visitante<\/a> (<a href=\"https:\/\/www.masfm.com\/emisora\/?s=Eduardo+Cabra\" target=\"_blank\" rel=\"noopener noreferrer\">Eduardo Cabra<\/a> \u2013 <a href=\"https:\/\/www.masfm.com\/emisora\/?s=Calle+13\" target=\"_blank\" rel=\"noopener noreferrer\">Calle 13<\/a>). Adem\u00e1s cuenta con la co produccion de Alizzz (<a href=\"https:\/\/www.masfm.com\/emisora\/?s=Rosalia\" target=\"_blank\" rel=\"noopener noreferrer\">Rosalia<\/a>, <a href=\"https:\/\/www.masfm.com\/emisora\/?s=C.+Tangana\" target=\"_blank\" rel=\"noopener noreferrer\">C. Tangana<\/a>), <a href=\"https:\/\/www.masfm.com\/emisora\/?s=Nico+Cotton\" target=\"_blank\" rel=\"noopener noreferrer\">Nico Cotton<\/a>, <a href=\"https:\/\/www.masfm.com\/emisora\/?s=Orodembow\" target=\"_blank\" rel=\"noopener noreferrer\">Orodembow<\/a> y <a href=\"https:\/\/www.masfm.com\/emisora\/?s=Mauro+De+Tommaso\" target=\"_blank\" rel=\"noopener noreferrer\">Mauro De Tommaso<\/a>.<\/p>\n<h4>Letra de Media Hora:<\/h4>\n<div class=\"ujudUb\">Nadie sabe lo que siente y qu\u00e9 le pasa<br \/>\nApenas le hablan ya se pone la coraza<br \/>\nMmm, mmm \u00bfQu\u00e9 le pasa?<br \/>\nSus ojos negros giran como una medalla<\/div>\n<div class=\"ujudUb\">Ya no sale afuera porque no le gusta el aire<br \/>\nNo quiere que le hablen, no se aguanta a nadie<br \/>\nUh-uh-uh, ey, ni que bailen<br \/>\nSi se mueven ya le tira su Rottweiler<\/div>\n<div class=\"ujudUb\">Tiene tatuajes en la mente<br \/>\nYa vio los siete continente&#8217;<br \/>\nEscupe espina&#8217; cada media hora<br \/>\nCorr\u00e9 tu cara porque la perfora<\/div>\n<div class=\"ujudUb\">Uh-uh, uh, guacho, ni lo intente&#8217;<br \/>\nNo tiene una pistola pero tiene diente&#8217;<br \/>\nMm, mm, no le alcanza el tiempo<br \/>\nTe arranca los dos ojo&#8217; y lo&#8217; usa &#8216;e condimento<\/div>\n<div class=\"ujudUb\">Uh, como un frisbee<br \/>\nVa y vuelve<br \/>\nComo un frisbee<br \/>\nVa y vuel-, va y<\/div>\n<div class=\"ujudUb\">Uh, va y, uh, va y<br \/>\nTe lastima pero encima contamina<br \/>\nUh, va y, uh, mai&#8217;<br \/>\nTe lastima pero encima no te olvida<\/div>\n<div class=\"ujudUb\">Y tiene tatuajes en la mente<br \/>\nTiene cien dedos en la frente<br \/>\nSi va pa&#8217;l baile te mata la joda<br \/>\nSi va pa&#8217;l baile te mata la joda<\/div>\n<div class=\"ujudUb\">Uh-uh, ay, guacho, ni lo intente&#8217;<br \/>\nNo tiene una pistola pero tiene diente&#8217;<br \/>\nUh-uh, uah-ah, no le alcanza el tiempo<br \/>\nTe arranca los dos ojo&#8217; y lo&#8217; usa &#8216;e condimento<\/div>\n<div class=\"ujudUb WRZytc\">Ya casi no puedo ver<br \/>\nMe raspa tu sal, tu nada me encandila de cerca<br \/>\nYa nada me convence, te necesito<br \/>\nYa cambi\u00e9 de canal para hidratarme de vuelta<br \/>\nTe necesito, no aguanto m\u00e1s tu forma de hablar<br \/>\nTodo mal, todo mal, ya no me llames de vuelta<\/div>\n<p>Lo nuevo de Louta pod\u00e9s verlo en la programaci\u00f3n de la radio en tu compu, tablet, Smart TV entrando a <a href=\"https:\/\/www.masfm.com\/\" target=\"_blank\" rel=\"noopener noreferrer\">www.masfm.com<\/a> o en tu celular gracias a la App de la radio. Bajala gratis <a href=\"https:\/\/masfm.pryx.com.ar\/install\/\" target=\"_blank\" rel=\"noopener noreferrer\">desde ac\u00e1<\/a>.<\/p>\n<p><img loading=\"lazy\" decoding=\"async\" class=\"alignnone size-medium wp-image-13119\" src=\"https:\/\/www.masfm.com\/emisora\/wp-content\/uploads\/2020\/07\/noticias-lo-nuevo-de-Louta-m\u00e1s-fm-95.9-online-santa-fe-media-hora-690x330.jpg\" alt=\"noticias-lo-nuevo-de-Louta-m\u00e1s-fm-95.9-online-santa-fe-media-hora\" width=\"690\" height=\"330\" title=\"\" srcset=\"https:\/\/masfm.com\/emisora\/wp-content\/uploads\/2020\/07\/noticias-lo-nuevo-de-Louta-m\u00e1s-fm-95.9-online-santa-fe-media-hora.jpg 690w, https:\/\/masfm.com\/emisora\/wp-content\/uploads\/2020\/07\/noticias-lo-nuevo-de-Louta-m\u00e1s-fm-95.9-online-santa-fe-media-hora-345x165.jpg 345w, https:\/\/masfm.com\/emisora\/wp-content\/uploads\/2020\/07\/noticias-lo-nuevo-de-Louta-m\u00e1s-fm-95.9-online-santa-fe-media-hora-600x287.jpg 600w\" sizes=\"auto, (max-width: 690px) 100vw, 690px\" \/><\/p>\n","protected":false},"excerpt":{"rendered":"<p>Lo nuevo de Louta a pocos d\u00edas de ser nominado al Premio Gardel por &#8220;No Te Comas La Peli&#8221; en la categor\u00eda Mejor video Corto, Jaime James sigue apostando a la direcci\u00f3n y esta vez nos trae en colaboraci\u00f3n con Rami Birriel el videoclip de &#8220;Media Hora&#8221;. Filmado en cuarentena con un celular, entre fotos&hellip;<\/p>\n","protected":false},"author":4,"featured_media":13118,"comment_status":"closed","ping_status":"open","sticky":false,"template":"","format":"video","meta":{"footnotes":""},"categories":[2],"tags":[48,47,186,14,51,24,23],"class_list":["post-13116","post","type-post","status-publish","format-video","has-post-thumbnail","hentry","category-noticias","tag-esporaca","tag-laradioqueseve","tag-louta","tag-noticias","tag-nuevo","tag-videos","tag-video","post_format-post-format-video"],"amp_enabled":true,"_links":{"self":[{"href":"https:\/\/masfm.com\/emisora\/wp-json\/wp\/v2\/posts\/13116","targetHints":{"allow":["GET"]}}],"collection":[{"href":"https:\/\/masfm.com\/emisora\/wp-json\/wp\/v2\/posts"}],"about":[{"href":"https:\/\/masfm.com\/emisora\/wp-json\/wp\/v2\/types\/post"}],"author":[{"embeddable":true,"href":"https:\/\/masfm.com\/emisora\/wp-json\/wp\/v2\/users\/4"}],"replies":[{"embeddable":true,"href":"https:\/\/masfm.com\/emisora\/wp-json\/wp\/v2\/comments?post=13116"}],"version-history":[{"count":0,"href":"https:\/\/masfm.com\/emisora\/wp-json\/wp\/v2\/posts\/13116\/revisions"}],"wp:featuredmedia":[{"embeddable":true,"href":"https:\/\/masfm.com\/emisora\/wp-json\/wp\/v2\/media\/13118"}],"wp:attachment":[{"href":"https:\/\/masfm.com\/emisora\/wp-json\/wp\/v2\/media?parent=13116"}],"wp:term":[{"taxonomy":"category","embeddable":true,"href":"https:\/\/masfm.com\/emisora\/wp-json\/wp\/v2\/categories?post=13116"},{"taxonomy":"post_tag","embeddable":true,"href":"https:\/\/masfm.com\/emisora\/wp-json\/wp\/v2\/tags?post=13116"}],"curies":[{"name":"wp","href":"https:\/\/api.w.org\/{rel}","templated":true}]}}