{"id":13414,"date":"2020-08-06T20:57:10","date_gmt":"2020-08-06T23:57:10","guid":{"rendered":"https:\/\/www.masfm.com\/emisora\/?p=13414"},"modified":"2025-08-17T16:28:52","modified_gmt":"2025-08-17T19:28:52","slug":"codo-a-codo","status":"publish","type":"post","link":"https:\/\/masfm.com\/emisora\/codo-a-codo\/","title":{"rendered":"ABEL HACE SHOW CODO A CODO"},"content":{"rendered":"\n<figure class=\"wp-block-image\"><img loading=\"lazy\" decoding=\"async\" width=\"690\" height=\"330\" src=\"https:\/\/www.masfm.com\/emisora\/wp-content\/uploads\/2020\/08\/noticias-CODO-A-CODO-abel-pintos-esposito-m\u00e1s-fm-95.9-online-santa-fe-2.jpg\" alt=\"noticias-CODO-A-CODO-abel-pintos-esposito-m\u00e1s-fm-95.9-online-santa-fe\" class=\"wp-image-13419\" title=\"noticias-CODO-A-CODO-abel-pintos-esposito-m\u00e1s-fm-95.9-online-santa-fe\" srcset=\"https:\/\/masfm.com\/emisora\/wp-content\/uploads\/2020\/08\/noticias-CODO-A-CODO-abel-pintos-esposito-m\u00e1s-fm-95.9-online-santa-fe-2.jpg 690w, https:\/\/masfm.com\/emisora\/wp-content\/uploads\/2020\/08\/noticias-CODO-A-CODO-abel-pintos-esposito-m\u00e1s-fm-95.9-online-santa-fe-2-345x165.jpg 345w, https:\/\/masfm.com\/emisora\/wp-content\/uploads\/2020\/08\/noticias-CODO-A-CODO-abel-pintos-esposito-m\u00e1s-fm-95.9-online-santa-fe-2-600x287.jpg 600w\" sizes=\"auto, (max-width: 690px) 100vw, 690px\" \/><\/figure>\n\n\n\n<p>Abel Pintos se present\u00f3 &#8220;Codo a Codo&#8221; ante Ver\u00f3nica Esquivel, voluntaria en un comedor de la Villa 6, en un espect\u00e1culo especial que tuvo lugar en la Usina del Arte.<\/p>\n\n\n\n<p>\u201cCodo a Codo\u201d es una serie de diez shows realizados en seis pa\u00edses de Am\u00e9rica Latina presentado por Mercado Libre para homenajear a quienes est\u00e1n en la primera l\u00ednea de la lucha contra el coronavirus.<\/p>\n\n\n\n<p>Cada uno de ellos, con una sola persona como espectador.<\/p>\n\n\n\n<blockquote class=\"wp-block-quote is-layout-flow wp-block-quote-is-layout-flow\">\n<p>\u201cCuando nos encontramos para grabar con Ver\u00f3nica y el equipo, fue mi primera oportunidad de salir de casa. De camino al lugar, sent\u00ed mucho miedo. Fue muy extra\u00f1o salir de casa y tener miedo. Me resultaba muy conmovedor hacer lo que m\u00e1s amo en la vida desde ni\u00f1o y tener esa sensaci\u00f3n. Pero cuando estaba en el escenario y la vi entrar a Ver\u00f3nica, volv\u00ed a sentir la magia y el disfrute que me hace poder dar un concierto. Fue un privilegio poder cantar para ella, representa a miles de personas\u201d, dijo Abel Pintos. Y agreg\u00f3: \u201cEsta oportunidad me ilumin\u00f3, me hizo recobrar las esperanzas\u201d.<\/p>\n<\/blockquote>\n\n\n\n<blockquote class=\"wp-block-quote is-layout-flow wp-block-quote-is-layout-flow\">\n<p>\u201cViv\u00ed una de las experiencias m\u00e1s lindas de mi vida, que no me voy a olvidar jam\u00e1s. Realmente me sorprendieron. Disfrut\u00e9 mucho encontrarme con Abel Pintos, sentarme frente a \u00e9l y escuchar su m\u00fasica que me hace muy feliz\u201d, coment\u00f3 Ver\u00f3nica Esquivel. Adem\u00e1s reflexion\u00f3 sobre uno de los momentos m\u00e1s duros que le toc\u00f3 vivir durante la pandemia, haciendo referencia al estar en contacto con las necesidades de la gente del barrio.<\/p>\n<\/blockquote>\n\n\n\n<h2 class=\"wp-block-heading\">Artistas que participan de la iniciativa &#8220;Codo a codo&#8221;.<\/h2>\n\n\n\n<p><a href=\"https:\/\/www.masfm.com\/emisora\/?s=Abel+Pintos\" target=\"_blank\" rel=\"noopener noreferrer\">Abel Pintos<\/a>, <a href=\"https:\/\/www.masfm.com\/emisora\/?s=Vicentico\" target=\"_blank\" rel=\"noopener noreferrer\">Vicentico<\/a>, <a href=\"https:\/\/www.masfm.com\/emisora\/?s=Sebasti%C3%A1n+Yatra\" target=\"_blank\" rel=\"noopener noreferrer\">Sebasti\u00e1n Yatra<\/a>, <a href=\"https:\/\/www.masfm.com\/emisora\/?s=Natalia+Lafourcade\" target=\"_blank\" rel=\"noopener noreferrer\">Natalia Lafourcade<\/a>, <a href=\"https:\/\/www.masfm.com\/emisora\/?s=Seu+Jorge\" target=\"_blank\" rel=\"noopener noreferrer\">Seu Jorge<\/a>, <a href=\"https:\/\/www.masfm.com\/emisora\/?s=Daniela+Mercury\" target=\"_blank\" rel=\"noopener noreferrer\">Daniela Mercury<\/a>, <a href=\"https:\/\/www.masfm.com\/emisora\/?s=Paula+Fernandes\" target=\"_blank\" rel=\"noopener noreferrer\">Paula Fernandes<\/a>, <a href=\"https:\/\/www.masfm.com\/emisora\/?s=Tito+Fuentes\" target=\"_blank\" rel=\"noopener noreferrer\">Tito Fuentes <\/a>(de <a href=\"https:\/\/www.masfm.com\/emisora\/?s=Molotov\" target=\"_blank\" rel=\"noopener noreferrer\">Molotov<\/a>), <a href=\"https:\/\/www.masfm.com\/emisora\/?s=gepe\" target=\"_blank\" rel=\"noopener noreferrer\">Gepe<\/a> y <a href=\"https:\/\/www.masfm.com\/emisora\/?s=Sebasti%C3%A1n+Teysera\" target=\"_blank\" rel=\"noopener noreferrer\">Sebasti\u00e1n Teysera<\/a> (cantante de <a href=\"https:\/\/www.masfm.com\/emisora\/?s=La+Vela+Puerca\" target=\"_blank\" rel=\"noopener noreferrer\">La Vela Puerca<\/a>) son quienes participaron cantando en un espect\u00e1culo \u00edntimo y exclusivo.<\/p>\n\n\n\n<p>Mientras tanto, Vicentico homenaje\u00f3 con sus canciones a Magal\u00ed Avruj, m\u00e9dica especialista en medicina interna del Hospital Pirovano.<\/p>\n\n\n\n<p>Junto con los espect\u00e1culos, se lanza una campa\u00f1a de donaciones para recaudar fondos para Cruz Roja y la Red Argentina de Bancos de Alimentos. <\/p>\n\n\n\n<p>A trav\u00e9s de un c\u00f3digo QR que podr\u00e1 verse en pantalla o accediendo a <a href=\"https:\/\/www.mercadolibre.com.ar\/enconcierto\" target=\"_blank\" rel=\"noopener noreferrer\">este link<\/a>, los espectadores podr\u00e1n colaborar. <\/p>\n\n\n\n<p>Las donaciones no tienen ning\u00fan costo de comisi\u00f3n y la totalidad del dinero recaudado ser\u00e1 destinado a las asociaciones.<\/p>\n\n\n\n<p>&#8220;Codo a codo&#8221; busca reforzar las iniciativas impulsadas por Mercado Libre para la prevenci\u00f3n y la seguridad, el consumo responsable y la solidaridad que asumi\u00f3 la compa\u00f1\u00eda desde el comienzo de la pandemia.<\/p>\n\n\n\n<h2 class=\"wp-block-heading\" id=\"ya-lo-sumamos\">\u00a1Ya lo sumamos!<\/h2>\n\n\n\n<p>Los mejores videos de todos los artistas mencionados ya forman parte de nuestra programaci\u00f3n, la cual desde hace M\u00e1s de dos d\u00e9cadas, la disfrut\u00e1s 100 % con im\u00e1genes.<\/p>\n\n\n\n<p>Acordate, pod\u00e9s mirarnos desde tu compu, tablet, notebook o Smart TV con s\u00f3lo&nbsp;<a href=\"https:\/\/masfm.com\/emisora\/#section-custom-content-2\" target=\"_blank\" rel=\"noreferrer noopener\">entrar ac\u00e1<\/a>.<\/p>\n\n\n\n<p>Si prefer\u00eds que la experiencia sea por medio de tu celular, bajate la App gratuitamente&nbsp;<a href=\"https:\/\/masfm.pryx.com.ar\/install\/\" target=\"_blank\" rel=\"noreferrer noopener\">desde ac\u00e1<\/a>&nbsp;y miranos desde cualquier parte del mundo, a la hora que quieras!<\/p>\n\n\n\n<p>Estamos las 24 horas con la mejor m\u00fasica y sus clips.<\/p>\n\n\n\n<h2 class=\"wp-block-heading\" id=\"registrate-a-mas-fm-95-9\">\u00a1Registrate a M\u00e1s FM 95 9!<\/h2>\n\n\n  \n  \n  <div class=\"\n    mailpoet_form_popup_overlay\n      \"><\/div>\n  <div\n    id=\"mailpoet_form_3\"\n    class=\"\n      mailpoet_form\n      mailpoet_form_html\n      mailpoet_form_position_\n      mailpoet_form_animation_\n    \"\n      >\n\n    <style type=\"text\/css\">\n     #mailpoet_form_3 .mailpoet_form {  }\n#mailpoet_form_3 .mailpoet_column_with_background { padding: 10px; }\n#mailpoet_form_3 .mailpoet_form_column:not(:first-child) { margin-left: 20px; }\n#mailpoet_form_3 .mailpoet_paragraph { line-height: 20px; margin-bottom: 20px; }\n#mailpoet_form_3 .mailpoet_segment_label, #mailpoet_form_3 .mailpoet_text_label, #mailpoet_form_3 .mailpoet_textarea_label, #mailpoet_form_3 .mailpoet_select_label, #mailpoet_form_3 .mailpoet_radio_label, #mailpoet_form_3 .mailpoet_checkbox_label, #mailpoet_form_3 .mailpoet_list_label, #mailpoet_form_3 .mailpoet_date_label { display: block; font-weight: normal; }\n#mailpoet_form_3 .mailpoet_text, #mailpoet_form_3 .mailpoet_textarea, #mailpoet_form_3 .mailpoet_select, #mailpoet_form_3 .mailpoet_date_month, #mailpoet_form_3 .mailpoet_date_day, #mailpoet_form_3 .mailpoet_date_year, #mailpoet_form_3 .mailpoet_date { display: block; }\n#mailpoet_form_3 .mailpoet_text, #mailpoet_form_3 .mailpoet_textarea { width: 200px; }\n#mailpoet_form_3 .mailpoet_checkbox {  }\n#mailpoet_form_3 .mailpoet_submit {  }\n#mailpoet_form_3 .mailpoet_divider {  }\n#mailpoet_form_3 .mailpoet_message {  }\n#mailpoet_form_3 .mailpoet_form_loading { width: 30px; text-align: center; line-height: normal; }\n#mailpoet_form_3 .mailpoet_form_loading > span { width: 5px; height: 5px; background-color: #5b5b5b; }#mailpoet_form_3{border-radius: 0px;text-align: left;}#mailpoet_form_3 form.mailpoet_form {padding: 20px;}#mailpoet_form_3{width: 100%;}#mailpoet_form_3 .mailpoet_message {margin: 0; padding: 0 20px;}#mailpoet_form_3 .mailpoet_paragraph.last {margin-bottom: 0} @media (max-width: 500px) {#mailpoet_form_3 {background-image: none;}} @media (min-width: 500px) {#mailpoet_form_3 .last .mailpoet_paragraph:last-child {margin-bottom: 0}}  @media (max-width: 500px) {#mailpoet_form_3 .mailpoet_form_column:last-child .mailpoet_paragraph:last-child {margin-bottom: 0}} \n    <\/style>\n\n    <form\n      target=\"_self\"\n      method=\"post\"\n      action=\"https:\/\/masfm.com\/emisora\/wp-admin\/admin-post.php?action=mailpoet_subscription_form\"\n      class=\"mailpoet_form mailpoet_form_form mailpoet_form_html\"\n      novalidate\n      data-delay=\"\"\n      data-exit-intent-enabled=\"\"\n      data-trigger-mode=\"\"\n      data-click-trigger-selector=\"\"\n      data-font-family=\"\"\n      data-cookie-expiration-time=\"\"\n    >\n      <input type=\"hidden\" name=\"data[form_id]\" value=\"3\" \/>\n      <input type=\"hidden\" name=\"token\" value=\"eeed3e4855\" \/>\n      <input type=\"hidden\" name=\"api_version\" value=\"v1\" \/>\n      <input type=\"hidden\" name=\"endpoint\" value=\"subscribers\" \/>\n      <input type=\"hidden\" name=\"mailpoet_method\" value=\"subscribe\" \/>\n\n      <label class=\"mailpoet_hp_email_label\" style=\"display: none !important;\">Please leave this field empty<input type=\"email\" name=\"data[email]\"\/><\/label><div class='mailpoet_form_columns_container'><div class=\"mailpoet_form_columns mailpoet_paragraph mailpoet_stack_on_mobile\"><div class=\"mailpoet_form_column\"><div class=\"mailpoet_paragraph \"><input type=\"text\" autocomplete=\"given-name\" class=\"mailpoet_text\" id=\"form_first_name_3\" name=\"data[form_field_Mjg5ZDFmYWM5ZDQ5X2ZpcnN0X25hbWU=]\" title=\"Nombre\" value=\"\" style=\"width:100%;box-sizing:border-box;padding:5px;margin: 0 auto 0 0;\" data-automation-id=\"form_first_name\"  placeholder=\"Nombre\" aria-label=\"Nombre\" data-parsley-errors-container=\".mailpoet_error_1llst\" data-parsley-names='[&quot;Please specify a valid name.&quot;,&quot;Addresses in names are not permitted, please add your name instead.&quot;]'\/><span class=\"mailpoet_error_1llst\"><\/span><\/div>\n<\/div>\n<div class=\"mailpoet_form_column\"><div class=\"mailpoet_paragraph \"><input type=\"email\" autocomplete=\"email\" class=\"mailpoet_text\" id=\"form_email_3\" name=\"data[form_field_OGY2ODJhNTQxZjUxX2VtYWls]\" title=\"TU MAIL:\" value=\"\" style=\"width:100%;box-sizing:border-box;padding:5px;margin: 0 auto 0 0;\" data-automation-id=\"form_email\"  placeholder=\"TU MAIL: *\" aria-label=\"TU MAIL: *\" data-parsley-errors-container=\".mailpoet_error_mw86m\" data-parsley-required=\"true\" required aria-required=\"true\" data-parsley-minlength=\"6\" data-parsley-maxlength=\"150\" data-parsley-type-message=\"This value should be a valid email.\" data-parsley-required-message=\"This field is required.\"\/><span class=\"mailpoet_error_mw86m\"><\/span><\/div>\n<\/div>\n<div class=\"mailpoet_form_column\"><div class=\"mailpoet_paragraph \"><input type=\"submit\" class=\"mailpoet_submit\" value=\"SUMATE YA!\" data-automation-id=\"subscribe-submit-button\" style=\"width:100%;box-sizing:border-box;padding:5px;margin: 0 auto 0 0;border-color:transparent;\" \/><span class=\"mailpoet_form_loading\"><span class=\"mailpoet_bounce1\"><\/span><span class=\"mailpoet_bounce2\"><\/span><span class=\"mailpoet_bounce3\"><\/span><\/span><\/div>\n<\/div>\n<\/div><\/div>\n<div class='mailpoet_form_columns_container'><div class=\"mailpoet_form_columns mailpoet_paragraph mailpoet_stack_on_mobile\"><div class=\"mailpoet_form_column\"><\/div>\n<div class=\"mailpoet_form_column\"><\/div>\n<\/div><\/div>\n\n      <div class=\"mailpoet_message\">\n        <p class=\"mailpoet_validate_success\"\n                style=\"display:none;\"\n                >Revisa tu bandeja de entrada o la carpeta de spam para confirmar tu suscripci\u00f3n.\n        <\/p>\n        <p class=\"mailpoet_validate_error\"\n                style=\"display:none;\"\n                >        <\/p>\n      <\/div>\n    <\/form>\n\n      <\/div>\n\n  \n\n\n<figure class=\"wp-block-image\"><img loading=\"lazy\" decoding=\"async\" width=\"690\" height=\"330\" src=\"https:\/\/www.masfm.com\/emisora\/wp-content\/uploads\/2020\/08\/noticias-CODO-A-CODO-abel-pintos-esposito-m\u00e1s-fm-95.9-online-santa-fe-2.jpg\" alt=\"noticias-CODO-A-CODO-abel-pintos-esposito-m\u00e1s-fm-95.9-online-santa-fe\" class=\"wp-image-13419\" title=\"noticias-CODO-A-CODO-abel-pintos-esposito-m\u00e1s-fm-95.9-online-santa-fe\" srcset=\"https:\/\/masfm.com\/emisora\/wp-content\/uploads\/2020\/08\/noticias-CODO-A-CODO-abel-pintos-esposito-m\u00e1s-fm-95.9-online-santa-fe-2.jpg 690w, https:\/\/masfm.com\/emisora\/wp-content\/uploads\/2020\/08\/noticias-CODO-A-CODO-abel-pintos-esposito-m\u00e1s-fm-95.9-online-santa-fe-2-345x165.jpg 345w, https:\/\/masfm.com\/emisora\/wp-content\/uploads\/2020\/08\/noticias-CODO-A-CODO-abel-pintos-esposito-m\u00e1s-fm-95.9-online-santa-fe-2-600x287.jpg 600w\" sizes=\"auto, (max-width: 690px) 100vw, 690px\" \/><\/figure>\n\n\n\n<p><\/p>\n","protected":false},"excerpt":{"rendered":"<p>Abel Pintos se present\u00f3 &#8220;Codo a Codo&#8221; ante Ver\u00f3nica Esquivel, voluntaria en un comedor de la Villa 6, en un espect\u00e1culo especial que tuvo lugar en la Usina del Arte. \u201cCodo a Codo\u201d es una serie de diez shows realizados en seis pa\u00edses de Am\u00e9rica Latina presentado por Mercado Libre para homenajear a quienes est\u00e1n&hellip;<\/p>\n","protected":false},"author":4,"featured_media":13420,"comment_status":"closed","ping_status":"open","sticky":false,"template":"","format":"video","meta":{"footnotes":""},"categories":[2],"tags":[153,48,47,46,13,14,45],"class_list":["post-13414","post","type-post","status-publish","format-video","has-post-thumbnail","hentry","category-noticias","tag-abel-pintos","tag-esporaca","tag-laradioqueseve","tag-masfm959","tag-musica","tag-noticias","tag-shows","post_format-post-format-video"],"amp_enabled":true,"_links":{"self":[{"href":"https:\/\/masfm.com\/emisora\/wp-json\/wp\/v2\/posts\/13414","targetHints":{"allow":["GET"]}}],"collection":[{"href":"https:\/\/masfm.com\/emisora\/wp-json\/wp\/v2\/posts"}],"about":[{"href":"https:\/\/masfm.com\/emisora\/wp-json\/wp\/v2\/types\/post"}],"author":[{"embeddable":true,"href":"https:\/\/masfm.com\/emisora\/wp-json\/wp\/v2\/users\/4"}],"replies":[{"embeddable":true,"href":"https:\/\/masfm.com\/emisora\/wp-json\/wp\/v2\/comments?post=13414"}],"version-history":[{"count":0,"href":"https:\/\/masfm.com\/emisora\/wp-json\/wp\/v2\/posts\/13414\/revisions"}],"wp:featuredmedia":[{"embeddable":true,"href":"https:\/\/masfm.com\/emisora\/wp-json\/wp\/v2\/media\/13420"}],"wp:attachment":[{"href":"https:\/\/masfm.com\/emisora\/wp-json\/wp\/v2\/media?parent=13414"}],"wp:term":[{"taxonomy":"category","embeddable":true,"href":"https:\/\/masfm.com\/emisora\/wp-json\/wp\/v2\/categories?post=13414"},{"taxonomy":"post_tag","embeddable":true,"href":"https:\/\/masfm.com\/emisora\/wp-json\/wp\/v2\/tags?post=13414"}],"curies":[{"name":"wp","href":"https:\/\/api.w.org\/{rel}","templated":true}]}}