{"id":13496,"date":"2020-08-28T18:03:45","date_gmt":"2020-08-28T21:03:45","guid":{"rendered":"https:\/\/www.masfm.com\/emisora\/?p=13496"},"modified":"2020-08-28T18:03:45","modified_gmt":"2020-08-28T21:03:45","slug":"el-abandono","status":"publish","type":"post","link":"https:\/\/masfm.com\/emisora\/el-abandono\/","title":{"rendered":"EL ABANDONO"},"content":{"rendered":"<p>El Abandono es el nuevo tema de <a href=\"https:\/\/www.masfm.com\/emisora\/?s=bambi\" target=\"_blank\" rel=\"noopener noreferrer\">Bambi<\/a>, de su \u00faltimo \u00e1lbum \u201cDesarmar\u201d.<\/p>\n<p>&#8220;Quiero laureles verdes, reales, vivos, no esos de oro o metal&#8221; (Roma, 1984), con estas palabras el gran escritor Jorge Luis Borges defin\u00eda lo que luego se convertir\u00eda en un monumento \u00fanico a un escritor argentino sin igual.<\/p>\n<p>Su deseo se convertir\u00eda en realidad gracias a los propietarios de la finca Los Alamos, en San Rafael, Mendoza, donde Borges visitaba a su amiga Susana Bombal.<\/p>\n<p>Este fant\u00e1stico lugar es una de las im\u00e1genes que ilustran \u201cEl Abandono\u201d, el video de esta canci\u00f3n de Bambi, que fue dirigido por Mariano Marino.<\/p>\n<p>Esta no es la \u00fanica referencia borgeana del m\u00fasico, tambi\u00e9n lo es la fecha de lanzamiento del mismo: 24 de agosto, la misma fecha de nacimiento del genial escritor en 1899.<\/p>\n<p>Todas estas im\u00e1genes de impactante belleza forman parte de la escenograf\u00eda del video de una canci\u00f3n que nos habla del desamor, de perdida.<\/p>\n<h4>Letra de El abandono:<\/h4>\n<p>Preso dentro de un relato<br \/>\nporque jam\u00e1s pude olvidar, el abandono<br \/>\ncre\u00eda que miraba todo desde afuera<br \/>\nmientras me sumerg\u00eda en un pozo<\/p>\n<p>Tu aroma infinito, apareci\u00f3<br \/>\ncruzando la autopista<br \/>\ncuando asoma el sol<\/p>\n<p>Ahora, d\u00e9jame solo<br \/>\naunque no sepa por d\u00f3nde volver<br \/>\njam\u00e1s pude con todo<br \/>\nlo que escribimos al amanecer<\/p>\n<p>L\u00e1stima, qu\u00e9 l\u00e1stima<br \/>\nnosotros dos<br \/>\nl\u00e1stima, me lastimas<br \/>\ny aqu\u00ed no se mueve m\u00e1s<\/p>\n<p>Porque ahora todo es tierra de nadie<br \/>\naunque digas que no hay nada que ver, ayer<br \/>\nno me responda con un pretexto<br \/>\nseguir peleando no arregla esto<br \/>\nqued\u00e9 caminando solo cerca de una v\u00eda<br \/>\nque est\u00e1 destruida parece la vida<br \/>\nparece la tuya, parece la m\u00eda, y todos los d\u00edas<br \/>\ntrat\u00e9 de acercarte y trat\u00e9 de entenderte<\/p>\n<p>Tu flor de agua bendita, se marchit\u00f3<br \/>\nme mata y resucita<br \/>\nsin pedir perd\u00f3n<\/p>\n<p>Ahora d\u00e9jame solo<br \/>\naunque no sepa por donde volver<br \/>\njam\u00e1s pude con todo<br \/>\nlo que escribimos al amanecer<\/p>\n<p>L\u00e1stima, que l\u00e1stima<br \/>\nnosotros dos<br \/>\nl\u00e1stima, me lastimas<br \/>\ny aqu\u00ed no se mueve m\u00e1s<\/p>\n<p>Ah<br \/>\ny aqu\u00ed no se mueve m\u00e1s.<\/p>\n<p>Este y muchos otros videos de Bambi, forman parte de nuestra programaci\u00f3n 100 % con im\u00e1genes, la cual pod\u00e9s disfrutar en tu compu, tablet, notebook y Smart TV entrando en nuestro <a href=\"https:\/\/www.masfm.com\/smart\" target=\"_blank\" rel=\"noopener noreferrer\">sitio Web<\/a>.<\/p>\n<p>Pero si prefer\u00eds la comodidad que te da el celular, s\u00f3lo ten\u00e9s que bajarte la App de la radio para vernos desde cualquier parte el mundo! Hacelo gratuitamente <a href=\"https:\/\/masfm.pryx.com.ar\/install\/\" target=\"_blank\" rel=\"noopener noreferrer\">desde ac\u00e1<\/a>.<\/p>\n<h4>Sumate!<\/h4>\n<div class=\"widget_wysija_cont shortcode_wysija\"><div id=\"msg-form-wysija-shortcode69f1b61c4723c-1\" class=\"wysija-msg ajax\"><\/div><form id=\"form-wysija-shortcode69f1b61c4723c-1\" method=\"post\" action=\"#wysija\" class=\"widget_wysija shortcode_wysija\">\n<p class=\"wysija-paragraph\">\n    \n    \n    \t<input type=\"text\" name=\"wysija[user][firstname]\" class=\"wysija-input validate[required]\" title=\"Tu nombre\" placeholder=\"Tu nombre\" value=\"\" \/>\n    \n    \n    \n    <span class=\"abs-req\">\n        <input type=\"text\" name=\"wysija[user][abs][firstname]\" class=\"wysija-input validated[abs][firstname]\" value=\"\" \/>\n    <\/span>\n    \n<\/p>\n<p class=\"wysija-paragraph\">\n    \n    \n    \t<input type=\"text\" name=\"wysija[user][email]\" class=\"wysija-input validate[required,custom[email]]\" title=\"Tu correo\" placeholder=\"Tu correo\" value=\"\" \/>\n    \n    \n    \n    <span class=\"abs-req\">\n        <input type=\"text\" name=\"wysija[user][abs][email]\" class=\"wysija-input validated[abs][email]\" value=\"\" \/>\n    <\/span>\n    \n<\/p>\n\n<input class=\"wysija-submit wysija-submit-field\" type=\"submit\" value=\"Sumate!\" \/>\n\n    <input type=\"hidden\" name=\"form_id\" value=\"1\" \/>\n    <input type=\"hidden\" name=\"action\" value=\"save\" \/>\n    <input type=\"hidden\" name=\"controller\" value=\"subscribers\" \/>\n    <input type=\"hidden\" value=\"1\" name=\"wysija-page\" \/>\n\n    \n        <input type=\"hidden\" name=\"wysija[user_list][list_ids]\" value=\"1\" \/>\n    \n <\/form><\/div>\n<p><img loading=\"lazy\" decoding=\"async\" class=\"alignnone size-full wp-image-13509\" src=\"https:\/\/www.masfm.com\/emisora\/wp-content\/uploads\/2020\/08\/noticias-EL-ABANDONO-BAMBI-m\u00e1s-fm-95.9-online-santa-fe-1.jpg\" alt=\"noticias-EL-ABANDONO-BAMBI-m\u00e1s-fm-95.9-online-santa-fe\" width=\"690\" height=\"330\" title=\"\" srcset=\"https:\/\/masfm.com\/emisora\/wp-content\/uploads\/2020\/08\/noticias-EL-ABANDONO-BAMBI-m\u00e1s-fm-95.9-online-santa-fe-1.jpg 690w, https:\/\/masfm.com\/emisora\/wp-content\/uploads\/2020\/08\/noticias-EL-ABANDONO-BAMBI-m\u00e1s-fm-95.9-online-santa-fe-1-345x165.jpg 345w, https:\/\/masfm.com\/emisora\/wp-content\/uploads\/2020\/08\/noticias-EL-ABANDONO-BAMBI-m\u00e1s-fm-95.9-online-santa-fe-1-600x287.jpg 600w\" sizes=\"auto, (max-width: 690px) 100vw, 690px\" \/><\/p>\n","protected":false},"excerpt":{"rendered":"<p>El Abandono es el nuevo tema de Bambi, de su \u00faltimo \u00e1lbum \u201cDesarmar\u201d. &#8220;Quiero laureles verdes, reales, vivos, no esos de oro o metal&#8221; (Roma, 1984), con estas palabras el gran escritor Jorge Luis Borges defin\u00eda lo que luego se convertir\u00eda en un monumento \u00fanico a un escritor argentino sin igual. Su deseo se convertir\u00eda&hellip;<\/p>\n","protected":false},"author":4,"featured_media":13510,"comment_status":"closed","ping_status":"open","sticky":false,"template":"","format":"video","meta":{"footnotes":""},"categories":[2],"tags":[78,48,47,46,13,14,51,24,23],"class_list":["post-13496","post","type-post","status-publish","format-video","has-post-thumbnail","hentry","category-noticias","tag-bambi","tag-esporaca","tag-laradioqueseve","tag-masfm959","tag-musica","tag-noticias","tag-nuevo","tag-videos","tag-video","post_format-post-format-video"],"amp_enabled":true,"_links":{"self":[{"href":"https:\/\/masfm.com\/emisora\/wp-json\/wp\/v2\/posts\/13496","targetHints":{"allow":["GET"]}}],"collection":[{"href":"https:\/\/masfm.com\/emisora\/wp-json\/wp\/v2\/posts"}],"about":[{"href":"https:\/\/masfm.com\/emisora\/wp-json\/wp\/v2\/types\/post"}],"author":[{"embeddable":true,"href":"https:\/\/masfm.com\/emisora\/wp-json\/wp\/v2\/users\/4"}],"replies":[{"embeddable":true,"href":"https:\/\/masfm.com\/emisora\/wp-json\/wp\/v2\/comments?post=13496"}],"version-history":[{"count":0,"href":"https:\/\/masfm.com\/emisora\/wp-json\/wp\/v2\/posts\/13496\/revisions"}],"wp:featuredmedia":[{"embeddable":true,"href":"https:\/\/masfm.com\/emisora\/wp-json\/wp\/v2\/media\/13510"}],"wp:attachment":[{"href":"https:\/\/masfm.com\/emisora\/wp-json\/wp\/v2\/media?parent=13496"}],"wp:term":[{"taxonomy":"category","embeddable":true,"href":"https:\/\/masfm.com\/emisora\/wp-json\/wp\/v2\/categories?post=13496"},{"taxonomy":"post_tag","embeddable":true,"href":"https:\/\/masfm.com\/emisora\/wp-json\/wp\/v2\/tags?post=13496"}],"curies":[{"name":"wp","href":"https:\/\/api.w.org\/{rel}","templated":true}]}}