{"id":13660,"date":"2020-09-29T17:17:52","date_gmt":"2020-09-29T20:17:52","guid":{"rendered":"https:\/\/www.masfm.com\/emisora\/?p=13660"},"modified":"2025-07-15T03:32:07","modified_gmt":"2025-07-15T06:32:07","slug":"parte-de-mi","status":"publish","type":"post","link":"https:\/\/masfm.com\/emisora\/parte-de-mi\/","title":{"rendered":"SOLEDAD LANZ\u00d3 &#8220;PARTE DE MI&#8221;"},"content":{"rendered":"\n<figure class=\"wp-block-image\"><img loading=\"lazy\" decoding=\"async\" width=\"690\" height=\"330\" src=\"https:\/\/www.masfm.com\/emisora\/wp-content\/uploads\/2020\/09\/noticias-SOLEDAD-PASTORUTTI-PARTE-DE-MI-m\u00e1s-fm-95.9-online-santa-fe-1.jpg\" alt=\"La cantante y compositora Soledad presenta, desde Argentina para el mundo, su nuevo material discogr\u00e1fico: &quot;Parte De Mi&quot;.\" class=\"wp-image-13663\" title=\"La cantante y compositora Soledad presenta, desde Argentina para el mundo, su nuevo material discogr\u00e1fico: &quot;Parte De Mi&quot;.\" srcset=\"https:\/\/masfm.com\/emisora\/wp-content\/uploads\/2020\/09\/noticias-SOLEDAD-PASTORUTTI-PARTE-DE-MI-m\u00e1s-fm-95.9-online-santa-fe-1.jpg 690w, https:\/\/masfm.com\/emisora\/wp-content\/uploads\/2020\/09\/noticias-SOLEDAD-PASTORUTTI-PARTE-DE-MI-m\u00e1s-fm-95.9-online-santa-fe-1-345x165.jpg 345w, https:\/\/masfm.com\/emisora\/wp-content\/uploads\/2020\/09\/noticias-SOLEDAD-PASTORUTTI-PARTE-DE-MI-m\u00e1s-fm-95.9-online-santa-fe-1-600x287.jpg 600w\" sizes=\"auto, (max-width: 690px) 100vw, 690px\" \/><\/figure>\n\n\n\n<p>La cantante y compositora <a href=\"https:\/\/www.masfm.com\/emisora\/?s=Soledad+\" target=\"_blank\" rel=\"noopener noreferrer\">Soledad<\/a> presenta, desde Argentina para el mundo, su nuevo material discogr\u00e1fico: &#8220;Parte De Mi&#8221;.<\/p>\n\n\n\n<p>En este \u00e1lbum Soledad se muestra en su estado m\u00e1s natural, como una mujer que se reconoce, se reinventa y se redescubre con este trabajo, una mujer que sabe qui\u00e9n es y a d\u00f3nde quiere ir, una mujer que es due\u00f1a de sus sue\u00f1os.<\/p>\n\n\n\n<p>&#8220;Parte De M\u00ed&#8221; est\u00e1 compuesto por 14 canciones, de las cuales ya se presentaron con gran \u00e9xito \u201c<a href=\"https:\/\/www.masfm.com\/emisora\/?s=La+Gringa\" target=\"_blank\" rel=\"noopener noreferrer\">La Gringa<\/a>\u201d, \u201cAunque me digas que no\u201d, \u201cTal Como siento\u201d y \u201c<a href=\"https:\/\/www.masfm.com\/emisora\/?s=La+Valeria\" target=\"_blank\" rel=\"noopener noreferrer\">La Valeria<\/a>\u201d, que ya superan 10 millones de reproducciones en Youtube.<\/p>\n\n\n\n<p>La cantante cuenta que en la realizaci\u00f3n de este disco -musicalmente diverso- deja expuesta su esencia, se trata de un trabajo de largo recorrido, de profundo amor y seis sentidos: vista, olfato, o\u00eddo, gusto, tacto e intuici\u00f3n.<\/p>\n\n\n\n<h2 class=\"wp-block-heading\">Declaraciones de Sole:<\/h2>\n\n\n\n<blockquote class=\"wp-block-quote is-layout-flow wp-block-quote-is-layout-flow\">\n<p>\u201cComenc\u00e9 sin saber a d\u00f3nde ir, con humildad y coraje emprend\u00ed el viaje a la reinvenci\u00f3n. En el inicio apareci\u00f3 el maestro <a href=\"https:\/\/www.masfm.com\/emisora\/?s=Carlos+Vives\" target=\"_blank\" rel=\"noopener noreferrer\">Carlos Vives<\/a>, como una se\u00f1al, y marc\u00f3 el gran comienzo. Claudia Brant y Cheche Alara se sumaron, me acompa\u00f1aron y me abrazaron con su arte en este recorrido.<\/p>\n\n\n\n<p>En el trayecto me di cuenta que llevaba una pesada mochila, la abr\u00ed y descart\u00e9 todo aquello que cargaba por las dudas y tambi\u00e9n lo redundante. Y as\u00ed guard\u00e9 lo que de verdad quer\u00eda conservar.<\/p>\n\n\n\n<p>Juan Blas Caballero y Rodolfo Lugo, finalmente, me ayudaron a elegir, en esta mochila mucho m\u00e1s liviana, lo necesario para continuar este viaje de redescubrimiento.<\/p>\n<\/blockquote>\n\n\n\n<p>&#8220;Parte De M\u00ed&#8221; se lanza al mercado con la canci\u00f3n \u201cQui\u00e9n Dijo\u201d, un tema compuesto e interpretado con la multipremiada <a href=\"https:\/\/www.masfm.com\/emisora\/?s=Kany+Garc%C3%ADa\" target=\"_blank\" rel=\"noopener noreferrer\">Kany Garc\u00eda<\/a>, logrando un ensamble vocal m\u00e1gico. La complicidad y la mutua admiraci\u00f3n quedan plasmadas en cada nota de esta canci\u00f3n que sin dudas tendr\u00e1 un destacado lugar en los charts de toda Latinoam\u00e9rica.<\/p>\n\n\n\n<h2 class=\"wp-block-heading\">Seg\u00fan Kany Garc\u00eda.<\/h2>\n\n\n\n<blockquote class=\"wp-block-quote is-layout-flow wp-block-quote-is-layout-flow\">\n<p>\u201cEs una alegr\u00eda inmensa trabajar con Soledad, ella es un referente para la m\u00fasica de ra\u00edz latinoamericana. Para m\u00ed esta experiencia fue una escuela, aprender de su manera de escribir, de interpretar, ver el cuidado que le pone a cada instrumento que elige para sus canciones. A Sole le debo las primeras puertas abiertas en Argentina, un territorio tan importante para m\u00ed y lograr esta canci\u00f3n juntas es continuar creando puentes entre nuestras culturas que quedar\u00e1n para siempre\u201d.<\/p>\n<\/blockquote>\n\n\n\n<p>El video fue grabado en Miami (Estados Unidos) y en Santa Fe (Argentina), ilustrando la conexi\u00f3n entre ambas cantantes con la leyenda del hilo rojo, la cual relata que una persona est\u00e1 \u201catada\u201d por un hilo rojo del destino a otra y, que sin importar tiempo y lugar, est\u00e1n predestinadas a cruzar sus caminos.<\/p>\n\n\n\n<p>El nuevo material cuenta con grandes colaboraciones de ambos lados del oc\u00e9ano, adem\u00e1s de Kany Garcia -desde Puerto Rico- en \u201cQui\u00e9n dijo\u201d, se suman la exitosa Paula Fern\u00e1ndes -desde Brasil- en \u201cSigo siendo yo\u201d, de Espa\u00f1a la gran India Martinez en \u201cLa m\u00fasica de mi vida\u201d, y los Aut\u00e9nticos Decadentes traen todo el ritmo festivo con \u201cChingui Chingui\u201d.<\/p>\n\n\n\n<h2 class=\"wp-block-heading\" id=\"ya-lo-sumamos\">\u00a1Ya lo sumamos!<\/h2>\n\n\n\n<p>Los mejores videos de Soledad ya forman parte de nuestra programaci\u00f3n, la cual desde hace M\u00e1s de dos d\u00e9cadas, la disfrut\u00e1s 100 % con im\u00e1genes.<\/p>\n\n\n\n<p>Acordate, pod\u00e9s mirarnos desde tu compu, tablet, notebook o Smart TV con s\u00f3lo&nbsp;<a href=\"https:\/\/masfm.com\/emisora\/#section-custom-content-2\" target=\"_blank\" rel=\"noreferrer noopener\">entrar ac\u00e1<\/a>.<\/p>\n\n\n\n<p>Si prefer\u00eds que la experiencia sea por medio de tu celular, bajate la App gratuitamente&nbsp;<a href=\"https:\/\/masfm.pryx.com.ar\/install\/\" target=\"_blank\" rel=\"noreferrer noopener\">desde ac\u00e1<\/a>&nbsp;y miranos desde cualquier parte del mundo, a la hora que quieras!<\/p>\n\n\n\n<p>Estamos las 24 horas con la mejor m\u00fasica y sus clips.<\/p>\n\n\n\n<h2 class=\"wp-block-heading\" id=\"registrate-a-mas-fm-95-9\">\u00a1Registrate a M\u00e1s FM 95 9!<\/h2>\n\n\n  \n  \n  <div class=\"\n    mailpoet_form_popup_overlay\n      \"><\/div>\n  <div\n    id=\"mailpoet_form_3\"\n    class=\"\n      mailpoet_form\n      mailpoet_form_html\n      mailpoet_form_position_\n      mailpoet_form_animation_\n    \"\n      >\n\n    <style type=\"text\/css\">\n     #mailpoet_form_3 .mailpoet_form {  }\n#mailpoet_form_3 .mailpoet_column_with_background { padding: 10px; }\n#mailpoet_form_3 .mailpoet_form_column:not(:first-child) { margin-left: 20px; }\n#mailpoet_form_3 .mailpoet_paragraph { line-height: 20px; margin-bottom: 20px; }\n#mailpoet_form_3 .mailpoet_segment_label, #mailpoet_form_3 .mailpoet_text_label, #mailpoet_form_3 .mailpoet_textarea_label, #mailpoet_form_3 .mailpoet_select_label, #mailpoet_form_3 .mailpoet_radio_label, #mailpoet_form_3 .mailpoet_checkbox_label, #mailpoet_form_3 .mailpoet_list_label, #mailpoet_form_3 .mailpoet_date_label { display: block; font-weight: normal; }\n#mailpoet_form_3 .mailpoet_text, #mailpoet_form_3 .mailpoet_textarea, #mailpoet_form_3 .mailpoet_select, #mailpoet_form_3 .mailpoet_date_month, #mailpoet_form_3 .mailpoet_date_day, #mailpoet_form_3 .mailpoet_date_year, #mailpoet_form_3 .mailpoet_date { display: block; }\n#mailpoet_form_3 .mailpoet_text, #mailpoet_form_3 .mailpoet_textarea { width: 200px; }\n#mailpoet_form_3 .mailpoet_checkbox {  }\n#mailpoet_form_3 .mailpoet_submit {  }\n#mailpoet_form_3 .mailpoet_divider {  }\n#mailpoet_form_3 .mailpoet_message {  }\n#mailpoet_form_3 .mailpoet_form_loading { width: 30px; text-align: center; line-height: normal; }\n#mailpoet_form_3 .mailpoet_form_loading > span { width: 5px; height: 5px; background-color: #5b5b5b; }#mailpoet_form_3{border-radius: 0px;text-align: left;}#mailpoet_form_3 form.mailpoet_form {padding: 20px;}#mailpoet_form_3{width: 100%;}#mailpoet_form_3 .mailpoet_message {margin: 0; padding: 0 20px;}#mailpoet_form_3 .mailpoet_paragraph.last {margin-bottom: 0} @media (max-width: 500px) {#mailpoet_form_3 {background-image: none;}} @media (min-width: 500px) {#mailpoet_form_3 .last .mailpoet_paragraph:last-child {margin-bottom: 0}}  @media (max-width: 500px) {#mailpoet_form_3 .mailpoet_form_column:last-child .mailpoet_paragraph:last-child {margin-bottom: 0}} \n    <\/style>\n\n    <form\n      target=\"_self\"\n      method=\"post\"\n      action=\"https:\/\/masfm.com\/emisora\/wp-admin\/admin-post.php?action=mailpoet_subscription_form\"\n      class=\"mailpoet_form mailpoet_form_form mailpoet_form_html\"\n      novalidate\n      data-delay=\"\"\n      data-exit-intent-enabled=\"\"\n      data-trigger-mode=\"\"\n      data-click-trigger-selector=\"\"\n      data-font-family=\"\"\n      data-cookie-expiration-time=\"\"\n    >\n      <input type=\"hidden\" name=\"data[form_id]\" value=\"3\" \/>\n      <input type=\"hidden\" name=\"token\" value=\"f13e444c72\" \/>\n      <input type=\"hidden\" name=\"api_version\" value=\"v1\" \/>\n      <input type=\"hidden\" name=\"endpoint\" value=\"subscribers\" \/>\n      <input type=\"hidden\" name=\"mailpoet_method\" value=\"subscribe\" \/>\n\n      <label class=\"mailpoet_hp_email_label\" style=\"display: none !important;\">Please leave this field empty<input type=\"email\" name=\"data[email]\"\/><\/label><div class='mailpoet_form_columns_container'><div class=\"mailpoet_form_columns mailpoet_paragraph mailpoet_stack_on_mobile\"><div class=\"mailpoet_form_column\"><div class=\"mailpoet_paragraph \"><input type=\"text\" autocomplete=\"given-name\" class=\"mailpoet_text\" id=\"form_first_name_3\" name=\"data[form_field_Mjg5ZDFmYWM5ZDQ5X2ZpcnN0X25hbWU=]\" title=\"Nombre\" value=\"\" style=\"width:100%;box-sizing:border-box;padding:5px;margin: 0 auto 0 0;\" data-automation-id=\"form_first_name\"  placeholder=\"Nombre\" aria-label=\"Nombre\" data-parsley-errors-container=\".mailpoet_error_za8u4\" data-parsley-names='[&quot;Please specify a valid name.&quot;,&quot;Addresses in names are not permitted, please add your name instead.&quot;]'\/><span class=\"mailpoet_error_za8u4\"><\/span><\/div>\n<\/div>\n<div class=\"mailpoet_form_column\"><div class=\"mailpoet_paragraph \"><input type=\"email\" autocomplete=\"email\" class=\"mailpoet_text\" id=\"form_email_3\" name=\"data[form_field_OGY2ODJhNTQxZjUxX2VtYWls]\" title=\"TU MAIL:\" value=\"\" style=\"width:100%;box-sizing:border-box;padding:5px;margin: 0 auto 0 0;\" data-automation-id=\"form_email\"  placeholder=\"TU MAIL: *\" aria-label=\"TU MAIL: *\" data-parsley-errors-container=\".mailpoet_error_4ksxv\" data-parsley-required=\"true\" required aria-required=\"true\" data-parsley-minlength=\"6\" data-parsley-maxlength=\"150\" data-parsley-type-message=\"This value should be a valid email.\" data-parsley-required-message=\"This field is required.\"\/><span class=\"mailpoet_error_4ksxv\"><\/span><\/div>\n<\/div>\n<div class=\"mailpoet_form_column\"><div class=\"mailpoet_paragraph \"><input type=\"submit\" class=\"mailpoet_submit\" value=\"SUMATE YA!\" data-automation-id=\"subscribe-submit-button\" style=\"width:100%;box-sizing:border-box;padding:5px;margin: 0 auto 0 0;border-color:transparent;\" \/><span class=\"mailpoet_form_loading\"><span class=\"mailpoet_bounce1\"><\/span><span class=\"mailpoet_bounce2\"><\/span><span class=\"mailpoet_bounce3\"><\/span><\/span><\/div>\n<\/div>\n<\/div><\/div>\n<div class='mailpoet_form_columns_container'><div class=\"mailpoet_form_columns mailpoet_paragraph mailpoet_stack_on_mobile\"><div class=\"mailpoet_form_column\"><\/div>\n<div class=\"mailpoet_form_column\"><\/div>\n<\/div><\/div>\n\n      <div class=\"mailpoet_message\">\n        <p class=\"mailpoet_validate_success\"\n                style=\"display:none;\"\n                >Revisa tu bandeja de entrada o la carpeta de spam para confirmar tu suscripci\u00f3n.\n        <\/p>\n        <p class=\"mailpoet_validate_error\"\n                style=\"display:none;\"\n                >        <\/p>\n      <\/div>\n    <\/form>\n\n      <\/div>\n\n  \n\n\n<figure class=\"wp-block-image\"><img loading=\"lazy\" decoding=\"async\" width=\"690\" height=\"330\" src=\"https:\/\/www.masfm.com\/emisora\/wp-content\/uploads\/2020\/09\/noticias-SOLEDAD-PASTORUTTI-PARTE-DE-MI-m\u00e1s-fm-95.9-online-santa-fe-1.jpg\" alt=\"La cantante y compositora Soledad presenta, desde Argentina para el mundo, su nuevo material discogr\u00e1fico: &quot;Parte De Mi&quot;.\" class=\"wp-image-13663\" title=\"La cantante y compositora Soledad presenta, desde Argentina para el mundo, su nuevo material discogr\u00e1fico: &quot;Parte De Mi&quot;.\" srcset=\"https:\/\/masfm.com\/emisora\/wp-content\/uploads\/2020\/09\/noticias-SOLEDAD-PASTORUTTI-PARTE-DE-MI-m\u00e1s-fm-95.9-online-santa-fe-1.jpg 690w, https:\/\/masfm.com\/emisora\/wp-content\/uploads\/2020\/09\/noticias-SOLEDAD-PASTORUTTI-PARTE-DE-MI-m\u00e1s-fm-95.9-online-santa-fe-1-345x165.jpg 345w, https:\/\/masfm.com\/emisora\/wp-content\/uploads\/2020\/09\/noticias-SOLEDAD-PASTORUTTI-PARTE-DE-MI-m\u00e1s-fm-95.9-online-santa-fe-1-600x287.jpg 600w\" sizes=\"auto, (max-width: 690px) 100vw, 690px\" \/><\/figure>\n\n\n\n<p><\/p>\n","protected":false},"excerpt":{"rendered":"<p>La cantante y compositora Soledad presenta, desde Argentina para el mundo, su nuevo material discogr\u00e1fico: &#8220;Parte De Mi&#8221;. En este \u00e1lbum Soledad se muestra en su estado m\u00e1s natural, como una mujer que se reconoce, se reinventa y se redescubre con este trabajo, una mujer que sabe qui\u00e9n es y a d\u00f3nde quiere ir, una&hellip;<\/p>\n","protected":false},"author":4,"featured_media":13662,"comment_status":"closed","ping_status":"open","sticky":false,"template":"","format":"video","meta":{"footnotes":""},"categories":[2],"tags":[48,47,46,13,14,51,256,24,23],"class_list":["post-13660","post","type-post","status-publish","format-video","has-post-thumbnail","hentry","category-noticias","tag-esporaca","tag-laradioqueseve","tag-masfm959","tag-musica","tag-noticias","tag-nuevo","tag-soledad-pastorutti","tag-videos","tag-video","post_format-post-format-video"],"amp_enabled":true,"_links":{"self":[{"href":"https:\/\/masfm.com\/emisora\/wp-json\/wp\/v2\/posts\/13660","targetHints":{"allow":["GET"]}}],"collection":[{"href":"https:\/\/masfm.com\/emisora\/wp-json\/wp\/v2\/posts"}],"about":[{"href":"https:\/\/masfm.com\/emisora\/wp-json\/wp\/v2\/types\/post"}],"author":[{"embeddable":true,"href":"https:\/\/masfm.com\/emisora\/wp-json\/wp\/v2\/users\/4"}],"replies":[{"embeddable":true,"href":"https:\/\/masfm.com\/emisora\/wp-json\/wp\/v2\/comments?post=13660"}],"version-history":[{"count":0,"href":"https:\/\/masfm.com\/emisora\/wp-json\/wp\/v2\/posts\/13660\/revisions"}],"wp:featuredmedia":[{"embeddable":true,"href":"https:\/\/masfm.com\/emisora\/wp-json\/wp\/v2\/media\/13662"}],"wp:attachment":[{"href":"https:\/\/masfm.com\/emisora\/wp-json\/wp\/v2\/media?parent=13660"}],"wp:term":[{"taxonomy":"category","embeddable":true,"href":"https:\/\/masfm.com\/emisora\/wp-json\/wp\/v2\/categories?post=13660"},{"taxonomy":"post_tag","embeddable":true,"href":"https:\/\/masfm.com\/emisora\/wp-json\/wp\/v2\/tags?post=13660"}],"curies":[{"name":"wp","href":"https:\/\/api.w.org\/{rel}","templated":true}]}}