{"id":13846,"date":"2020-12-18T00:12:38","date_gmt":"2020-12-18T03:12:38","guid":{"rendered":"https:\/\/www.masfm.com\/emisora\/?p=13846"},"modified":"2020-12-18T00:15:17","modified_gmt":"2020-12-18T03:15:17","slug":"wos-no-para","status":"publish","type":"post","link":"https:\/\/masfm.com\/emisora\/wos-no-para\/","title":{"rendered":"WOS NO PARA"},"content":{"rendered":"<p>Wos no para. Este a\u00f1o, lanz\u00f3 un EP con seis canciones, gan\u00f3 cuatro premios Gardel, fue nominado (por primera vez) a los Latin Grammy, public\u00f3 un documental con material in\u00e9dito de su debut en el Luna Park, edit\u00f3 el single \u201c<a href=\"https:\/\/www.masfm.com\/emisora\/2020\/11\/11\/wos-estrena-mugre\/\" target=\"_blank\" rel=\"noopener noreferrer\">Mugre<\/a>\u201d (adelanto de su nuevo disco) y ahora sale de punta con \u201cConvoy Jarana\u201d.<\/p>\n<p><a href=\"https:\/\/www.masfm.com\/emisora\/?s=wos\" target=\"_blank\" rel=\"noopener noreferrer\">El artista<\/a> sali\u00f3 nuevamente a la cancha con un flamante tema, producido por Evlay, mezclado de Nico Cotton y masterizado por Javier Facchia.<\/p>\n<p>La historia de los \u00e9xitos y los r\u00e9cords se repite: 100 mil personas esperaron en la fila virtual de YouTube para ver el nuevo video de Valentin Oliva, que en menos de una hora recibi\u00f3 200 mil visitas.<\/p>\n<p>\u201cWos redobla la apuesta con una propuesta audiovisual innovadora, contundente y llena de movimiento, con unas actuaciones magistrales que completan el concepto cinematogr\u00e1fico y lo convierten en una verdadera obra de arte\u201d, dice el comunicado sobre el reciente video. El clip cont\u00f3 con la producci\u00f3n The Movement y fue dirigido por Kevin Zeta.<\/p>\n<p>\u201cConvoy Jarana\u201d es uno de los tracks del nuevo disco que saldr\u00e1 en el 2021, como parte del sello Doguito Records, el cual fund\u00f3 con su m\u00e1nager Peter Ehrlich durante el confinamiento.<\/p>\n<p>Con \u201cMugre\u201d logr\u00f3 que 140 mil personas vieran el video en el mismo momento en el que fue estrenado. El clip super\u00f3 las dos millones de visitas y la canci\u00f3n alcanz\u00f3 las 650 mil reproducciones en las plataformas digitales.<\/p>\n<h4>En boca de Wos:<\/h4>\n<blockquote><p>\u201cNo encar\u00e9 el tema pensando en el ego, pero la palabra termin\u00f3 apareciendo en momentos donde esa sensaci\u00f3n m\u00e1s narcisista y m\u00e1s de lucha contra algo se presenta bien fuerte. Hay momentos donde todo lo contrario y hay una necesidad que el ego se apacig\u00fce\u201d.<\/p><\/blockquote>\n<p>Sobre el pr\u00f3ximo trabajo que a\u00fan no tiene fecha de salida, indic\u00f3 que ya tiene 12 canciones compuestas pero que no est\u00e1n finalizadas.<\/p>\n<blockquote><p>\u201cSon maquetas, algunas est\u00e1n m\u00e1s avanzadas que otras. El \u00e1lbum todav\u00eda est\u00e1 abierto, pueden entrar temas nuevos y salir algunos que ya est\u00e1n. Pero creo que esa primera impresi\u00f3n y esa esencia del trabajo ya est\u00e1 bastante marcada\u201d.<\/p><\/blockquote>\n<p>Con tan solo 22 a\u00f1os, el cantante y compositor es uno de los 10 artistas argentinos m\u00e1s escuchados en todo el mundo. Luego del \u00e9xito de Caravana en 2019, edit\u00f3 \u201c<a href=\"https:\/\/www.masfm.com\/emisora\/2020\/05\/26\/wos-estrena-ep-tres-puntos-suspensivos\/\" target=\"_blank\" rel=\"noopener noreferrer\">Tres Puntos Suspensivos<\/a>\u201d, seis temas hechos durante la cuarentena.<\/p>\n<p>Wos no para y tampoco nosotros al sumar a nuestra programaci\u00f3n cada uno de sus videos. Acordate que nos pod\u00e9s ver en vivo desde tu compu, notebook, tablet y Smart TV entrando en nuestro <a href=\"https:\/\/www.masfm.com\/smart\" target=\"_blank\" rel=\"noopener noreferrer\">sitio Web<\/a>. Tambi\u00e9n es posible vernos desde cualquier parte del mundo en tu celu, baj\u00e1ndote gratis la App <a href=\"https:\/\/masfm.pryx.com.ar\/install\/\" target=\"_blank\" rel=\"noopener noreferrer\">desde ac\u00e1<\/a>.<\/p>\n<p>Sumate!<\/p>\n<div class=\"widget_wysija_cont shortcode_wysija\"><div id=\"msg-form-wysija-shortcode69f24581a6dd2-1\" class=\"wysija-msg ajax\"><\/div><form id=\"form-wysija-shortcode69f24581a6dd2-1\" method=\"post\" action=\"#wysija\" class=\"widget_wysija shortcode_wysija\">\n<p class=\"wysija-paragraph\">\n    \n    \n    \t<input type=\"text\" name=\"wysija[user][firstname]\" class=\"wysija-input validate[required]\" title=\"Tu nombre\" placeholder=\"Tu nombre\" value=\"\" \/>\n    \n    \n    \n    <span class=\"abs-req\">\n        <input type=\"text\" name=\"wysija[user][abs][firstname]\" class=\"wysija-input validated[abs][firstname]\" value=\"\" \/>\n    <\/span>\n    \n<\/p>\n<p class=\"wysija-paragraph\">\n    \n    \n    \t<input type=\"text\" name=\"wysija[user][email]\" class=\"wysija-input validate[required,custom[email]]\" title=\"Tu correo\" placeholder=\"Tu correo\" value=\"\" \/>\n    \n    \n    \n    <span class=\"abs-req\">\n        <input type=\"text\" name=\"wysija[user][abs][email]\" class=\"wysija-input validated[abs][email]\" value=\"\" \/>\n    <\/span>\n    \n<\/p>\n\n<input class=\"wysija-submit wysija-submit-field\" type=\"submit\" value=\"Sumate!\" \/>\n\n    <input type=\"hidden\" name=\"form_id\" value=\"1\" \/>\n    <input type=\"hidden\" name=\"action\" value=\"save\" \/>\n    <input type=\"hidden\" name=\"controller\" value=\"subscribers\" \/>\n    <input type=\"hidden\" value=\"1\" name=\"wysija-page\" \/>\n\n    \n        <input type=\"hidden\" name=\"wysija[user_list][list_ids]\" value=\"1\" \/>\n    \n <\/form><\/div>\n<p><img loading=\"lazy\" decoding=\"async\" class=\"alignnone wp-image-13848 size-full\" title=\"noticias-WOS-NO-PARA-mas-fm-95.9-online-santa-fe\" src=\"https:\/\/www.masfm.com\/emisora\/wp-content\/uploads\/2020\/12\/noticias-WOS-NO-PARA-mas-fm-95.9-online-santa-fe-1.jpg\" alt=\"noticias-WOS-NO-PARA-mas-fm-95.9-online-santa-fe\" width=\"690\" height=\"330\" srcset=\"https:\/\/masfm.com\/emisora\/wp-content\/uploads\/2020\/12\/noticias-WOS-NO-PARA-mas-fm-95.9-online-santa-fe-1.jpg 690w, https:\/\/masfm.com\/emisora\/wp-content\/uploads\/2020\/12\/noticias-WOS-NO-PARA-mas-fm-95.9-online-santa-fe-1-345x165.jpg 345w, https:\/\/masfm.com\/emisora\/wp-content\/uploads\/2020\/12\/noticias-WOS-NO-PARA-mas-fm-95.9-online-santa-fe-1-600x287.jpg 600w\" sizes=\"auto, (max-width: 690px) 100vw, 690px\" \/><\/p>\n","protected":false},"excerpt":{"rendered":"<p>Wos no para. Este a\u00f1o, lanz\u00f3 un EP con seis canciones, gan\u00f3 cuatro premios Gardel, fue nominado (por primera vez) a los Latin Grammy, public\u00f3 un documental con material in\u00e9dito de su debut en el Luna Park, edit\u00f3 el single \u201cMugre\u201d (adelanto de su nuevo disco) y ahora sale de punta con \u201cConvoy Jarana\u201d. El&hellip;<\/p>\n","protected":false},"author":4,"featured_media":13847,"comment_status":"closed","ping_status":"open","sticky":false,"template":"","format":"video","meta":{"footnotes":""},"categories":[2],"tags":[48,11,47,46,13,14,51,24,23,231],"class_list":["post-13846","post","type-post","status-publish","format-video","has-post-thumbnail","hentry","category-noticias","tag-esporaca","tag-interes-gral","tag-laradioqueseve","tag-masfm959","tag-musica","tag-noticias","tag-nuevo","tag-videos","tag-video","tag-wos","post_format-post-format-video"],"amp_enabled":true,"_links":{"self":[{"href":"https:\/\/masfm.com\/emisora\/wp-json\/wp\/v2\/posts\/13846","targetHints":{"allow":["GET"]}}],"collection":[{"href":"https:\/\/masfm.com\/emisora\/wp-json\/wp\/v2\/posts"}],"about":[{"href":"https:\/\/masfm.com\/emisora\/wp-json\/wp\/v2\/types\/post"}],"author":[{"embeddable":true,"href":"https:\/\/masfm.com\/emisora\/wp-json\/wp\/v2\/users\/4"}],"replies":[{"embeddable":true,"href":"https:\/\/masfm.com\/emisora\/wp-json\/wp\/v2\/comments?post=13846"}],"version-history":[{"count":0,"href":"https:\/\/masfm.com\/emisora\/wp-json\/wp\/v2\/posts\/13846\/revisions"}],"wp:featuredmedia":[{"embeddable":true,"href":"https:\/\/masfm.com\/emisora\/wp-json\/wp\/v2\/media\/13847"}],"wp:attachment":[{"href":"https:\/\/masfm.com\/emisora\/wp-json\/wp\/v2\/media?parent=13846"}],"wp:term":[{"taxonomy":"category","embeddable":true,"href":"https:\/\/masfm.com\/emisora\/wp-json\/wp\/v2\/categories?post=13846"},{"taxonomy":"post_tag","embeddable":true,"href":"https:\/\/masfm.com\/emisora\/wp-json\/wp\/v2\/tags?post=13846"}],"curies":[{"name":"wp","href":"https:\/\/api.w.org\/{rel}","templated":true}]}}