{"id":14083,"date":"2021-02-11T11:24:47","date_gmt":"2021-02-11T14:24:47","guid":{"rendered":"https:\/\/www.masfm.com\/emisora\/?p=14083"},"modified":"2021-02-11T11:24:47","modified_gmt":"2021-02-11T14:24:47","slug":"gaucho-power-sin-permiso-cuarteto-de-nos","status":"publish","type":"post","link":"https:\/\/masfm.com\/emisora\/gaucho-power-sin-permiso-cuarteto-de-nos\/","title":{"rendered":"GAUCHO POWER SIN PERMISO"},"content":{"rendered":"<p>El Cuarteto de Nos denunci\u00f3 en sus redes sociales, que el candidato presidencial de Ecuador Yaku P\u00e9rez, us\u00f3 el hit \u201cGaucho Power\u201d para su campa\u00f1a sin permiso.<\/p>\n<p><a href=\"https:\/\/www.masfm.com\/emisora\/?s=El+Cuarteto+de+Nos\" target=\"_blank\" rel=\"noopener noreferrer\">La banda<\/a> exigi\u00f3 un pedido de disculpas p\u00fablico y expres\u00f3 su enojo, no solo por no haber pedido y pagado por su m\u00fasica, sino por haberla relacionado con la pol\u00edtica.<\/p>\n<h4>La banda declar\u00f3 en su instagram:<\/h4>\n<blockquote><p>\u201cSimplemente informar que nos hemos enterado del uso indebido de nuestra canci\u00f3n \u2018<a href=\"https:\/\/www.masfm.com\/emisora\/?s=Gaucho+Power\" target=\"_blank\" rel=\"noopener noreferrer\">Gaucho Power<\/a>\u2019 en la campa\u00f1a electoral del candidato ecuatoriano Yaku P\u00e9rez y estamos exigiendo la baja de la misma\u201d. Y agreg\u00f3: \u201cNo nos involucramos en pol\u00edtica y no permitimos el uso de nuestra m\u00fasica, mucho menos sin pedirnos permiso\u201d.<\/p><\/blockquote>\n<p>La vocera del grupo Ver\u00f3nica Piana, se\u00f1al\u00f3 que El Cuarteto de Nos se enter\u00f3 del uso de su m\u00fasica cuando la campa\u00f1a ya estaba en los medios.<\/p>\n<blockquote><p>\u201cNunca nos pidieron autorizaci\u00f3n y, aunque lo hubieran pedido, no lo hubi\u00e9semos dado porque no nos involucramos en campa\u00f1as pol\u00edticas de ning\u00fan candidato en ninguna parte\u201d, comunic\u00f3.<\/p><\/blockquote>\n<p>Yaku P\u00e9rez es candidato a presidente de Ecuador por el partido Pachakutik, identificado con el movimiento ind\u00edgena. Las elecciones en el pa\u00eds se realizaron el 7 de febrero y el recuento de votos, indica que Andr\u00e9s Arauz ir\u00e1 a ballotage con Guillermo Lasso o con Yaku P\u00e9rez.<\/p>\n<p>El single que el pol\u00edtico utiliz\u00f3 en su campa\u00f1a, \u201cGaucho Power\u201d, es uno de los hits m\u00e1s populares de El Cuarteto de Nos.<\/p>\n<p>El tema sali\u00f3 editado en su disco <a href=\"https:\/\/www.masfm.com\/emisora\/?s=Apocalipsis+Zombi\" target=\"_blank\" rel=\"noopener noreferrer\">Apocalipsis Zombi<\/a> de 2017 y su letra est\u00e1 inspirada en la burla que hizo el equipo de f\u00fatbol alem\u00e1n tras ganar la Copa del Mundo a Argentina en Brasil 2014. El candidato cambi\u00f3 la letra por \u201cYaku Power\u201d.<\/p>\n<h4>P\u00e9rez public\u00f3 sus disculpas en redes sociales:<\/h4>\n<blockquote><p>\u201cLamento mucho el inconveniente relacionado con la canci\u00f3n \u2018Gaucho Power\u2019 de la banda musical El Cuarteto de Nos, debo se\u00f1alar que la edici\u00f3n de la letra \u2018Yaku Power\u2019 fue un aporte ciudadano a la campa\u00f1a pol\u00edtica. Hemos tomado los correctivos respectivos y procedido a bajar de nuestras redes sociales el contenido\u201d, indic\u00f3 en una imagen donde tambi\u00e9n etiquet\u00f3 al grupo.<\/p><\/blockquote>\n<p>Mientras tanto, la banda est\u00e1 celebrando los 15 a\u00f1os de su disco Raro con una edici\u00f3n en vinilo limitada a 200 copias, que saldr\u00e1 en mayo de este a\u00f1o. Adem\u00e1s, en los \u00faltimos d\u00edas, el grupo LosPetitFellas estren\u00f3 el single y videoclip \u201cLos Otros\u201d junto al cantante de El Cuarteto de Nos, <a href=\"https:\/\/www.masfm.com\/emisora\/?s=Roberto+Musso\" target=\"_blank\" rel=\"noopener noreferrer\">Roberto Musso<\/a>, y la banda tambi\u00e9n lo celebr\u00f3 en sus redes.<\/p>\n<p>Miranos desde tu compu, tablet, notebook o Smart TV entrando en nuestro <a href=\"https:\/\/www.masfm.com\/smart\/\" target=\"_blank\" rel=\"noopener noreferrer\">sitio Web<\/a> o directamente desde tu celu, baj\u00e1ndote la App de la radio <a href=\"https:\/\/masfm.pryx.com.ar\/install\/\" target=\"_blank\" rel=\"noopener noreferrer\">desde ac\u00e1<\/a>.<\/p>\n<p>Form\u00e1s parte de una radio que siempre te ha dado lo \u00faltimo en tecnolog\u00eda, para que tus experiencias con la m\u00fasica y sus videos sean \u00fanicas.<\/p>\n<h4>Registrate!<\/h4>\n<div class=\"widget_wysija_cont shortcode_wysija\"><div id=\"msg-form-wysija-shortcode69f3954c17b2f-1\" class=\"wysija-msg ajax\"><\/div><form id=\"form-wysija-shortcode69f3954c17b2f-1\" method=\"post\" action=\"#wysija\" class=\"widget_wysija shortcode_wysija\">\n<p class=\"wysija-paragraph\">\n    \n    \n    \t<input type=\"text\" name=\"wysija[user][firstname]\" class=\"wysija-input validate[required]\" title=\"Tu nombre\" placeholder=\"Tu nombre\" value=\"\" \/>\n    \n    \n    \n    <span class=\"abs-req\">\n        <input type=\"text\" name=\"wysija[user][abs][firstname]\" class=\"wysija-input validated[abs][firstname]\" value=\"\" \/>\n    <\/span>\n    \n<\/p>\n<p class=\"wysija-paragraph\">\n    \n    \n    \t<input type=\"text\" name=\"wysija[user][email]\" class=\"wysija-input validate[required,custom[email]]\" title=\"Tu correo\" placeholder=\"Tu correo\" value=\"\" \/>\n    \n    \n    \n    <span class=\"abs-req\">\n        <input type=\"text\" name=\"wysija[user][abs][email]\" class=\"wysija-input validated[abs][email]\" value=\"\" \/>\n    <\/span>\n    \n<\/p>\n\n<input class=\"wysija-submit wysija-submit-field\" type=\"submit\" value=\"Sumate!\" \/>\n\n    <input type=\"hidden\" name=\"form_id\" value=\"1\" \/>\n    <input type=\"hidden\" name=\"action\" value=\"save\" \/>\n    <input type=\"hidden\" name=\"controller\" value=\"subscribers\" \/>\n    <input type=\"hidden\" value=\"1\" name=\"wysija-page\" \/>\n\n    \n        <input type=\"hidden\" name=\"wysija[user_list][list_ids]\" value=\"1\" \/>\n    \n <\/form><\/div>\n<p><img loading=\"lazy\" decoding=\"async\" class=\"alignnone wp-image-14088 size-full\" title=\"noticias-GAUCHO-POWER-SIN-PERMISO-cuarteto-de-nos-mas-fm-95.9-online-santa-fe\" src=\"https:\/\/www.masfm.com\/emisora\/wp-content\/uploads\/2021\/02\/noticias-GAUCHO-POWER-SIN-PERMISO-cuarteto-de-nos-mas-fm-95.9-online-santa-fe-2.jpg\" alt=\"noticias-GAUCHO-POWER-SIN-PERMISO-cuarteto-de-nos-mas-fm-95.9-online-santa-fe\" width=\"690\" height=\"330\" srcset=\"https:\/\/masfm.com\/emisora\/wp-content\/uploads\/2021\/02\/noticias-GAUCHO-POWER-SIN-PERMISO-cuarteto-de-nos-mas-fm-95.9-online-santa-fe-2.jpg 690w, https:\/\/masfm.com\/emisora\/wp-content\/uploads\/2021\/02\/noticias-GAUCHO-POWER-SIN-PERMISO-cuarteto-de-nos-mas-fm-95.9-online-santa-fe-2-345x165.jpg 345w, https:\/\/masfm.com\/emisora\/wp-content\/uploads\/2021\/02\/noticias-GAUCHO-POWER-SIN-PERMISO-cuarteto-de-nos-mas-fm-95.9-online-santa-fe-2-600x287.jpg 600w\" sizes=\"auto, (max-width: 690px) 100vw, 690px\" \/><\/p>\n","protected":false},"excerpt":{"rendered":"<p>El Cuarteto de Nos denunci\u00f3 en sus redes sociales, que el candidato presidencial de Ecuador Yaku P\u00e9rez, us\u00f3 el hit \u201cGaucho Power\u201d para su campa\u00f1a sin permiso. La banda exigi\u00f3 un pedido de disculpas p\u00fablico y expres\u00f3 su enojo, no solo por no haber pedido y pagado por su m\u00fasica, sino por haberla relacionado con&hellip;<\/p>\n","protected":false},"author":4,"featured_media":14087,"comment_status":"closed","ping_status":"open","sticky":false,"template":"","format":"video","meta":{"footnotes":""},"categories":[2],"tags":[379,68,48,47,46,13,14,378,24],"class_list":["post-14083","post","type-post","status-publish","format-video","has-post-thumbnail","hentry","category-noticias","tag-denuncia","tag-el-cuarteto-de-nos","tag-esporaca","tag-laradioqueseve","tag-masfm959","tag-musica","tag-noticias","tag-politica","tag-videos","post_format-post-format-video"],"amp_enabled":true,"_links":{"self":[{"href":"https:\/\/masfm.com\/emisora\/wp-json\/wp\/v2\/posts\/14083","targetHints":{"allow":["GET"]}}],"collection":[{"href":"https:\/\/masfm.com\/emisora\/wp-json\/wp\/v2\/posts"}],"about":[{"href":"https:\/\/masfm.com\/emisora\/wp-json\/wp\/v2\/types\/post"}],"author":[{"embeddable":true,"href":"https:\/\/masfm.com\/emisora\/wp-json\/wp\/v2\/users\/4"}],"replies":[{"embeddable":true,"href":"https:\/\/masfm.com\/emisora\/wp-json\/wp\/v2\/comments?post=14083"}],"version-history":[{"count":0,"href":"https:\/\/masfm.com\/emisora\/wp-json\/wp\/v2\/posts\/14083\/revisions"}],"wp:featuredmedia":[{"embeddable":true,"href":"https:\/\/masfm.com\/emisora\/wp-json\/wp\/v2\/media\/14087"}],"wp:attachment":[{"href":"https:\/\/masfm.com\/emisora\/wp-json\/wp\/v2\/media?parent=14083"}],"wp:term":[{"taxonomy":"category","embeddable":true,"href":"https:\/\/masfm.com\/emisora\/wp-json\/wp\/v2\/categories?post=14083"},{"taxonomy":"post_tag","embeddable":true,"href":"https:\/\/masfm.com\/emisora\/wp-json\/wp\/v2\/tags?post=14083"}],"curies":[{"name":"wp","href":"https:\/\/api.w.org\/{rel}","templated":true}]}}