{"id":1465,"date":"2016-01-13T16:26:32","date_gmt":"2016-01-13T16:26:32","guid":{"rendered":"http:\/\/www.masfm.com\/emisora\/?p=1465"},"modified":"2023-09-20T18:49:43","modified_gmt":"2023-09-20T21:49:43","slug":"nuevo-video-de-turf","status":"publish","type":"post","link":"https:\/\/masfm.com\/emisora\/nuevo-video-de-turf\/","title":{"rendered":"NUEVO VIDEO DE TURF."},"content":{"rendered":"<h2>NUEVO VIDEO DE TURF Y TE CONTAMOS TODO!<\/h2>\n<p style=\"text-align: justify;\">Turf contin\u00faa su viaje de fantas\u00eda presentando el video oficial de Kurt Cobain, la canci\u00f3n que marc\u00f3 el regreso de una de las bandas m\u00e1s burbujeantes del rock nacional.<\/p>\n<p style=\"text-align: justify;\">Producido por Tronco y dirigido por Roc\u00edo Crudo, el videoclip de \u201c Kurt Cobain \u201c pone en escena a los Turf y a un grupo de bailarinas en una estetizada coreograf\u00eda de Majo de la Iglesia, hasta que la realidad empieza a desvirtuarse.<\/p>\n<p style=\"text-align: justify;\">Filmado en los estudios de Rental Palermo, el video combina efectos especiales en rodaje con postproducci\u00f3n.<br \/>\nUna puesta de alta calidad para darle vida a una de las canciones m\u00e1s escuchadas del verano en Argentina.<\/p>\n<p style=\"text-align: justify;\">Turf se presentar\u00e1 en vivo el pr\u00f3ximo s\u00e1bado 5 de Marzo a las 21 hs en el Teatro Opera Allianz de Buenos Aires.<\/p>\n<p>Mientras tanto, segu\u00ed a full con nuestra programaci\u00f3n, la cual desde hace a\u00f1os, la disfrut\u00e1s 100 % con im\u00e1genes. Acordate, pod\u00e9s mirarnos desde tu compu, tablet, notebook o Smart TV con s\u00f3lo\u00a0<a href=\"https:\/\/masfm.com\/emisora\/#section-custom-content-2\" target=\"_blank\" rel=\"noopener noreferrer\">entrar ac\u00e1<\/a>.<\/p>\n<p>Si prefer\u00eds que la experiencia sea por medio de tu celular, bajate la App gratuitamente\u00a0<a href=\"https:\/\/masfm.pryx.com.ar\/install\/\" target=\"_blank\" rel=\"noopener noreferrer\">desde ac\u00e1<\/a>\u00a0y miranos desde cualquier parte del mundo, a la hora que quieras! Estamos las 24 horas con la mejor m\u00fasica y sus clips.<\/p>\n<h4>Registrate!<\/h4>\n<div class=\"widget_wysija_cont shortcode_wysija\"><div id=\"msg-form-wysija-shortcode69f323c7a60e1-1\" class=\"wysija-msg ajax\"><\/div><form id=\"form-wysija-shortcode69f323c7a60e1-1\" method=\"post\" action=\"#wysija\" class=\"widget_wysija shortcode_wysija\">\n<p class=\"wysija-paragraph\">\n    \n    \n    \t<input type=\"text\" name=\"wysija[user][firstname]\" class=\"wysija-input validate[required]\" title=\"Tu nombre\" placeholder=\"Tu nombre\" value=\"\" \/>\n    \n    \n    \n    <span class=\"abs-req\">\n        <input type=\"text\" name=\"wysija[user][abs][firstname]\" class=\"wysija-input validated[abs][firstname]\" value=\"\" \/>\n    <\/span>\n    \n<\/p>\n<p class=\"wysija-paragraph\">\n    \n    \n    \t<input type=\"text\" name=\"wysija[user][email]\" class=\"wysija-input validate[required,custom[email]]\" title=\"Tu correo\" placeholder=\"Tu correo\" value=\"\" \/>\n    \n    \n    \n    <span class=\"abs-req\">\n        <input type=\"text\" name=\"wysija[user][abs][email]\" class=\"wysija-input validated[abs][email]\" value=\"\" \/>\n    <\/span>\n    \n<\/p>\n\n<input class=\"wysija-submit wysija-submit-field\" type=\"submit\" value=\"Sumate!\" \/>\n\n    <input type=\"hidden\" name=\"form_id\" value=\"1\" \/>\n    <input type=\"hidden\" name=\"action\" value=\"save\" \/>\n    <input type=\"hidden\" name=\"controller\" value=\"subscribers\" \/>\n    <input type=\"hidden\" value=\"1\" name=\"wysija-page\" \/>\n\n    \n        <input type=\"hidden\" name=\"wysija[user_list][list_ids]\" value=\"1\" \/>\n    \n <\/form><\/div>\n<p><img loading=\"lazy\" decoding=\"async\" class=\"alignnone size-full wp-image-3145\" src=\"https:\/\/masfm.com\/emisora\/wp-content\/uploads\/2017\/08\/noticias-turf-2.jpg\" alt=\"noticias-turf\" width=\"690\" height=\"330\" title=\"\" srcset=\"https:\/\/masfm.com\/emisora\/wp-content\/uploads\/2017\/08\/noticias-turf-2.jpg 690w, https:\/\/masfm.com\/emisora\/wp-content\/uploads\/2017\/08\/noticias-turf-2-345x165.jpg 345w, https:\/\/masfm.com\/emisora\/wp-content\/uploads\/2017\/08\/noticias-turf-2-600x287.jpg 600w, https:\/\/masfm.com\/emisora\/wp-content\/uploads\/2017\/08\/noticias-turf-2-560x268.jpg 560w\" sizes=\"auto, (max-width: 690px) 100vw, 690px\" \/><\/p>\n","protected":false},"excerpt":{"rendered":"<p>NUEVO VIDEO DE TURF Y TE CONTAMOS TODO! Turf contin\u00faa su viaje de fantas\u00eda presentando el video oficial de Kurt Cobain, la canci\u00f3n que marc\u00f3 el regreso de una de las bandas m\u00e1s burbujeantes del rock nacional. Producido por Tronco y dirigido por Roc\u00edo Crudo, el videoclip de \u201c Kurt Cobain \u201c pone en escena&hellip;<\/p>\n","protected":false},"author":4,"featured_media":3145,"comment_status":"closed","ping_status":"open","sticky":false,"template":"","format":"video","meta":{"footnotes":""},"categories":[2],"tags":[13,14,214,24],"class_list":["post-1465","post","type-post","status-publish","format-video","has-post-thumbnail","hentry","category-noticias","tag-musica","tag-noticias","tag-turf","tag-videos","post_format-post-format-video"],"amp_enabled":true,"_links":{"self":[{"href":"https:\/\/masfm.com\/emisora\/wp-json\/wp\/v2\/posts\/1465","targetHints":{"allow":["GET"]}}],"collection":[{"href":"https:\/\/masfm.com\/emisora\/wp-json\/wp\/v2\/posts"}],"about":[{"href":"https:\/\/masfm.com\/emisora\/wp-json\/wp\/v2\/types\/post"}],"author":[{"embeddable":true,"href":"https:\/\/masfm.com\/emisora\/wp-json\/wp\/v2\/users\/4"}],"replies":[{"embeddable":true,"href":"https:\/\/masfm.com\/emisora\/wp-json\/wp\/v2\/comments?post=1465"}],"version-history":[{"count":0,"href":"https:\/\/masfm.com\/emisora\/wp-json\/wp\/v2\/posts\/1465\/revisions"}],"wp:featuredmedia":[{"embeddable":true,"href":"https:\/\/masfm.com\/emisora\/wp-json\/wp\/v2\/media\/3145"}],"wp:attachment":[{"href":"https:\/\/masfm.com\/emisora\/wp-json\/wp\/v2\/media?parent=1465"}],"wp:term":[{"taxonomy":"category","embeddable":true,"href":"https:\/\/masfm.com\/emisora\/wp-json\/wp\/v2\/categories?post=1465"},{"taxonomy":"post_tag","embeddable":true,"href":"https:\/\/masfm.com\/emisora\/wp-json\/wp\/v2\/tags?post=1465"}],"curies":[{"name":"wp","href":"https:\/\/api.w.org\/{rel}","templated":true}]}}