{"id":14784,"date":"2022-05-02T22:24:18","date_gmt":"2022-05-03T01:24:18","guid":{"rendered":"https:\/\/www.masfm.com\/emisora\/?p=14784"},"modified":"2022-05-02T22:24:18","modified_gmt":"2022-05-03T01:24:18","slug":"viaje-de-transformacion-el-plan-de-la-mariposa-estreno","status":"publish","type":"post","link":"https:\/\/masfm.com\/emisora\/viaje-de-transformacion-el-plan-de-la-mariposa-estreno\/","title":{"rendered":"VIAJE DE TRANSFORMACI\u00d3N"},"content":{"rendered":"<p>Tenemos novedades de El plan de la mariposa y se trata de su nuevo single &#8220;Viaje de transformaci\u00f3n&#8221;.<\/p>\n<p><a href=\"https:\/\/www.masfm.com\/emisora\/?s=el+plan+de+la+mariposa\">La banda<\/a> present\u00f3 en todas las plataformas digitales un nuevo tema y est\u00e1 acompa\u00f1ado por un video dirigido por Salvador Kaplun.<\/p>\n<blockquote><p>&#8220;El \u00faltimo sat\u00e9lite de Estado de Enlace. Canci\u00f3n que completa la \u00f3rbita y sale a la cancha con ganas de vivo!&#8221;, explicaban en su cuenta de Instagram.<\/p><\/blockquote>\n<p>&#8220;Viaje de Transformaci\u00f3n&#8221; se encuentra producida por Estudio Pana\/Savia.<\/p>\n<h4>INFO DE LA BANDA:<\/h4>\n<p>El Plan de la Mariposa se form\u00f3 en 2008 como una banda argentina de rock latino y psicod\u00e9lico integrada por siete m\u00fasicos: cinco hermanos y dos amigos. Surgida en Necochea, un par de a\u00f1os despu\u00e9s hizo base en Buenos Aires.<\/p>\n<p>La b\u00fasqueda de los m\u00fasicos parti\u00f3 de la fusi\u00f3n, entrelazando artes en una puesta esc\u00e9nica estimulante. Sus temas rozan distintos estilos como rock, psicodelia y folklore.<\/p>\n<p>Los comienzos fueron dentro de una gran familia caracterizada por el amor a la m\u00fasica. M\u00e1ximo, Valent\u00edn y Camila son trillizos y junto con sus hermanos mayores, Santiago y Sebasti\u00e1n, completaron parte de la banda. Al poco tiempo se sumaron amigos y llegaron a ser un grupo de nueve m\u00fasicos.<\/p>\n<h4>DISCOGRAF\u00cdA:<\/h4>\n<p>2011 Brote<br \/>\n2013 Trance Habitante<br \/>\n2015 Danza de Antalgia<br \/>\n2017 Devorando Intensidad<br \/>\n2020 Estado de Enlace<\/p>\n<p>Te contamos que toda nuestra programaci\u00f3n se ve, hace muchos a\u00f1os,\u00a0 100 % con im\u00e1genes. Te invitamos a mirarnos desde tu compu, tablet, notebook o Smart TV con s\u00f3lo <a href=\"https:\/\/www.masfm.com\/smart\" target=\"_blank\" rel=\"noopener noreferrer\">entrar ac\u00e1<\/a>.<\/p>\n<p>Si prefer\u00eds que la experiencia sea por medio de tu celular, bajate la App gratuitamente <a href=\"https:\/\/masfm.pryx.com.ar\/install\/\" target=\"_blank\" rel=\"noopener noreferrer\">desde ac\u00e1<\/a>!<\/p>\n<h4>Registrate!<\/h4>\n<div class=\"widget_wysija_cont shortcode_wysija\"><div id=\"msg-form-wysija-shortcode69f338a099822-1\" class=\"wysija-msg ajax\"><\/div><form id=\"form-wysija-shortcode69f338a099822-1\" method=\"post\" action=\"#wysija\" class=\"widget_wysija shortcode_wysija\">\n<p class=\"wysija-paragraph\">\n    \n    \n    \t<input type=\"text\" name=\"wysija[user][firstname]\" class=\"wysija-input validate[required]\" title=\"Tu nombre\" placeholder=\"Tu nombre\" value=\"\" \/>\n    \n    \n    \n    <span class=\"abs-req\">\n        <input type=\"text\" name=\"wysija[user][abs][firstname]\" class=\"wysija-input validated[abs][firstname]\" value=\"\" \/>\n    <\/span>\n    \n<\/p>\n<p class=\"wysija-paragraph\">\n    \n    \n    \t<input type=\"text\" name=\"wysija[user][email]\" class=\"wysija-input validate[required,custom[email]]\" title=\"Tu correo\" placeholder=\"Tu correo\" value=\"\" \/>\n    \n    \n    \n    <span class=\"abs-req\">\n        <input type=\"text\" name=\"wysija[user][abs][email]\" class=\"wysija-input validated[abs][email]\" value=\"\" \/>\n    <\/span>\n    \n<\/p>\n\n<input class=\"wysija-submit wysija-submit-field\" type=\"submit\" value=\"Sumate!\" \/>\n\n    <input type=\"hidden\" name=\"form_id\" value=\"1\" \/>\n    <input type=\"hidden\" name=\"action\" value=\"save\" \/>\n    <input type=\"hidden\" name=\"controller\" value=\"subscribers\" \/>\n    <input type=\"hidden\" value=\"1\" name=\"wysija-page\" \/>\n\n    \n        <input type=\"hidden\" name=\"wysija[user_list][list_ids]\" value=\"1\" \/>\n    \n <\/form><\/div>\n<p><img loading=\"lazy\" decoding=\"async\" class=\"alignnone wp-image-14789 size-full\" title=\"VIAJE-DE-TRANSFORMACION-el-plan-de-la-mariposa-mas-fm-95.9-online-santa-fe\" src=\"https:\/\/www.masfm.com\/emisora\/wp-content\/uploads\/2022\/05\/noticias-VIAJE-DE-TRANSFORMACION-el-plan-de-la-mariposa-mas-fm-95.9-online-santa-fe-1.jpg\" alt=\"VIAJE-DE-TRANSFORMACION-el-plan-de-la-mariposa-mas-fm-95.9-online-santa-fe\" width=\"690\" height=\"330\" srcset=\"https:\/\/masfm.com\/emisora\/wp-content\/uploads\/2022\/05\/noticias-VIAJE-DE-TRANSFORMACION-el-plan-de-la-mariposa-mas-fm-95.9-online-santa-fe-1.jpg 690w, https:\/\/masfm.com\/emisora\/wp-content\/uploads\/2022\/05\/noticias-VIAJE-DE-TRANSFORMACION-el-plan-de-la-mariposa-mas-fm-95.9-online-santa-fe-1-345x165.jpg 345w, https:\/\/masfm.com\/emisora\/wp-content\/uploads\/2022\/05\/noticias-VIAJE-DE-TRANSFORMACION-el-plan-de-la-mariposa-mas-fm-95.9-online-santa-fe-1-600x287.jpg 600w\" sizes=\"auto, (max-width: 690px) 100vw, 690px\" \/><\/p>\n","protected":false},"excerpt":{"rendered":"<p>Tenemos novedades de El plan de la mariposa y se trata de su nuevo single &#8220;Viaje de transformaci\u00f3n&#8221;. La banda present\u00f3 en todas las plataformas digitales un nuevo tema y est\u00e1 acompa\u00f1ado por un video dirigido por Salvador Kaplun. &#8220;El \u00faltimo sat\u00e9lite de Estado de Enlace. Canci\u00f3n que completa la \u00f3rbita y sale a la&hellip;<\/p>\n","protected":false},"author":4,"featured_media":14790,"comment_status":"closed","ping_status":"open","sticky":false,"template":"","format":"video","meta":{"footnotes":""},"categories":[2],"tags":[264,48,47,46,13,14,51,24,23],"class_list":["post-14784","post","type-post","status-publish","format-video","has-post-thumbnail","hentry","category-noticias","tag-el-plan-de-la-mariposa","tag-esporaca","tag-laradioqueseve","tag-masfm959","tag-musica","tag-noticias","tag-nuevo","tag-videos","tag-video","post_format-post-format-video"],"amp_enabled":true,"_links":{"self":[{"href":"https:\/\/masfm.com\/emisora\/wp-json\/wp\/v2\/posts\/14784","targetHints":{"allow":["GET"]}}],"collection":[{"href":"https:\/\/masfm.com\/emisora\/wp-json\/wp\/v2\/posts"}],"about":[{"href":"https:\/\/masfm.com\/emisora\/wp-json\/wp\/v2\/types\/post"}],"author":[{"embeddable":true,"href":"https:\/\/masfm.com\/emisora\/wp-json\/wp\/v2\/users\/4"}],"replies":[{"embeddable":true,"href":"https:\/\/masfm.com\/emisora\/wp-json\/wp\/v2\/comments?post=14784"}],"version-history":[{"count":0,"href":"https:\/\/masfm.com\/emisora\/wp-json\/wp\/v2\/posts\/14784\/revisions"}],"wp:featuredmedia":[{"embeddable":true,"href":"https:\/\/masfm.com\/emisora\/wp-json\/wp\/v2\/media\/14790"}],"wp:attachment":[{"href":"https:\/\/masfm.com\/emisora\/wp-json\/wp\/v2\/media?parent=14784"}],"wp:term":[{"taxonomy":"category","embeddable":true,"href":"https:\/\/masfm.com\/emisora\/wp-json\/wp\/v2\/categories?post=14784"},{"taxonomy":"post_tag","embeddable":true,"href":"https:\/\/masfm.com\/emisora\/wp-json\/wp\/v2\/tags?post=14784"}],"curies":[{"name":"wp","href":"https:\/\/api.w.org\/{rel}","templated":true}]}}