{"id":14834,"date":"2022-05-05T19:43:49","date_gmt":"2022-05-05T22:43:49","guid":{"rendered":"https:\/\/www.masfm.com\/emisora\/?p=14834"},"modified":"2022-05-05T19:43:49","modified_gmt":"2022-05-05T22:43:49","slug":"llego-tormenta-la-vela-puerca-andrea-echeverry","status":"publish","type":"post","link":"https:\/\/masfm.com\/emisora\/llego-tormenta-la-vela-puerca-andrea-echeverry\/","title":{"rendered":"LLEG\u00d3 TORMENTA"},"content":{"rendered":"<p>M\u00e1s all\u00e1 de todo pron\u00f3stico, lleg\u00f3 Tormenta, \u00faltimo adelanto de Discopatico, el nuevo trabajo discogr\u00e1fico de La Vela Puerca.<\/p>\n<p>La nueva canci\u00f3n de <a href=\"https:\/\/www.masfm.com\/emisora\/?s=la+vela+puerca\">la banda uruguaya<\/a> cuenta con la colaboraci\u00f3n de la cantante de <a href=\"https:\/\/www.masfm.com\/emisora\/?s=Aterciopelados\" target=\"_blank\" rel=\"noopener noreferrer\">Aterciopelados<\/a>, Andrea Echeverry.<\/p>\n<p>El tema exhibe todo el car\u00e1cter rockero de la banda y la combinaci\u00f3n de voces se resignifica en cada palabra. Por supuesto, ya tiene video y fue dirigido por una eminencia en la materia: Octavio Lovisolo.<\/p>\n<p>Seg\u00fan definen los m\u00fasicos en sus propias palabras, Discop\u00e1tico es:<\/p>\n<blockquote><p>\u201cAquel que ostenta la enfermedad de los discos. \u00c9sta afecta al disco intermusical que se encuentra formado por una sustancia vin\u00edlica llamada LP. Est\u00e1 alojada entre cada surco y su funci\u00f3n es proporcionar felicidad a los o\u00eddos\u201d.<\/p><\/blockquote>\n<p>El proceso creativo se desarroll\u00f3 entre agosto 2021 y febrero 2022. La grabaci\u00f3n fue realizada por Alejandro V\u00e1zquez en Estudio Mi Semilla, en Montevideo, y las voces en chacra San Benito, Colonia del Sacramento.<\/p>\n<p>Fue mezclado por Alejandro V\u00e1zquez en el Estudio Van Vliet, en Buenos Aires. El mastering fue realizado por Greg Calbi y Steve Fallone en Sterling Sound, de New Jersey. La producci\u00f3n art\u00edstica corri\u00f3 por cuenta de Alejandro V\u00e1zquez y La Vela Puerca.<\/p>\n<p>Lleg\u00f3 Tormenta de La Vela Puerca y ya forma parte, junto a todos los hits de la banda, de nuestra programaci\u00f3n 100 % con im\u00e1genes. Acordate, pod\u00e9s mirarnos desde tu compu, tablet, notebook o Smart TV con s\u00f3lo <a href=\"https:\/\/www.masfm.com\/smart\" target=\"_blank\" rel=\"noopener noreferrer\">entrar ac\u00e1<\/a>.<\/p>\n<p>Si prefer\u00eds que la experiencia sea por medio de tu celular, bajate la App gratuitamente <a href=\"https:\/\/masfm.pryx.com.ar\/install\/\" target=\"_blank\" rel=\"noopener noreferrer\">desde ac\u00e1<\/a>!<\/p>\n<h4>Letra de Tormenta.<\/h4>\n<p>Hola, c\u00f3mo te va?<br \/>\nYa sab\u00e9s, pronto me muero<br \/>\nEs una tarde m\u00e1s<br \/>\nY yo casi, casi despego<\/p>\n<p>Tambi\u00e9n s\u00e9 que sab\u00e9s<br \/>\nque el miedo tiene las patas cortas<br \/>\nNunca logr\u00e9 volver,<br \/>\nsigo viendo El d\u00eda de la marmota<\/p>\n<p>Alg\u00fan d\u00eda pod\u00e9s avisar<br \/>\nY si no, tendr\u00e9 que aguantar<\/p>\n<p>Seguro que se va<br \/>\npor las ramas entre tanta maleza<br \/>\nMaleza es la que ves<br \/>\nCuando llea pero no te besa<\/p>\n<p>S\u00e9 que vas a girar<br \/>\nOtra vuelta dando siempre tormenta<br \/>\nSolo un hurac\u00e1n<br \/>\nPuede hacer que paguemos la cuenta<\/p>\n<p>Hola, c\u00f3mo te fue?<br \/>\nYa me ves, todav\u00eda no muero<br \/>\nNo fue una noche m\u00e1s<br \/>\nY yo casi, casi no me entero<\/p>\n<p>Ven\u00ed, lleg\u00e1, solt\u00e1<br \/>\nUn abrazo te espera en mi puerta<br \/>\nY tres copas de m\u00e1s<br \/>\nDecidieron que la noche ya es nuestra<\/p>\n<p>Ves que al final<br \/>\nSomos dos contra la tormenta?<br \/>\nHoy, como ayer<br \/>\nQue ma\u00f1ana estamos de vuelta<\/p>\n<p>Ves que al final<br \/>\nSomos dos contra la tormenta?<br \/>\nHoy, como ayer<br \/>\nQue ma\u00f1ana estamos de vuelta<\/p>\n<p>Ves que al final<br \/>\nSomos dos contra la tormenta?<br \/>\nHoy, como ayer<br \/>\nQue ma\u00f1ana estamos de vuelta<\/p>\n<p>Contra la tormenta&#8230;<br \/>\nEstamos de vuelta&#8230;<br \/>\nContra la tormenta&#8230;<br \/>\nSomos dos<\/p>\n<h4>Registrate!<\/h4>\n<div class=\"widget_wysija_cont shortcode_wysija\"><div id=\"msg-form-wysija-shortcode69f4ad99e4a1d-1\" class=\"wysija-msg ajax\"><\/div><form id=\"form-wysija-shortcode69f4ad99e4a1d-1\" method=\"post\" action=\"#wysija\" class=\"widget_wysija shortcode_wysija\">\n<p class=\"wysija-paragraph\">\n    \n    \n    \t<input type=\"text\" name=\"wysija[user][firstname]\" class=\"wysija-input validate[required]\" title=\"Tu nombre\" placeholder=\"Tu nombre\" value=\"\" \/>\n    \n    \n    \n    <span class=\"abs-req\">\n        <input type=\"text\" name=\"wysija[user][abs][firstname]\" class=\"wysija-input validated[abs][firstname]\" value=\"\" \/>\n    <\/span>\n    \n<\/p>\n<p class=\"wysija-paragraph\">\n    \n    \n    \t<input type=\"text\" name=\"wysija[user][email]\" class=\"wysija-input validate[required,custom[email]]\" title=\"Tu correo\" placeholder=\"Tu correo\" value=\"\" \/>\n    \n    \n    \n    <span class=\"abs-req\">\n        <input type=\"text\" name=\"wysija[user][abs][email]\" class=\"wysija-input validated[abs][email]\" value=\"\" \/>\n    <\/span>\n    \n<\/p>\n\n<input class=\"wysija-submit wysija-submit-field\" type=\"submit\" value=\"Sumate!\" \/>\n\n    <input type=\"hidden\" name=\"form_id\" value=\"1\" \/>\n    <input type=\"hidden\" name=\"action\" value=\"save\" \/>\n    <input type=\"hidden\" name=\"controller\" value=\"subscribers\" \/>\n    <input type=\"hidden\" value=\"1\" name=\"wysija-page\" \/>\n\n    \n        <input type=\"hidden\" name=\"wysija[user_list][list_ids]\" value=\"1\" \/>\n    \n <\/form><\/div>\n<p><img loading=\"lazy\" decoding=\"async\" class=\"alignnone wp-image-14837 size-full\" title=\"LLEGO-TORMENTA-la-vela-puerca-Andrea-Echeverry-mas-fm-95.9-online-santa-fe\" src=\"https:\/\/www.masfm.com\/emisora\/wp-content\/uploads\/2022\/05\/noticias-LLEGO-TORMENTA-la-vela-puerca-Andrea-Echeverry-mas-fm-95.9-online-santa-fe-1.jpg\" alt=\"LLEGO-TORMENTA-la-vela-puerca-Andrea-Echeverry-mas-fm-95.9-online-santa-fe\" width=\"690\" height=\"330\" srcset=\"https:\/\/masfm.com\/emisora\/wp-content\/uploads\/2022\/05\/noticias-LLEGO-TORMENTA-la-vela-puerca-Andrea-Echeverry-mas-fm-95.9-online-santa-fe-1.jpg 690w, https:\/\/masfm.com\/emisora\/wp-content\/uploads\/2022\/05\/noticias-LLEGO-TORMENTA-la-vela-puerca-Andrea-Echeverry-mas-fm-95.9-online-santa-fe-1-345x165.jpg 345w, https:\/\/masfm.com\/emisora\/wp-content\/uploads\/2022\/05\/noticias-LLEGO-TORMENTA-la-vela-puerca-Andrea-Echeverry-mas-fm-95.9-online-santa-fe-1-600x287.jpg 600w\" sizes=\"auto, (max-width: 690px) 100vw, 690px\" \/><\/p>\n","protected":false},"excerpt":{"rendered":"<p>M\u00e1s all\u00e1 de todo pron\u00f3stico, lleg\u00f3 Tormenta, \u00faltimo adelanto de Discopatico, el nuevo trabajo discogr\u00e1fico de La Vela Puerca. La nueva canci\u00f3n de la banda uruguaya cuenta con la colaboraci\u00f3n de la cantante de Aterciopelados, Andrea Echeverry. El tema exhibe todo el car\u00e1cter rockero de la banda y la combinaci\u00f3n de voces se resignifica en&hellip;<\/p>\n","protected":false},"author":4,"featured_media":14838,"comment_status":"closed","ping_status":"open","sticky":false,"template":"","format":"video","meta":{"footnotes":""},"categories":[2],"tags":[48,82,47,46,13,14,51,24,23],"class_list":["post-14834","post","type-post","status-publish","format-video","has-post-thumbnail","hentry","category-noticias","tag-esporaca","tag-la-vela-puerca","tag-laradioqueseve","tag-masfm959","tag-musica","tag-noticias","tag-nuevo","tag-videos","tag-video","post_format-post-format-video"],"amp_enabled":true,"_links":{"self":[{"href":"https:\/\/masfm.com\/emisora\/wp-json\/wp\/v2\/posts\/14834","targetHints":{"allow":["GET"]}}],"collection":[{"href":"https:\/\/masfm.com\/emisora\/wp-json\/wp\/v2\/posts"}],"about":[{"href":"https:\/\/masfm.com\/emisora\/wp-json\/wp\/v2\/types\/post"}],"author":[{"embeddable":true,"href":"https:\/\/masfm.com\/emisora\/wp-json\/wp\/v2\/users\/4"}],"replies":[{"embeddable":true,"href":"https:\/\/masfm.com\/emisora\/wp-json\/wp\/v2\/comments?post=14834"}],"version-history":[{"count":0,"href":"https:\/\/masfm.com\/emisora\/wp-json\/wp\/v2\/posts\/14834\/revisions"}],"wp:featuredmedia":[{"embeddable":true,"href":"https:\/\/masfm.com\/emisora\/wp-json\/wp\/v2\/media\/14838"}],"wp:attachment":[{"href":"https:\/\/masfm.com\/emisora\/wp-json\/wp\/v2\/media?parent=14834"}],"wp:term":[{"taxonomy":"category","embeddable":true,"href":"https:\/\/masfm.com\/emisora\/wp-json\/wp\/v2\/categories?post=14834"},{"taxonomy":"post_tag","embeddable":true,"href":"https:\/\/masfm.com\/emisora\/wp-json\/wp\/v2\/tags?post=14834"}],"curies":[{"name":"wp","href":"https:\/\/api.w.org\/{rel}","templated":true}]}}