{"id":14844,"date":"2022-05-06T19:33:50","date_gmt":"2022-05-06T22:33:50","guid":{"rendered":"https:\/\/www.masfm.com\/emisora\/?p=14844"},"modified":"2025-07-19T14:25:22","modified_gmt":"2025-07-19T17:25:22","slug":"nada-de-mi-rayos-laser","status":"publish","type":"post","link":"https:\/\/masfm.com\/emisora\/nada-de-mi-rayos-laser\/","title":{"rendered":"RAYOS L\u00c1SER LANZ\u00d3 NADA DE MI"},"content":{"rendered":"\n<figure class=\"wp-block-image\"><img loading=\"lazy\" decoding=\"async\" width=\"690\" height=\"330\" src=\"https:\/\/www.masfm.com\/emisora\/wp-content\/uploads\/2022\/05\/noticias-NADA-DE-MI-rayos-laser-mas-fm-95.9-online-santa-fe-1.jpg\" alt=\"NADA-DE-MI-rayos-laser-mas-fm-95.9-online-santa-fe\" class=\"wp-image-14854\" title=\"NADA-DE-MI-rayos-laser-mas-fm-95.9-online-santa-fe\" srcset=\"https:\/\/masfm.com\/emisora\/wp-content\/uploads\/2022\/05\/noticias-NADA-DE-MI-rayos-laser-mas-fm-95.9-online-santa-fe-1.jpg 690w, https:\/\/masfm.com\/emisora\/wp-content\/uploads\/2022\/05\/noticias-NADA-DE-MI-rayos-laser-mas-fm-95.9-online-santa-fe-1-345x165.jpg 345w, https:\/\/masfm.com\/emisora\/wp-content\/uploads\/2022\/05\/noticias-NADA-DE-MI-rayos-laser-mas-fm-95.9-online-santa-fe-1-600x287.jpg 600w\" sizes=\"auto, (max-width: 690px) 100vw, 690px\" \/><\/figure>\n\n\n\n<p>La banda Rayos L\u00e1ser lanz\u00f3 &#8220;Nada de mi&#8221;, el primer adelanto de lo que ser\u00e1 su quinto material de estudio.<\/p>\n\n\n\n<p>La estrofa dibuja una melod\u00eda suave que nos lanza de lleno a un estribillo explosivo que imposibilita la opci\u00f3n de quedarse quieto.<\/p>\n\n\n\n<p>La producci\u00f3n impecable y el coro final no hace m\u00e1s que dejarnos expectantes de cara a lo que vendr\u00e1.<\/p>\n\n\n\n<p>Este single podr\u00e1 ser escuchado en vivo por primera vez el pr\u00f3ximo 12 de mayo en Niceto Club. Adem\u00e1s, el tr\u00edo integrado por Tom\u00e1s Ferrero, C\u00e9sar Seppey y Gustavo Rodr\u00edguez aprovechar\u00e1 la ocasi\u00f3n para despedirse de El Reflejo, su \u00faltimo \u00e1lbum.<\/p>\n\n\n\n<p>Este \u00faltimo material de estudio no solo los hizo recorrer todo el interior del pa\u00eds con su extensa Argentina Tour, sino que tambi\u00e9n los proyect\u00f3 internacionalmente al ser nominados a los Latin Grammy en la categor\u00eda de &#8220;Mejor \u00c1lbum de Pop Rock&#8221;.<\/p>\n\n\n\n<h4 class=\"wp-block-heading\">INFO DE LA BANDA<\/h4>\n\n\n\n<p><a href=\"https:\/\/www.masfm.com\/emisora\/?s=rayos+laser\">Rayos L\u00e1ser<\/a> es una banda de pop rock alternativo originaria de C\u00f3rdoba, Argentina, formada en el a\u00f1o 2011. Est\u00e1 integrada por Tom\u00e1s Ferrero (bajo y voz), C\u00e9sar Seppey (coros y guitarra) y Gustavo Rodr\u00edguez (coros y guitarra).<\/p>\n\n\n\n<p>En junio de 2020, la banda lanz\u00f3 su sencillo &#8220;M\u00e1s fuerte&#8221;, en colaboraci\u00f3n con el cantante Lucas Mart\u00ed.\u200b<\/p>\n\n\n\n<p>Durante agosto publicaron &#8220;Ya me hiciste mal&#8221;, su segundo sencillo, una canci\u00f3n de desamor que desde el desgarro versa sobre la libertad.<\/p>\n\n\n\n<p>Fue en noviembre del mismo a\u00f1o, que el trio cordob\u00e9s lanz\u00f3 su cuarto \u00e1lbum de estudio, titulado El reflejo.\u200b Por su parte, el estreno estuvo acompa\u00f1ado con el lanzamiento del video oficial de &#8220;Un recuerdo de vos y de m\u00ed&#8221;, que cuenta con la actuaci\u00f3n de la actriz argentina Celeste Cid.\u200b<\/p>\n\n\n\n<p>Llegando enero de 2021, anunciaron la gira nacional de su \u00faltimo trabajo discogr\u00e1fico &#8220;El reflejo Tour&#8221;, donde recorrieron diferentes ciudades de las provincias de C\u00f3rdoba, Buenos Aires, Santa Fe, entre otras.<\/p>\n\n\n\n<h4 class=\"wp-block-heading\">Al mes siguiente publicaron &#8220;Lo que digo&#8221;, canci\u00f3n perteneciente a su primer \u00e1lbum, en esta oportunidad junto al cantante Raly Barrionuevo.<\/h4>\n\n\n\n<p>Para mayo lanz\u00f3 la versi\u00f3n remix del sencillo &#8220;Ya me hiciste mal&#8221;, junto a la cantante argentina Daniela Spalla.\u200b Tambi\u00e9n, recibieron una nominaci\u00f3n a los Premios Gardel en las categor\u00edas de Mejor \u00c1lbum Grupo Pop por El reflejo, y en septiembre, obtuvieron su primera nominaci\u00f3n a los Premios Grammy Latinos a Mejor \u00c1lbum Pop\/Rock.<\/p>\n\n\n\n<p>En noviembre del mismo a\u00f1o, ganaron cuatro galardones en las categor\u00edas de mejor disco del a\u00f1o por El reflejo, mejor canci\u00f3n y videoclip del a\u00f1o por Ya me hiciste mal, y artista o banda pop del a\u00f1o; en la primera entrega anual de los Premios CIEyA.<\/p>\n\n\n\n<h2 class=\"wp-block-heading\" id=\"ya-lo-sumamos\">\u00a1Ya lo sumamos!<\/h2>\n\n\n\n<p>Los mejores videos de Rayos L\u00e1ser ya forman parte de nuestra programaci\u00f3n, la cual desde hace M\u00e1s de dos d\u00e9cadas, la disfrut\u00e1s 100 % con im\u00e1genes.<\/p>\n\n\n\n<p>Acordate, pod\u00e9s mirarnos desde tu compu, tablet, notebook o Smart TV con s\u00f3lo&nbsp;<a href=\"https:\/\/masfm.com\/emisora\/#section-custom-content-2\" target=\"_blank\" rel=\"noreferrer noopener\">entrar ac\u00e1<\/a>.<\/p>\n\n\n\n<p>Si prefer\u00eds que la experiencia sea por medio de tu celular, bajate la App gratuitamente&nbsp;<a href=\"https:\/\/masfm.pryx.com.ar\/install\/\" target=\"_blank\" rel=\"noreferrer noopener\">desde ac\u00e1<\/a>&nbsp;y miranos desde cualquier parte del mundo, a la hora que quieras!<\/p>\n\n\n\n<p>Estamos las 24 horas con la mejor m\u00fasica y sus clips.<\/p>\n\n\n\n<h2 class=\"wp-block-heading\" id=\"registrate-a-mas-fm-95-9\">\u00a1Registrate a M\u00e1s FM 95 9!<\/h2>\n\n\n  \n  \n  <div class=\"\n    mailpoet_form_popup_overlay\n      \"><\/div>\n  <div\n    id=\"mailpoet_form_3\"\n    class=\"\n      mailpoet_form\n      mailpoet_form_html\n      mailpoet_form_position_\n      mailpoet_form_animation_\n    \"\n      >\n\n    <style type=\"text\/css\">\n     #mailpoet_form_3 .mailpoet_form {  }\n#mailpoet_form_3 .mailpoet_column_with_background { padding: 10px; }\n#mailpoet_form_3 .mailpoet_form_column:not(:first-child) { margin-left: 20px; }\n#mailpoet_form_3 .mailpoet_paragraph { line-height: 20px; margin-bottom: 20px; }\n#mailpoet_form_3 .mailpoet_segment_label, #mailpoet_form_3 .mailpoet_text_label, #mailpoet_form_3 .mailpoet_textarea_label, #mailpoet_form_3 .mailpoet_select_label, #mailpoet_form_3 .mailpoet_radio_label, #mailpoet_form_3 .mailpoet_checkbox_label, #mailpoet_form_3 .mailpoet_list_label, #mailpoet_form_3 .mailpoet_date_label { display: block; font-weight: normal; }\n#mailpoet_form_3 .mailpoet_text, #mailpoet_form_3 .mailpoet_textarea, #mailpoet_form_3 .mailpoet_select, #mailpoet_form_3 .mailpoet_date_month, #mailpoet_form_3 .mailpoet_date_day, #mailpoet_form_3 .mailpoet_date_year, #mailpoet_form_3 .mailpoet_date { display: block; }\n#mailpoet_form_3 .mailpoet_text, #mailpoet_form_3 .mailpoet_textarea { width: 200px; }\n#mailpoet_form_3 .mailpoet_checkbox {  }\n#mailpoet_form_3 .mailpoet_submit {  }\n#mailpoet_form_3 .mailpoet_divider {  }\n#mailpoet_form_3 .mailpoet_message {  }\n#mailpoet_form_3 .mailpoet_form_loading { width: 30px; text-align: center; line-height: normal; }\n#mailpoet_form_3 .mailpoet_form_loading > span { width: 5px; height: 5px; background-color: #5b5b5b; }#mailpoet_form_3{border-radius: 0px;text-align: left;}#mailpoet_form_3 form.mailpoet_form {padding: 20px;}#mailpoet_form_3{width: 100%;}#mailpoet_form_3 .mailpoet_message {margin: 0; padding: 0 20px;}#mailpoet_form_3 .mailpoet_paragraph.last {margin-bottom: 0} @media (max-width: 500px) {#mailpoet_form_3 {background-image: none;}} @media (min-width: 500px) {#mailpoet_form_3 .last .mailpoet_paragraph:last-child {margin-bottom: 0}}  @media (max-width: 500px) {#mailpoet_form_3 .mailpoet_form_column:last-child .mailpoet_paragraph:last-child {margin-bottom: 0}} \n    <\/style>\n\n    <form\n      target=\"_self\"\n      method=\"post\"\n      action=\"https:\/\/masfm.com\/emisora\/wp-admin\/admin-post.php?action=mailpoet_subscription_form\"\n      class=\"mailpoet_form mailpoet_form_form mailpoet_form_html\"\n      novalidate\n      data-delay=\"\"\n      data-exit-intent-enabled=\"\"\n      data-trigger-mode=\"\"\n      data-click-trigger-selector=\"\"\n      data-font-family=\"\"\n      data-cookie-expiration-time=\"\"\n    >\n      <input type=\"hidden\" name=\"data[form_id]\" value=\"3\" \/>\n      <input type=\"hidden\" name=\"token\" value=\"15609c62e5\" \/>\n      <input type=\"hidden\" name=\"api_version\" value=\"v1\" \/>\n      <input type=\"hidden\" name=\"endpoint\" value=\"subscribers\" \/>\n      <input type=\"hidden\" name=\"mailpoet_method\" value=\"subscribe\" \/>\n\n      <label class=\"mailpoet_hp_email_label\" style=\"display: none !important;\">Please leave this field empty<input type=\"email\" name=\"data[email]\"\/><\/label><div class='mailpoet_form_columns_container'><div class=\"mailpoet_form_columns mailpoet_paragraph mailpoet_stack_on_mobile\"><div class=\"mailpoet_form_column\"><div class=\"mailpoet_paragraph \"><input type=\"text\" autocomplete=\"given-name\" class=\"mailpoet_text\" id=\"form_first_name_3\" name=\"data[form_field_Mjg5ZDFmYWM5ZDQ5X2ZpcnN0X25hbWU=]\" title=\"Nombre\" value=\"\" style=\"width:100%;box-sizing:border-box;padding:5px;margin: 0 auto 0 0;\" data-automation-id=\"form_first_name\"  placeholder=\"Nombre\" aria-label=\"Nombre\" data-parsley-errors-container=\".mailpoet_error_18jm7\" data-parsley-names='[&quot;Please specify a valid name.&quot;,&quot;Addresses in names are not permitted, please add your name instead.&quot;]'\/><span class=\"mailpoet_error_18jm7\"><\/span><\/div>\n<\/div>\n<div class=\"mailpoet_form_column\"><div class=\"mailpoet_paragraph \"><input type=\"email\" autocomplete=\"email\" class=\"mailpoet_text\" id=\"form_email_3\" name=\"data[form_field_OGY2ODJhNTQxZjUxX2VtYWls]\" title=\"TU MAIL:\" value=\"\" style=\"width:100%;box-sizing:border-box;padding:5px;margin: 0 auto 0 0;\" data-automation-id=\"form_email\"  placeholder=\"TU MAIL: *\" aria-label=\"TU MAIL: *\" data-parsley-errors-container=\".mailpoet_error_u2ygg\" data-parsley-required=\"true\" required aria-required=\"true\" data-parsley-minlength=\"6\" data-parsley-maxlength=\"150\" data-parsley-type-message=\"This value should be a valid email.\" data-parsley-required-message=\"This field is required.\"\/><span class=\"mailpoet_error_u2ygg\"><\/span><\/div>\n<\/div>\n<div class=\"mailpoet_form_column\"><div class=\"mailpoet_paragraph \"><input type=\"submit\" class=\"mailpoet_submit\" value=\"SUMATE YA!\" data-automation-id=\"subscribe-submit-button\" style=\"width:100%;box-sizing:border-box;padding:5px;margin: 0 auto 0 0;border-color:transparent;\" \/><span class=\"mailpoet_form_loading\"><span class=\"mailpoet_bounce1\"><\/span><span class=\"mailpoet_bounce2\"><\/span><span class=\"mailpoet_bounce3\"><\/span><\/span><\/div>\n<\/div>\n<\/div><\/div>\n<div class='mailpoet_form_columns_container'><div class=\"mailpoet_form_columns mailpoet_paragraph mailpoet_stack_on_mobile\"><div class=\"mailpoet_form_column\"><\/div>\n<div class=\"mailpoet_form_column\"><\/div>\n<\/div><\/div>\n\n      <div class=\"mailpoet_message\">\n        <p class=\"mailpoet_validate_success\"\n                style=\"display:none;\"\n                >Revisa tu bandeja de entrada o la carpeta de spam para confirmar tu suscripci\u00f3n.\n        <\/p>\n        <p class=\"mailpoet_validate_error\"\n                style=\"display:none;\"\n                >        <\/p>\n      <\/div>\n    <\/form>\n\n      <\/div>\n\n  \n\n\n<figure class=\"wp-block-image\"><img loading=\"lazy\" decoding=\"async\" width=\"690\" height=\"330\" src=\"https:\/\/www.masfm.com\/emisora\/wp-content\/uploads\/2022\/05\/noticias-NADA-DE-MI-rayos-laser-mas-fm-95.9-online-santa-fe-1.jpg\" alt=\"NADA-DE-MI-rayos-laser-mas-fm-95.9-online-santa-fe\" class=\"wp-image-14854\" title=\"NADA-DE-MI-rayos-laser-mas-fm-95.9-online-santa-fe\" srcset=\"https:\/\/masfm.com\/emisora\/wp-content\/uploads\/2022\/05\/noticias-NADA-DE-MI-rayos-laser-mas-fm-95.9-online-santa-fe-1.jpg 690w, https:\/\/masfm.com\/emisora\/wp-content\/uploads\/2022\/05\/noticias-NADA-DE-MI-rayos-laser-mas-fm-95.9-online-santa-fe-1-345x165.jpg 345w, https:\/\/masfm.com\/emisora\/wp-content\/uploads\/2022\/05\/noticias-NADA-DE-MI-rayos-laser-mas-fm-95.9-online-santa-fe-1-600x287.jpg 600w\" sizes=\"auto, (max-width: 690px) 100vw, 690px\" \/><\/figure>\n\n\n\n<p><\/p>\n","protected":false},"excerpt":{"rendered":"<p>La banda Rayos L\u00e1ser lanz\u00f3 &#8220;Nada de mi&#8221;, el primer adelanto de lo que ser\u00e1 su quinto material de estudio. La estrofa dibuja una melod\u00eda suave que nos lanza de lleno a un estribillo explosivo que imposibilita la opci\u00f3n de quedarse quieto. La producci\u00f3n impecable y el coro final no hace m\u00e1s que dejarnos expectantes&hellip;<\/p>\n","protected":false},"author":4,"featured_media":14853,"comment_status":"closed","ping_status":"open","sticky":false,"template":"","format":"video","meta":{"footnotes":""},"categories":[2],"tags":[48,47,46,13,14,51,437,24,23],"class_list":["post-14844","post","type-post","status-publish","format-video","has-post-thumbnail","hentry","category-noticias","tag-esporaca","tag-laradioqueseve","tag-masfm959","tag-musica","tag-noticias","tag-nuevo","tag-rayos-laser","tag-videos","tag-video","post_format-post-format-video"],"amp_enabled":true,"_links":{"self":[{"href":"https:\/\/masfm.com\/emisora\/wp-json\/wp\/v2\/posts\/14844","targetHints":{"allow":["GET"]}}],"collection":[{"href":"https:\/\/masfm.com\/emisora\/wp-json\/wp\/v2\/posts"}],"about":[{"href":"https:\/\/masfm.com\/emisora\/wp-json\/wp\/v2\/types\/post"}],"author":[{"embeddable":true,"href":"https:\/\/masfm.com\/emisora\/wp-json\/wp\/v2\/users\/4"}],"replies":[{"embeddable":true,"href":"https:\/\/masfm.com\/emisora\/wp-json\/wp\/v2\/comments?post=14844"}],"version-history":[{"count":0,"href":"https:\/\/masfm.com\/emisora\/wp-json\/wp\/v2\/posts\/14844\/revisions"}],"wp:featuredmedia":[{"embeddable":true,"href":"https:\/\/masfm.com\/emisora\/wp-json\/wp\/v2\/media\/14853"}],"wp:attachment":[{"href":"https:\/\/masfm.com\/emisora\/wp-json\/wp\/v2\/media?parent=14844"}],"wp:term":[{"taxonomy":"category","embeddable":true,"href":"https:\/\/masfm.com\/emisora\/wp-json\/wp\/v2\/categories?post=14844"},{"taxonomy":"post_tag","embeddable":true,"href":"https:\/\/masfm.com\/emisora\/wp-json\/wp\/v2\/tags?post=14844"}],"curies":[{"name":"wp","href":"https:\/\/api.w.org\/{rel}","templated":true}]}}