{"id":15449,"date":"2022-06-29T10:49:55","date_gmt":"2022-06-29T13:49:55","guid":{"rendered":"https:\/\/www.masfm.com\/emisora\/?p=15449"},"modified":"2022-06-29T10:49:55","modified_gmt":"2022-06-29T13:49:55","slug":"chayanne-de-vuelta-te-amo-y-punto-estreno","status":"publish","type":"post","link":"https:\/\/masfm.com\/emisora\/chayanne-de-vuelta-te-amo-y-punto-estreno\/","title":{"rendered":"CHAYANNE DE VUELTA"},"content":{"rendered":"<p><a href=\"https:\/\/www.masfm.com\/emisora\/?s=chayanne\">Chayanne<\/a> de vuelta a las pistas, tras anunciar el estreno de &#8220;Te Amo y Punto&#8221;, una poderosa balada de amor con la que marca su retorno.<\/p>\n<p>Te Amo y Punto tambi\u00e9n es un adelanto de lo que ser\u00e1 su pr\u00f3ximo \u00e1lbum de estudio. Esta sutil y poderosa balada est\u00e1 llena de emoci\u00f3n y sentimientos que el cantante interpreta con toda la pasi\u00f3n que suele imprimirle a sus canciones.<\/p>\n<p>Producido por Luis Salazar y escrito por Chayanne con \u00c9dgar Barrera, Richi L\u00f3pez y Elena Rose; Te Amo Y Punto marca el comienzo de esta pr\u00f3xima fase de la carrera musical del puertorrique\u00f1o.<\/p>\n<p>Es que los arreglos musicales, sumados a la intenci\u00f3n propuesta en cada frase del tema, la convierten en una balada moderna, fresca y que perfectamente atrae a oyentes de todas las generaciones.<\/p>\n<p>Chayanne est\u00e1 de vuelta para sacar a relucir su lado m\u00e1s rom\u00e1ntico y as\u00ed, reconquistar a su p\u00fablico nuevamente con todo el amor que expresa en esta nueva producci\u00f3n.<\/p>\n<h4>Asegur\u00f3 Chayanne:<\/h4>\n<blockquote><p>&#8220;Esta canci\u00f3n fue el producto de la creaci\u00f3n de un gran grupo de profesionales y basada en el sentimiento m\u00e1s noble que podemos sentir en la vida: el amor. Quiero siempre recordarle a la gente que a pesar de la velocidad en que hoy se vive y que por encima de cualquier prioridad, el amor es el mayor de los sentimientos y siempre nos va a llenar el alma&#8221;.<\/p><\/blockquote>\n<h4>Y agreg\u00f3:<\/h4>\n<blockquote><p>&#8220;Esta es la primera canci\u00f3n de mi nuevo \u00e1lbum y espero que la gente la reciba con el mismo entusiasmo y respeto con que la grab\u00e9. Este tema es una muestra de un gran trabajo que iremos mostrando poco a poco&#8221;.<\/p><\/blockquote>\n<h4>Letra de Te amo y punto.<\/h4>\n<p>No he sido perfecto<br \/>\nMe dieron m\u00e1s de lo que ped\u00ed<br \/>\nTodo lo que tengo<br \/>\nEmpezando por ti<\/p>\n<p>Que me quitas el aire<br \/>\nEn mi pecho no cabe<br \/>\nEste amor<br \/>\nEstoy en deuda, coraz\u00f3n<\/p>\n<p>Tengo mil razones para cuestionar<br \/>\nQue si hay un cielo, no es un lugar<br \/>\nLa felicidad no es un destino<br \/>\nY que solo, no es lo mismo caminar<\/p>\n<p>No fue suerte<br \/>\nEstaba escrito<br \/>\nY es que s\u00e9 que existe un Dios<br \/>\nPorque contigo me bendijo<\/p>\n<p>Estoy a tu lado y no me lo creo<br \/>\nNo eres mis ojos, pero contigo yo veo<br \/>\nTengo todo, to&#8217; lo que quiero<br \/>\nNo cumplo a\u00f1os, pero se cumple el deseo<br \/>\nTodos los d\u00edas, porque eres m\u00eda<\/p>\n<p>Estoy a tu lado y te soy sincero<br \/>\nS\u00e9 que puede acabarse el mundo entero<br \/>\nY si eso pasa, empezar de nuevo<br \/>\nComo si fuera un primero de enero<br \/>\nSiempre juntos, para ir al punto<\/p>\n<h4>Te amo y punto<\/h4>\n<p>S\u00e9 que el camino es largo<br \/>\nY hay mucho que hacer<br \/>\nPero vamos con calma<br \/>\nQue hay tanto que ver<\/p>\n<p>Toma mi mano, vente conmigo<br \/>\nO dime a d\u00f3nde, que yo te sigo<br \/>\nYo quiero todo, pero contigo<br \/>\nAntes de ti estaba perdido<\/p>\n<p>Me queda claro que eres mi destino<\/p>\n<p>Estoy a tu lado y no me lo creo<br \/>\nNo eres mis ojos, pero contigo yo veo<br \/>\nTengo todo, to&#8217; lo que quiero<br \/>\nNo cumplo a\u00f1os, pero se cumple el deseo<br \/>\nTodos los d\u00edas, porque eres m\u00eda<\/p>\n<p>Estoy a tu lado y te soy sincero<br \/>\nS\u00e9 que puede acabarse el mundo entero<br \/>\nY si eso pasa, empezar de nuevo<br \/>\nComo si fuera un primero de enero<br \/>\nSiempre juntos, para ir al punto<\/p>\n<h4>Te amo y punto<\/h4>\n<p>Chayanne de vuelta en bocas de todos y su nuevo video ya forma parte de nuestra programaci\u00f3n, la cual desde hace a\u00f1os, la disfrut\u00e1s 100 % con im\u00e1genes. Acordate, pod\u00e9s mirarnos desde tu compu, tablet, notebook o Smart TV con s\u00f3lo <a href=\"https:\/\/www.masfm.com\/smart\" target=\"_blank\" rel=\"noopener noreferrer\">entrar ac\u00e1<\/a>.<\/p>\n<p>Si prefer\u00eds que la experiencia sea por medio de tu celular, bajate la App gratuitamente\u00a0<a href=\"https:\/\/masfm.pryx.com.ar\/install\/\" target=\"_blank\" rel=\"noopener noreferrer\">desde ac\u00e1<\/a>\u00a0y miranos desde cualquier parte del mundo, a la hora que quieras! Estamos las 24 horas con la mejor m\u00fasica y sus clips.<\/p>\n<h4>Registrate!<\/h4>\n<div class=\"widget_wysija_cont shortcode_wysija\"><div id=\"msg-form-wysija-shortcode69f236fa05f0c-1\" class=\"wysija-msg ajax\"><\/div><form id=\"form-wysija-shortcode69f236fa05f0c-1\" method=\"post\" action=\"#wysija\" class=\"widget_wysija shortcode_wysija\">\n<p class=\"wysija-paragraph\">\n    \n    \n    \t<input type=\"text\" name=\"wysija[user][firstname]\" class=\"wysija-input validate[required]\" title=\"Tu nombre\" placeholder=\"Tu nombre\" value=\"\" \/>\n    \n    \n    \n    <span class=\"abs-req\">\n        <input type=\"text\" name=\"wysija[user][abs][firstname]\" class=\"wysija-input validated[abs][firstname]\" value=\"\" \/>\n    <\/span>\n    \n<\/p>\n<p class=\"wysija-paragraph\">\n    \n    \n    \t<input type=\"text\" name=\"wysija[user][email]\" class=\"wysija-input validate[required,custom[email]]\" title=\"Tu correo\" placeholder=\"Tu correo\" value=\"\" \/>\n    \n    \n    \n    <span class=\"abs-req\">\n        <input type=\"text\" name=\"wysija[user][abs][email]\" class=\"wysija-input validated[abs][email]\" value=\"\" \/>\n    <\/span>\n    \n<\/p>\n\n<input class=\"wysija-submit wysija-submit-field\" type=\"submit\" value=\"Sumate!\" \/>\n\n    <input type=\"hidden\" name=\"form_id\" value=\"1\" \/>\n    <input type=\"hidden\" name=\"action\" value=\"save\" \/>\n    <input type=\"hidden\" name=\"controller\" value=\"subscribers\" \/>\n    <input type=\"hidden\" value=\"1\" name=\"wysija-page\" \/>\n\n    \n        <input type=\"hidden\" name=\"wysija[user_list][list_ids]\" value=\"1\" \/>\n    \n <\/form><\/div>\n<p><img loading=\"lazy\" decoding=\"async\" class=\"alignnone size-full wp-image-15456\" src=\"https:\/\/www.masfm.com\/emisora\/wp-content\/uploads\/2022\/06\/noticias-CHAYANNE-DE-VUELTA-mas-fm-95.9-online-santa-fe-2.jpg\" alt=\"CHAYANNE-DE-VUELTA-mas-fm-95.9-online-santa-fe\" width=\"690\" height=\"330\" title=\"\" srcset=\"https:\/\/masfm.com\/emisora\/wp-content\/uploads\/2022\/06\/noticias-CHAYANNE-DE-VUELTA-mas-fm-95.9-online-santa-fe-2.jpg 690w, https:\/\/masfm.com\/emisora\/wp-content\/uploads\/2022\/06\/noticias-CHAYANNE-DE-VUELTA-mas-fm-95.9-online-santa-fe-2-345x165.jpg 345w, https:\/\/masfm.com\/emisora\/wp-content\/uploads\/2022\/06\/noticias-CHAYANNE-DE-VUELTA-mas-fm-95.9-online-santa-fe-2-600x287.jpg 600w\" sizes=\"auto, (max-width: 690px) 100vw, 690px\" \/><\/p>\n","protected":false},"excerpt":{"rendered":"<p>Chayanne de vuelta a las pistas, tras anunciar el estreno de &#8220;Te Amo y Punto&#8221;, una poderosa balada de amor con la que marca su retorno. Te Amo y Punto tambi\u00e9n es un adelanto de lo que ser\u00e1 su pr\u00f3ximo \u00e1lbum de estudio. Esta sutil y poderosa balada est\u00e1 llena de emoci\u00f3n y sentimientos que&hellip;<\/p>\n","protected":false},"author":4,"featured_media":15455,"comment_status":"closed","ping_status":"open","sticky":false,"template":"","format":"video","meta":{"footnotes":""},"categories":[2],"tags":[486,48,47,46,13,14,51,24,23],"class_list":["post-15449","post","type-post","status-publish","format-video","has-post-thumbnail","hentry","category-noticias","tag-chayanne","tag-esporaca","tag-laradioqueseve","tag-masfm959","tag-musica","tag-noticias","tag-nuevo","tag-videos","tag-video","post_format-post-format-video"],"amp_enabled":true,"_links":{"self":[{"href":"https:\/\/masfm.com\/emisora\/wp-json\/wp\/v2\/posts\/15449","targetHints":{"allow":["GET"]}}],"collection":[{"href":"https:\/\/masfm.com\/emisora\/wp-json\/wp\/v2\/posts"}],"about":[{"href":"https:\/\/masfm.com\/emisora\/wp-json\/wp\/v2\/types\/post"}],"author":[{"embeddable":true,"href":"https:\/\/masfm.com\/emisora\/wp-json\/wp\/v2\/users\/4"}],"replies":[{"embeddable":true,"href":"https:\/\/masfm.com\/emisora\/wp-json\/wp\/v2\/comments?post=15449"}],"version-history":[{"count":0,"href":"https:\/\/masfm.com\/emisora\/wp-json\/wp\/v2\/posts\/15449\/revisions"}],"wp:featuredmedia":[{"embeddable":true,"href":"https:\/\/masfm.com\/emisora\/wp-json\/wp\/v2\/media\/15455"}],"wp:attachment":[{"href":"https:\/\/masfm.com\/emisora\/wp-json\/wp\/v2\/media?parent=15449"}],"wp:term":[{"taxonomy":"category","embeddable":true,"href":"https:\/\/masfm.com\/emisora\/wp-json\/wp\/v2\/categories?post=15449"},{"taxonomy":"post_tag","embeddable":true,"href":"https:\/\/masfm.com\/emisora\/wp-json\/wp\/v2\/tags?post=15449"}],"curies":[{"name":"wp","href":"https:\/\/api.w.org\/{rel}","templated":true}]}}