{"id":15459,"date":"2022-07-07T13:16:11","date_gmt":"2022-07-07T16:16:11","guid":{"rendered":"https:\/\/www.masfm.com\/emisora\/?p=15459"},"modified":"2025-07-19T19:04:01","modified_gmt":"2025-07-19T22:04:01","slug":"alcanzar-mi-verdad-juan-fuentes-leon-gieco","status":"publish","type":"post","link":"https:\/\/masfm.com\/emisora\/alcanzar-mi-verdad-juan-fuentes-leon-gieco\/","title":{"rendered":"JUAN FUENTES: ALCANZAR MI VERDAD"},"content":{"rendered":"\n<figure class=\"wp-block-image\"><img loading=\"lazy\" decoding=\"async\" width=\"690\" height=\"330\" src=\"https:\/\/www.masfm.com\/emisora\/wp-content\/uploads\/2022\/07\/noticias-ALCANZAR-MI-VERDAD-juan-fuentes-leon-gieco-mas-fm-95.9-online-santa-fe-2.jpg\" alt=\"ALCANZAR-MI-VERDAD-juan-fuentes-leon-gieco-mas-fm-95.9-online-santa-fe\" class=\"wp-image-15506\" title=\"ALCANZAR-MI-VERDAD-juan-fuentes-leon-gieco-mas-fm-95.9-online-santa-fe\" srcset=\"https:\/\/masfm.com\/emisora\/wp-content\/uploads\/2022\/07\/noticias-ALCANZAR-MI-VERDAD-juan-fuentes-leon-gieco-mas-fm-95.9-online-santa-fe-2.jpg 690w, https:\/\/masfm.com\/emisora\/wp-content\/uploads\/2022\/07\/noticias-ALCANZAR-MI-VERDAD-juan-fuentes-leon-gieco-mas-fm-95.9-online-santa-fe-2-345x165.jpg 345w, https:\/\/masfm.com\/emisora\/wp-content\/uploads\/2022\/07\/noticias-ALCANZAR-MI-VERDAD-juan-fuentes-leon-gieco-mas-fm-95.9-online-santa-fe-2-600x287.jpg 600w\" sizes=\"auto, (max-width: 690px) 100vw, 690px\" \/><\/figure>\n\n\n\n<p>Luego de un movido 2021, el cantante salte\u00f1o <a href=\"https:\/\/www.masfm.com\/emisora\/?s=Juan+Fuentes\">Juan Fuentes<\/a> presenta el videoclip de &#8220;Alcanzar mi verdad&#8221; con la participaci\u00f3n estelar de <a href=\"https:\/\/www.masfm.com\/emisora\/?s=leon+gieco\">Le\u00f3n Gieco<\/a>.<\/p>\n\n\n\n<div class=\"wp-block-rank-math-toc-block\" id=\"rank-math-toc\"><h4>Contenidos de la nota.<\/h4><nav><ul><li class=\"\"><a href=\"#en-palabras-de-juan-fuentes\">En palabras de Juan Fuentes:<\/a><\/li><li class=\"\"><a href=\"#letra-de-alcanzar-mi-verdad\">Letra de Alcanzar mi verdad:<\/a><ul><\/ul><\/li><li class=\"\"><a href=\"#ya-lo-sumamos\">\u00a1Ya lo sumamos!<\/a><\/li><li class=\"\"><a href=\"#registrate-a-mas-fm-95-9\">\u00a1Registrate a M\u00e1s FM 95 9!<\/a><\/li><\/ul><\/nav><\/div>\n\n\n\n<p>Este single forma parte de Es con mi voz, primer \u00e1lbum solista de Juan, lanzado en octubre del a\u00f1o 2021 bajo la producci\u00f3n de Juan Blas Caballero y Andr\u00e9s Gim\u00e9nez.<\/p>\n\n\n\n<p>El videoclip, producido por Pol Aparo y dirigido por Mart\u00edn Benchimol de Bunda Films, retrata el viaje de Juan desde las sierras de C\u00f3rdoba con elementos caracter\u00edsticos del folclore hasta llegar a su destino: el encuentro con Le\u00f3n, qui\u00e9n acompa\u00f1a el recorrido con el sonido caracter\u00edstico de su arm\u00f3nica y la fuerza de su voz. La historia representa el camino recorrido, un paralelismo con la vida para llegar al momento de la consagraci\u00f3n, un destino u objetivo, en el encuentro con Le\u00f3n.<\/p>\n\n\n\n<p>Durante el trayecto se lo puede ver a Juan disfrutando del atardecer mientras camina a un lado de la ruta, luego en una cena donde deleita a los presentes con su m\u00fasica para llegar al encuentro con su colega y fundirse entre risas en un abrazo.<\/p>\n\n\n\n<h2 class=\"wp-block-heading\" id=\"en-palabras-de-juan-fuentes\">En palabras de Juan Fuentes:<\/h2>\n\n\n\n<blockquote class=\"wp-block-quote is-layout-flow wp-block-quote-is-layout-flow\">\n<p>&#8220;En ese momento, grab\u00e9 tambi\u00e9n sus partes para mand\u00e1rselas como gu\u00eda. Cre\u00eda que me iba a devolver solamente la canci\u00f3n cantada, pero cuando lleg\u00f3 hab\u00eda puesto una arm\u00f3nica que parece una locura y un verso que escribi\u00f3 que pintaba de punta a punta todo lo que me pasaba. Entonces Le\u00f3n parece un brujo, un mentalista, como si se hubiera metido adentro m\u00edo y me hubiera sacado toda la informaci\u00f3n para volcarla en esa canci\u00f3n&#8221;.<\/p>\n\n\n\n<p>&#8220;Es una sensaci\u00f3n de logro total, porque siento que Le\u00f3n es uno de los pocos que quedan que son un \u00edcono de las dos m\u00fasicas, del rock y del folklore&#8221;.<\/p>\n<\/blockquote>\n\n\n\n<h2 class=\"wp-block-heading\" id=\"letra-de-alcanzar-mi-verdad\">Letra de Alcanzar mi verdad:<\/h2>\n\n\n\n<p>Voy alcanzar toda mi verdad<br>\nPara ser quien soy<br>\nDespertando mi voz para dar<br>\nTodo lo que doy<\/p>\n\n\n\n<p>Vuelo como un ave buscando el Sol<br>\nTranzando caminos por donde voy<br>\nSoy como los r\u00edos que al despertar<br>\nLlegan con su canto de luz<br>\nLas ra\u00edces simples del coraz\u00f3n<\/p>\n\n\n\n<p>Alcanzar toda mi verdad<br>\nPara ser quien soy<br>\nDespertando mi voz para dar<br>\nTodo lo que doy<\/p>\n\n\n\n<p>Checa como el viento en esta canci\u00f3n<br>\nY se escucha el eco de ver quien soy<br>\nTraigo de los cerros aquel ador<br>\nLibres de las sombras de ayer<br>\nSol de mis ancestros de aquel lugar<\/p>\n\n\n\n<h4 class=\"wp-block-heading\" id=\"decir-la-verdad-despues-cantar-por-los-que-vendran\">Decir la verdad<br>\nDespu\u00e9s cantar por los que vendr\u00e1n<\/h4>\n\n\n\n<p>Traigo en mi espalda, la Luna y el Sol<br>\nComo testigo fiel de lo que siento y soy<br>\nTraigo en mi espalda, de donde vengo, lo que ah\u00ed qued\u00f3<br>\nSe\u00f1al de lo que he vivido hasta el d\u00eda de hoy<br>\nEl viento pega de frente y me ofrece un camino<br>\nme dice que lo andado qued\u00f3 atr\u00e1s y ya pas\u00f3<br>\nQue lo nuevo vale dos veces<br>\nVale por un lugar desconocido<\/p>\n\n\n\n<p>Vuelo como un ave buscando el Sol<br>\nTranzando caminos por donde voy<br>\nSoy como los r\u00edos que al despertar<br>\nLlegan con su canto de luz<br>\nLas ra\u00edces simples del coraz\u00f3n<\/p>\n\n\n\n<p>Alcanzar toda mi verdad<br>\nPara ser quien soy<br>\nDespertando mi voz para dar<br>\nTodo lo que doy<\/p>\n\n\n\n<h4 class=\"wp-block-heading\" id=\"todo-lo-que-doy\">Todo lo que doy<\/h4>\n\n\n\n<h2 class=\"wp-block-heading\" id=\"ya-lo-sumamos\">\u00a1Ya lo sumamos!<\/h2>\n\n\n\n<p>Los mejores videos de Juan Fuentes ya forman parte de nuestra programaci\u00f3n, la cual desde hace M\u00e1s de dos d\u00e9cadas, la disfrut\u00e1s 100 % con im\u00e1genes.<\/p>\n\n\n\n<p>Acordate, pod\u00e9s mirarnos desde tu compu, tablet, notebook o Smart TV con s\u00f3lo&nbsp;<a href=\"https:\/\/masfm.com\/emisora\/#section-custom-content-2\" target=\"_blank\" rel=\"noreferrer noopener\">entrar ac\u00e1<\/a>.<\/p>\n\n\n\n<p>Si prefer\u00eds que la experiencia sea por medio de tu celular, bajate la App gratuitamente&nbsp;<a href=\"https:\/\/masfm.pryx.com.ar\/install\/\" target=\"_blank\" rel=\"noreferrer noopener\">desde ac\u00e1<\/a>&nbsp;y miranos desde cualquier parte del mundo, a la hora que quieras!<\/p>\n\n\n\n<p>Estamos las 24 horas con la mejor m\u00fasica y sus clips.<\/p>\n\n\n\n<h2 class=\"wp-block-heading\" id=\"registrate-a-mas-fm-95-9\">\u00a1Registrate a M\u00e1s FM 95 9!<\/h2>\n\n\n  \n  \n  <div class=\"\n    mailpoet_form_popup_overlay\n      \"><\/div>\n  <div\n    id=\"mailpoet_form_3\"\n    class=\"\n      mailpoet_form\n      mailpoet_form_html\n      mailpoet_form_position_\n      mailpoet_form_animation_\n    \"\n      >\n\n    <style type=\"text\/css\">\n     #mailpoet_form_3 .mailpoet_form {  }\n#mailpoet_form_3 .mailpoet_column_with_background { padding: 10px; }\n#mailpoet_form_3 .mailpoet_form_column:not(:first-child) { margin-left: 20px; }\n#mailpoet_form_3 .mailpoet_paragraph { line-height: 20px; margin-bottom: 20px; }\n#mailpoet_form_3 .mailpoet_segment_label, #mailpoet_form_3 .mailpoet_text_label, #mailpoet_form_3 .mailpoet_textarea_label, #mailpoet_form_3 .mailpoet_select_label, #mailpoet_form_3 .mailpoet_radio_label, #mailpoet_form_3 .mailpoet_checkbox_label, #mailpoet_form_3 .mailpoet_list_label, #mailpoet_form_3 .mailpoet_date_label { display: block; font-weight: normal; }\n#mailpoet_form_3 .mailpoet_text, #mailpoet_form_3 .mailpoet_textarea, #mailpoet_form_3 .mailpoet_select, #mailpoet_form_3 .mailpoet_date_month, #mailpoet_form_3 .mailpoet_date_day, #mailpoet_form_3 .mailpoet_date_year, #mailpoet_form_3 .mailpoet_date { display: block; }\n#mailpoet_form_3 .mailpoet_text, #mailpoet_form_3 .mailpoet_textarea { width: 200px; }\n#mailpoet_form_3 .mailpoet_checkbox {  }\n#mailpoet_form_3 .mailpoet_submit {  }\n#mailpoet_form_3 .mailpoet_divider {  }\n#mailpoet_form_3 .mailpoet_message {  }\n#mailpoet_form_3 .mailpoet_form_loading { width: 30px; text-align: center; line-height: normal; }\n#mailpoet_form_3 .mailpoet_form_loading > span { width: 5px; height: 5px; background-color: #5b5b5b; }#mailpoet_form_3{border-radius: 0px;text-align: left;}#mailpoet_form_3 form.mailpoet_form {padding: 20px;}#mailpoet_form_3{width: 100%;}#mailpoet_form_3 .mailpoet_message {margin: 0; padding: 0 20px;}#mailpoet_form_3 .mailpoet_paragraph.last {margin-bottom: 0} @media (max-width: 500px) {#mailpoet_form_3 {background-image: none;}} @media (min-width: 500px) {#mailpoet_form_3 .last .mailpoet_paragraph:last-child {margin-bottom: 0}}  @media (max-width: 500px) {#mailpoet_form_3 .mailpoet_form_column:last-child .mailpoet_paragraph:last-child {margin-bottom: 0}} \n    <\/style>\n\n    <form\n      target=\"_self\"\n      method=\"post\"\n      action=\"https:\/\/masfm.com\/emisora\/wp-admin\/admin-post.php?action=mailpoet_subscription_form\"\n      class=\"mailpoet_form mailpoet_form_form mailpoet_form_html\"\n      novalidate\n      data-delay=\"\"\n      data-exit-intent-enabled=\"\"\n      data-trigger-mode=\"\"\n      data-click-trigger-selector=\"\"\n      data-font-family=\"\"\n      data-cookie-expiration-time=\"\"\n    >\n      <input type=\"hidden\" name=\"data[form_id]\" value=\"3\" \/>\n      <input type=\"hidden\" name=\"token\" value=\"f13e444c72\" \/>\n      <input type=\"hidden\" name=\"api_version\" value=\"v1\" \/>\n      <input type=\"hidden\" name=\"endpoint\" value=\"subscribers\" \/>\n      <input type=\"hidden\" name=\"mailpoet_method\" value=\"subscribe\" \/>\n\n      <label class=\"mailpoet_hp_email_label\" style=\"display: none !important;\">Please leave this field empty<input type=\"email\" name=\"data[email]\"\/><\/label><div class='mailpoet_form_columns_container'><div class=\"mailpoet_form_columns mailpoet_paragraph mailpoet_stack_on_mobile\"><div class=\"mailpoet_form_column\"><div class=\"mailpoet_paragraph \"><input type=\"text\" autocomplete=\"given-name\" class=\"mailpoet_text\" id=\"form_first_name_3\" name=\"data[form_field_Mjg5ZDFmYWM5ZDQ5X2ZpcnN0X25hbWU=]\" title=\"Nombre\" value=\"\" style=\"width:100%;box-sizing:border-box;padding:5px;margin: 0 auto 0 0;\" data-automation-id=\"form_first_name\"  placeholder=\"Nombre\" aria-label=\"Nombre\" data-parsley-errors-container=\".mailpoet_error_15chc\" data-parsley-names='[&quot;Please specify a valid name.&quot;,&quot;Addresses in names are not permitted, please add your name instead.&quot;]'\/><span class=\"mailpoet_error_15chc\"><\/span><\/div>\n<\/div>\n<div class=\"mailpoet_form_column\"><div class=\"mailpoet_paragraph \"><input type=\"email\" autocomplete=\"email\" class=\"mailpoet_text\" id=\"form_email_3\" name=\"data[form_field_OGY2ODJhNTQxZjUxX2VtYWls]\" title=\"TU MAIL:\" value=\"\" style=\"width:100%;box-sizing:border-box;padding:5px;margin: 0 auto 0 0;\" data-automation-id=\"form_email\"  placeholder=\"TU MAIL: *\" aria-label=\"TU MAIL: *\" data-parsley-errors-container=\".mailpoet_error_1f9mb\" data-parsley-required=\"true\" required aria-required=\"true\" data-parsley-minlength=\"6\" data-parsley-maxlength=\"150\" data-parsley-type-message=\"This value should be a valid email.\" data-parsley-required-message=\"This field is required.\"\/><span class=\"mailpoet_error_1f9mb\"><\/span><\/div>\n<\/div>\n<div class=\"mailpoet_form_column\"><div class=\"mailpoet_paragraph \"><input type=\"submit\" class=\"mailpoet_submit\" value=\"SUMATE YA!\" data-automation-id=\"subscribe-submit-button\" style=\"width:100%;box-sizing:border-box;padding:5px;margin: 0 auto 0 0;border-color:transparent;\" \/><span class=\"mailpoet_form_loading\"><span class=\"mailpoet_bounce1\"><\/span><span class=\"mailpoet_bounce2\"><\/span><span class=\"mailpoet_bounce3\"><\/span><\/span><\/div>\n<\/div>\n<\/div><\/div>\n<div class='mailpoet_form_columns_container'><div class=\"mailpoet_form_columns mailpoet_paragraph mailpoet_stack_on_mobile\"><div class=\"mailpoet_form_column\"><\/div>\n<div class=\"mailpoet_form_column\"><\/div>\n<\/div><\/div>\n\n      <div class=\"mailpoet_message\">\n        <p class=\"mailpoet_validate_success\"\n                style=\"display:none;\"\n                >Revisa tu bandeja de entrada o la carpeta de spam para confirmar tu suscripci\u00f3n.\n        <\/p>\n        <p class=\"mailpoet_validate_error\"\n                style=\"display:none;\"\n                >        <\/p>\n      <\/div>\n    <\/form>\n\n      <\/div>\n\n  \n\n\n<figure class=\"wp-block-image\"><img loading=\"lazy\" decoding=\"async\" width=\"690\" height=\"330\" src=\"https:\/\/www.masfm.com\/emisora\/wp-content\/uploads\/2022\/07\/noticias-ALCANZAR-MI-VERDAD-juan-fuentes-leon-gieco-mas-fm-95.9-online-santa-fe-2.jpg\" alt=\"ALCANZAR-MI-VERDAD-juan-fuentes-leon-gieco-mas-fm-95.9-online-santa-fe\" class=\"wp-image-15506\" title=\"ALCANZAR-MI-VERDAD-juan-fuentes-leon-gieco-mas-fm-95.9-online-santa-fe\" srcset=\"https:\/\/masfm.com\/emisora\/wp-content\/uploads\/2022\/07\/noticias-ALCANZAR-MI-VERDAD-juan-fuentes-leon-gieco-mas-fm-95.9-online-santa-fe-2.jpg 690w, https:\/\/masfm.com\/emisora\/wp-content\/uploads\/2022\/07\/noticias-ALCANZAR-MI-VERDAD-juan-fuentes-leon-gieco-mas-fm-95.9-online-santa-fe-2-345x165.jpg 345w, https:\/\/masfm.com\/emisora\/wp-content\/uploads\/2022\/07\/noticias-ALCANZAR-MI-VERDAD-juan-fuentes-leon-gieco-mas-fm-95.9-online-santa-fe-2-600x287.jpg 600w\" sizes=\"auto, (max-width: 690px) 100vw, 690px\" \/><\/figure>\n\n\n\n<p><\/p>\n","protected":false},"excerpt":{"rendered":"<p>Luego de un movido 2021, el cantante salte\u00f1o Juan Fuentes presenta el videoclip de &#8220;Alcanzar mi verdad&#8221; con la participaci\u00f3n estelar de Le\u00f3n Gieco. Este single forma parte de Es con mi voz, primer \u00e1lbum solista de Juan, lanzado en octubre del a\u00f1o 2021 bajo la producci\u00f3n de Juan Blas Caballero y Andr\u00e9s Gim\u00e9nez. El&hellip;<\/p>\n","protected":false},"author":4,"featured_media":15507,"comment_status":"closed","ping_status":"open","sticky":false,"template":"","format":"video","meta":{"footnotes":""},"categories":[2],"tags":[48,487,47,316,46,13,14,51,24,23],"class_list":["post-15459","post","type-post","status-publish","format-video","has-post-thumbnail","hentry","category-noticias","tag-esporaca","tag-juan-fuentes","tag-laradioqueseve","tag-leon-gieco","tag-masfm959","tag-musica","tag-noticias","tag-nuevo","tag-videos","tag-video","post_format-post-format-video"],"amp_enabled":true,"_links":{"self":[{"href":"https:\/\/masfm.com\/emisora\/wp-json\/wp\/v2\/posts\/15459","targetHints":{"allow":["GET"]}}],"collection":[{"href":"https:\/\/masfm.com\/emisora\/wp-json\/wp\/v2\/posts"}],"about":[{"href":"https:\/\/masfm.com\/emisora\/wp-json\/wp\/v2\/types\/post"}],"author":[{"embeddable":true,"href":"https:\/\/masfm.com\/emisora\/wp-json\/wp\/v2\/users\/4"}],"replies":[{"embeddable":true,"href":"https:\/\/masfm.com\/emisora\/wp-json\/wp\/v2\/comments?post=15459"}],"version-history":[{"count":0,"href":"https:\/\/masfm.com\/emisora\/wp-json\/wp\/v2\/posts\/15459\/revisions"}],"wp:featuredmedia":[{"embeddable":true,"href":"https:\/\/masfm.com\/emisora\/wp-json\/wp\/v2\/media\/15507"}],"wp:attachment":[{"href":"https:\/\/masfm.com\/emisora\/wp-json\/wp\/v2\/media?parent=15459"}],"wp:term":[{"taxonomy":"category","embeddable":true,"href":"https:\/\/masfm.com\/emisora\/wp-json\/wp\/v2\/categories?post=15459"},{"taxonomy":"post_tag","embeddable":true,"href":"https:\/\/masfm.com\/emisora\/wp-json\/wp\/v2\/tags?post=15459"}],"curies":[{"name":"wp","href":"https:\/\/api.w.org\/{rel}","templated":true}]}}