{"id":15462,"date":"2022-07-07T13:31:30","date_gmt":"2022-07-07T16:31:30","guid":{"rendered":"https:\/\/www.masfm.com\/emisora\/?p=15462"},"modified":"2023-09-21T00:02:00","modified_gmt":"2023-09-21T03:02:00","slug":"becerra-brilla-en-berlin-zion-lennox","status":"publish","type":"post","link":"https:\/\/masfm.com\/emisora\/becerra-brilla-en-berlin-zion-lennox\/","title":{"rendered":"BECERRA BRILLA EN BERL\u00cdN"},"content":{"rendered":"<p><a href=\"https:\/\/masfm.com\/emisora\/?s=maria+becerra\" target=\"_blank\" rel=\"noopener\">Mar\u00eda Becerra<\/a> brilla en &#8220;Berl\u00edn&#8221;, el tema que acaba de lanzar el d\u00fao <a href=\"https:\/\/masfm.com\/emisora\/?s=Zion+%26+Lennox\">Zion &amp; Lennox<\/a> con la colaboraci\u00f3n de la artista argentina.<\/p>\n<p>Este energ\u00e9tico tema de dance latino habla de una b\u00fasqueda internacional del amor que se desenvuelve en un perfecto ritmo de verano.<\/p>\n<p>Producida por Robbie Meza, Berl\u00edn es una canci\u00f3n con energ\u00eda que motiva a ese viajero cosmopolita que casi todos llevan dentro. Este dance latino trata de un hombre que se encuentra en una b\u00fasqueda mundial por la amante indicada.<\/p>\n<p>La dulce voz de Zion y sus suaves versos le dan entrada a Mar\u00eda Becerra para que contraste con unas seductoras voces, las cuales son apoyadas por un puente poderoso de parte de Lennox.<\/p>\n<p>Dirigido por Julian Levy, el video oficial de Berl\u00edn muestra paneles LED multicolores y un escenario lleno de luces como si se tratara de una discoteca.<\/p>\n<p>El clip adem\u00e1s muestra a Zion tratando de encontrar a Mar\u00eda a trav\u00e9s de un laberinto simb\u00f3lico de la b\u00fasqueda internacional. Zion, Lennox y Maria Becerra tambi\u00e9n tienen una vestimenta deportiva trayendo a la vida sus personalidades.<\/p>\n<h4>Letra de Berlin.<\/h4>\n<p>Sigo busc\u00e1ndote, busc\u00e1ndote<br \/>\nZion, baby (mamacita)<br \/>\nAnd Lennox (La Z)<br \/>\nMar\u00eda, La Nena de Argentina (Y la L)<\/p>\n<p>Te bes\u00e9<br \/>\nJur\u00e9 que cre\u00ed que gan\u00e9<br \/>\nNo pens\u00e9 que solo ser\u00eda una noche<br \/>\nSupongo que yo me lo busqu\u00e9<br \/>\nY ahora se fue (Z-Diddy)<\/p>\n<p>Y aunque tu nombre no me lo s\u00e9<br \/>\nIgual, de ti yo me envici\u00e9<br \/>\n\u00bfD\u00f3nde est\u00e1? Dime algo<\/p>\n<h4>Sigo busc\u00e1ndote en LA, New York, Berl\u00edn<br \/>\nEntre el humo y la gente te perd\u00ed<br \/>\nPreguntando por ah\u00ed, en los bare&#8217; de Madrid<br \/>\nPero all\u00e1 tampoco yo te consegu\u00ed<\/h4>\n<h4>Sigo busc\u00e1ndote en LA, New York, Berl\u00edn<br \/>\nEntre el humo y la gente te perd\u00ed<br \/>\nPreguntando por ah\u00ed, en los bare&#8217; de Madrid<br \/>\nPero all\u00e1 tampoco yo te consegu\u00ed (lady, lady, lady)<\/h4>\n<p>Se dice que me &#8216;t\u00e1s trackeando<br \/>\nY yo sigo aqu\u00ed escondida<br \/>\nComo un detective indagando<br \/>\nPero yo estoy fugitiva<br \/>\nEn China<\/p>\n<p>Pero cuando t\u00fa llegue&#8217; yo me voy pa&#8217; Argentina<br \/>\nT\u00fa no entiende&#8217; que todo lo que empieza, termina<br \/>\nEsto no fue un hasta luego, fue una despedida<br \/>\nY no estoy arrepentida<\/p>\n<p>Tu coraz\u00f3n ya me lo rob\u00e9<br \/>\nPero no quise, fue sin querer<br \/>\nNo, \u00bfd\u00f3nde te lo devuelvo?<\/p>\n<h4>Sigo busc\u00e1ndote en LA, New York, Berl\u00edn<br \/>\nEntre el humo y la gente te perd\u00ed<br \/>\nPreguntando por ah\u00ed, en los bare&#8217; de Madrid<br \/>\nPero all\u00e1 tampoco yo te consegu\u00ed<\/h4>\n<h4>Sigue busc\u00e1ndome en LA, New York, Berl\u00edn<br \/>\nRecorriendo to&#8217; los bare&#8217; de Par\u00eds<br \/>\nSi me encuentro por ah\u00ed dir\u00e9 que nunca te vi<br \/>\nLo nuestro se termin\u00f3, au revoir, merci<\/h4>\n<p>Un recuerdo qued\u00f3, la noche que pas\u00f3<br \/>\nPero yo despert\u00e9 y no estaba contigo<br \/>\nY ahora no te consigo<br \/>\nMamacita, oh<\/p>\n<p>\u00bfD\u00f3nde est\u00e1s escondida? Hasta en Dubai te busqu\u00e9<br \/>\nDice&#8217; que anda&#8217; luc\u00eda&#8217;, pero no te deja&#8217; ver<br \/>\nNavegu\u00e9, los siete mares navegu\u00e9<br \/>\nY en R\u00edo los carnavale&#8217; ya pas\u00f3, pero se fue<\/p>\n<h4>Sigue busc\u00e1ndome en LA, New York, Berl\u00edn<br \/>\nRecorriendo to&#8217; los bare&#8217; de Par\u00eds<br \/>\nSi me encuentro por ah\u00ed dir\u00e9 que nunca te vi<br \/>\nLo nuestro se termin\u00f3, au revoir, merci<\/h4>\n<h4>Sigo busc\u00e1ndote en LA, New York, Berl\u00edn<br \/>\nEntre el humo y la gente te perd\u00ed<br \/>\nPreguntando por ah\u00ed, en los bare&#8217; de Madrid<br \/>\nPero all\u00e1 tampoco yo te consegu\u00ed<\/h4>\n<p>La Nena de Argentina<br \/>\nZion, baby<br \/>\nAnd Lennox<br \/>\nLa Z y la L<br \/>\nLa Z y la L, eh-eh<br \/>\nLa L<br \/>\nMar\u00eda, la mamacita (oh, you know)<br \/>\nZion y Lennox<\/p>\n<p>Mar\u00eda Becerra brilla en Berl\u00edn, el nuevo lanzamiento de Zion &amp; Lennox que ya forma parte de nuestra programaci\u00f3n, la cual desde hace a\u00f1os, la disfrut\u00e1s 100 % con im\u00e1genes. Acordate, pod\u00e9s mirarnos desde tu compu, tablet, notebook o Smart TV con s\u00f3lo <a href=\"https:\/\/masfm.com\/emisora\/#section-custom-content-2\" target=\"_blank\" rel=\"noopener noreferrer\">entrar ac\u00e1<\/a>.<\/p>\n<p>Si prefer\u00eds que la experiencia sea por medio de tu celular, bajate la App gratuitamente\u00a0<a href=\"https:\/\/masfm.pryx.com.ar\/install\/\" target=\"_blank\" rel=\"noopener noreferrer\">desde ac\u00e1<\/a>\u00a0y miranos desde cualquier parte del mundo, a la hora que quieras! Estamos las 24 horas con la mejor m\u00fasica y sus clips.<\/p>\n<h3>Registrate!<\/h3>\n<div class=\"widget_wysija_cont shortcode_wysija\"><div id=\"msg-form-wysija-shortcode69f25c4312573-1\" class=\"wysija-msg ajax\"><\/div><form id=\"form-wysija-shortcode69f25c4312573-1\" method=\"post\" action=\"#wysija\" class=\"widget_wysija shortcode_wysija\">\n<p class=\"wysija-paragraph\">\n    \n    \n    \t<input type=\"text\" name=\"wysija[user][firstname]\" class=\"wysija-input validate[required]\" title=\"Tu nombre\" placeholder=\"Tu nombre\" value=\"\" \/>\n    \n    \n    \n    <span class=\"abs-req\">\n        <input type=\"text\" name=\"wysija[user][abs][firstname]\" class=\"wysija-input validated[abs][firstname]\" value=\"\" \/>\n    <\/span>\n    \n<\/p>\n<p class=\"wysija-paragraph\">\n    \n    \n    \t<input type=\"text\" name=\"wysija[user][email]\" class=\"wysija-input validate[required,custom[email]]\" title=\"Tu correo\" placeholder=\"Tu correo\" value=\"\" \/>\n    \n    \n    \n    <span class=\"abs-req\">\n        <input type=\"text\" name=\"wysija[user][abs][email]\" class=\"wysija-input validated[abs][email]\" value=\"\" \/>\n    <\/span>\n    \n<\/p>\n\n<input class=\"wysija-submit wysija-submit-field\" type=\"submit\" value=\"Sumate!\" \/>\n\n    <input type=\"hidden\" name=\"form_id\" value=\"1\" \/>\n    <input type=\"hidden\" name=\"action\" value=\"save\" \/>\n    <input type=\"hidden\" name=\"controller\" value=\"subscribers\" \/>\n    <input type=\"hidden\" value=\"1\" name=\"wysija-page\" \/>\n\n    \n        <input type=\"hidden\" name=\"wysija[user_list][list_ids]\" value=\"1\" \/>\n    \n <\/form><\/div>\n<p><img loading=\"lazy\" decoding=\"async\" class=\"alignnone wp-image-15510 size-full\" title=\"BECERRA-BRILLA-EN-BERLIN-mas-fm-95.9-online-santa-fe\" src=\"https:\/\/www.masfm.com\/emisora\/wp-content\/uploads\/2022\/07\/noticias-BECERRA-BRILLA-EN-BERLIN-mas-fm-95.9-online-santa-fe-2.jpg\" alt=\"BECERRA-BRILLA-EN-BERLIN-mas-fm-95.9-online-santa-fe\" width=\"690\" height=\"330\" srcset=\"https:\/\/masfm.com\/emisora\/wp-content\/uploads\/2022\/07\/noticias-BECERRA-BRILLA-EN-BERLIN-mas-fm-95.9-online-santa-fe-2.jpg 690w, https:\/\/masfm.com\/emisora\/wp-content\/uploads\/2022\/07\/noticias-BECERRA-BRILLA-EN-BERLIN-mas-fm-95.9-online-santa-fe-2-345x165.jpg 345w, https:\/\/masfm.com\/emisora\/wp-content\/uploads\/2022\/07\/noticias-BECERRA-BRILLA-EN-BERLIN-mas-fm-95.9-online-santa-fe-2-600x287.jpg 600w\" sizes=\"auto, (max-width: 690px) 100vw, 690px\" \/><\/p>\n","protected":false},"excerpt":{"rendered":"<p>Mar\u00eda Becerra brilla en &#8220;Berl\u00edn&#8221;, el tema que acaba de lanzar el d\u00fao Zion &amp; Lennox con la colaboraci\u00f3n de la artista argentina. Este energ\u00e9tico tema de dance latino habla de una b\u00fasqueda internacional del amor que se desenvuelve en un perfecto ritmo de verano. Producida por Robbie Meza, Berl\u00edn es una canci\u00f3n con energ\u00eda&hellip;<\/p>\n","protected":false},"author":4,"featured_media":15509,"comment_status":"closed","ping_status":"open","sticky":false,"template":"","format":"video","meta":{"footnotes":""},"categories":[2],"tags":[48,47,424,46,13,14,51,24,23,488],"class_list":["post-15462","post","type-post","status-publish","format-video","has-post-thumbnail","hentry","category-noticias","tag-esporaca","tag-laradioqueseve","tag-maria-becerra","tag-masfm959","tag-musica","tag-noticias","tag-nuevo","tag-videos","tag-video","tag-zeon-lennox","post_format-post-format-video"],"amp_enabled":true,"_links":{"self":[{"href":"https:\/\/masfm.com\/emisora\/wp-json\/wp\/v2\/posts\/15462","targetHints":{"allow":["GET"]}}],"collection":[{"href":"https:\/\/masfm.com\/emisora\/wp-json\/wp\/v2\/posts"}],"about":[{"href":"https:\/\/masfm.com\/emisora\/wp-json\/wp\/v2\/types\/post"}],"author":[{"embeddable":true,"href":"https:\/\/masfm.com\/emisora\/wp-json\/wp\/v2\/users\/4"}],"replies":[{"embeddable":true,"href":"https:\/\/masfm.com\/emisora\/wp-json\/wp\/v2\/comments?post=15462"}],"version-history":[{"count":0,"href":"https:\/\/masfm.com\/emisora\/wp-json\/wp\/v2\/posts\/15462\/revisions"}],"wp:featuredmedia":[{"embeddable":true,"href":"https:\/\/masfm.com\/emisora\/wp-json\/wp\/v2\/media\/15509"}],"wp:attachment":[{"href":"https:\/\/masfm.com\/emisora\/wp-json\/wp\/v2\/media?parent=15462"}],"wp:term":[{"taxonomy":"category","embeddable":true,"href":"https:\/\/masfm.com\/emisora\/wp-json\/wp\/v2\/categories?post=15462"},{"taxonomy":"post_tag","embeddable":true,"href":"https:\/\/masfm.com\/emisora\/wp-json\/wp\/v2\/tags?post=15462"}],"curies":[{"name":"wp","href":"https:\/\/api.w.org\/{rel}","templated":true}]}}