{"id":15533,"date":"2022-07-17T09:34:12","date_gmt":"2022-07-17T12:34:12","guid":{"rendered":"https:\/\/www.masfm.com\/emisora\/?p=15533"},"modified":"2025-08-05T09:29:21","modified_gmt":"2025-08-05T12:29:21","slug":"en-la-vereda-del-sol-david-lebon-fabiana-cantilo","status":"publish","type":"post","link":"https:\/\/masfm.com\/emisora\/en-la-vereda-del-sol-david-lebon-fabiana-cantilo\/","title":{"rendered":"&#8220;EN LA VEREDA DEL SOL&#8221;, LO NUEVO DE LEB\u00d3N Y CANTILO"},"content":{"rendered":"\n<figure class=\"wp-block-image\"><img loading=\"lazy\" decoding=\"async\" width=\"690\" height=\"330\" src=\"https:\/\/www.masfm.com\/emisora\/wp-content\/uploads\/2022\/07\/noticias-EN-LA-VEREDA-DEL-SOL-lebon-cantilo-mas-fm-95.9-online-santa-fe-2.jpg\" alt=\"David Leb\u00f3n lanz\u00f3 En la vereda del sol junto a Fabiana Cantilo: toda la info, la letra y el video est\u00e1n ac\u00e1!\n\nLuego de los estrenos de &quot;Tiempo sin sue\u00f1os&quot; junto a Conociendo Rusia y de &quot;Esperando nacer&quot; junto a Vicentico, David Leb\u00f3n presenta una nueva versi\u00f3n de En la Vereda del Sol, otro cl\u00e1sico de Ser\u00fa Gir\u00e1n para el que cont\u00f3 con la colaboraci\u00f3n de Fabiana Cantilo.\" class=\"wp-image-15539\" title=\"David Leb\u00f3n lanz\u00f3 &quot;En la vereda del sol&quot; junto a Fabiana Cantilo: toda la info, la letra y el video est\u00e1n ac\u00e1!  Luego de los estrenos de &quot;Tiempo sin sue\u00f1os&quot; junto a Conociendo Rusia y de &quot;Esperando nacer&quot; junto a Vicentico, David Leb\u00f3n presenta una nueva versi\u00f3n de En la Vereda del Sol, otro cl\u00e1sico de Ser\u00fa Gir\u00e1n para el que cont\u00f3 con la colaboraci\u00f3n de Fabiana Cantilo.\" srcset=\"https:\/\/masfm.com\/emisora\/wp-content\/uploads\/2022\/07\/noticias-EN-LA-VEREDA-DEL-SOL-lebon-cantilo-mas-fm-95.9-online-santa-fe-2.jpg 690w, https:\/\/masfm.com\/emisora\/wp-content\/uploads\/2022\/07\/noticias-EN-LA-VEREDA-DEL-SOL-lebon-cantilo-mas-fm-95.9-online-santa-fe-2-345x165.jpg 345w, https:\/\/masfm.com\/emisora\/wp-content\/uploads\/2022\/07\/noticias-EN-LA-VEREDA-DEL-SOL-lebon-cantilo-mas-fm-95.9-online-santa-fe-2-600x287.jpg 600w\" sizes=\"auto, (max-width: 690px) 100vw, 690px\" \/><\/figure>\n\n\n\n<h2 class=\"wp-block-heading\" id=\"david-lebon-lanzo-en-la-vereda-del-sol-junto-a-fabiana-cantilo-toda-la-info-la-letra-y-el-video-estan-aca\">David Leb\u00f3n lanz\u00f3 &#8220;En la vereda del sol&#8221; junto a Fabiana Cantilo: toda la info, la letra y el video est\u00e1n ac\u00e1!<\/h2>\n\n\n\n<p>Luego de los estrenos de &#8220;Tiempo sin sue\u00f1os&#8221; junto a <a href=\"https:\/\/www.masfm.com\/emisora\/?s=Conociendo+Rusia\">Conociendo Rusia<\/a> y de &#8220;Esperando nacer&#8221; junto a <a href=\"https:\/\/www.masfm.com\/emisora\/?s=Vicentico\">Vicentico<\/a>, <a href=\"https:\/\/www.masfm.com\/emisora\/?s=david+lebon\">David Leb\u00f3n<\/a> presenta una nueva versi\u00f3n de En la Vereda del Sol, otro cl\u00e1sico de <a href=\"https:\/\/www.masfm.com\/emisora\/?s=Ser%C3%BA+Gir%C3%A1n\">Ser\u00fa Gir\u00e1n<\/a> para el que cont\u00f3 con la colaboraci\u00f3n de <a href=\"https:\/\/www.masfm.com\/emisora\/?s=Fabiana+Cantilo\">Fabiana Cantilo<\/a>.<\/p>\n\n\n\n<div class=\"wp-block-rank-math-toc-block\" id=\"rank-math-toc\"><h3>Contenidos de la nota.<\/h3><nav><ul><li class=\"\"><a href=\"#david-lebon-lanzo-en-la-vereda-del-sol-junto-a-fabiana-cantilo-toda-la-info-la-letra-y-el-video-estan-aca\">David Leb\u00f3n lanz\u00f3 &#8220;En la vereda del sol&#8221; junto a Fabiana Cantilo: toda la info, la letra y el video est\u00e1n ac\u00e1!<\/a><\/li><li class=\"\"><a href=\"#letra-de-en-la-vereda-del-sol\">Letra de En la vereda del sol.<\/a><\/li><li class=\"\"><a href=\"#ya-lo-sumamos\">\u00a1Ya lo sumamos!<\/a><\/li><li class=\"\"><a href=\"#registrate-a-mas-fm-95-9\">\u00a1Registrate a M\u00e1s FM 95 9!<\/a><\/li><\/ul><\/nav><\/div>\n\n\n\n<p>&#8220;En la Vereda del Sol&#8221; fue escrita por Leb\u00f3n en co-autor\u00eda con <a href=\"https:\/\/www.masfm.com\/emisora\/?s=Charly+Garc%C3%ADa\">Charly Garc\u00eda<\/a> y originalmente fue parte del \u00e1lbum Peperina de 1981.<\/p>\n\n\n\n<p>El video registrado en estudio, captura nuevamente la esencia del proyecto que vuelve recargado en esta segunda parte: encuentros musicales de gran valor testimonial, en los que prima el goce art\u00edstico al celebrar la obra de David.<\/p>\n\n\n\n<p>Leb\u00f3n &amp; Co. publicado en 2019, fue el gran ganador de los Premios Gardel a la M\u00fasica al a\u00f1o siguiente, llev\u00e1ndose el de Oro al \u00c1lbum del A\u00f1o junto a otras tres estatuillas, adem\u00e1s de dos nominaciones a los Latin Grammy. <\/p>\n\n\n\n<p>Una obra consagratoria con invitados de la talla de <a href=\"https:\/\/www.masfm.com\/emisora\/?s=Fito+Paez\">Fito Paez<\/a>, <a href=\"https:\/\/www.masfm.com\/emisora\/?s=Pedro+Aznar\">Pedro Aznar<\/a>, <a href=\"https:\/\/www.masfm.com\/emisora\/?s=Andr%C3%A9s+Calamaro\">Andr\u00e9s Calamaro<\/a> o <a href=\"https:\/\/www.masfm.com\/emisora\/?s=Ricardo+Mollo\">Ricardo Mollo<\/a>, entre otros, que hoy supera los 55M de reproducciones.<\/p>\n\n\n\n<p>Con &#8220;Tiempo sin sue\u00f1os&#8221;, &#8220;Esperando nacer&#8221; y &#8220;En la Vereda del Sol&#8221;, el artista empieza a descubrir parte de Leb\u00f3n &amp; Co. 2, donde habr\u00e1 grandes invitados nacionales e internacionales y obviamente, canciones inolvidables.<\/p>\n\n\n\n<p>Este \u00e1lbum ser\u00e1 presentado en varias provincias del pa\u00eds y tendr\u00e1 como broche de oro, un show en el Luna Park el 27 de noviembre.<\/p>\n\n\n\n<h2 class=\"wp-block-heading\" id=\"letra-de-en-la-vereda-del-sol\">Letra de En la vereda del sol.<\/h2>\n\n\n\n<p>Est\u00e1n tocando aquella canci\u00f3n<br>\nQue no es mi canci\u00f3n<br>\nYa ves no tengo nada que hacer en esta funci\u00f3n<br>\nNo quiero conocer a nadie<br>\nQuiero salir a ver la calle<\/p>\n\n\n\n<p>Estoy en la vereda del Sol<br>\nQue ya va a nacer<br>\nNacer, dar media vuelta al cord\u00f3n<br>\nPara no volver<br>\nMirar toda la fiesta de afuera<br>\nBuscando la emoci\u00f3n verdadera<\/p>\n\n\n\n<p>Lejos los barcos llevan la fiesta hacia el mar<br>\nElla tira monedas al agua<br>\nCon el viento sus enaguas blancas<br>\nDespiden al amor que se ha ido<br>\nEn busca de ese tiempo perdido<\/p>\n\n\n\n<p>Lejos los barcos llevan la fiesta hacia el mar<br> Yo estoy volviendo al pueblo all\u00e1 abajo<br> Los primeros habitantes salen<br> A celebrar el Sol de los vivos<br> A despertar a un mundo dormido<br> Dormido.<br> Dormido.<\/p>\n\n\n\n<h2 class=\"wp-block-heading\" id=\"ya-lo-sumamos\">\u00a1Ya lo sumamos!<\/h2>\n\n\n\n<p>Los mejores videos de David Leb\u00f3n ya forman parte de nuestra programaci\u00f3n, la cual desde hace M\u00e1s de dos d\u00e9cadas, la disfrut\u00e1s 100 % con im\u00e1genes.<\/p>\n\n\n\n<p>Acordate, pod\u00e9s mirarnos desde tu compu, tablet, notebook o Smart TV con s\u00f3lo&nbsp;<a href=\"https:\/\/masfm.com\/emisora\/#section-custom-content-2\" target=\"_blank\" rel=\"noreferrer noopener\">entrar ac\u00e1<\/a>.<\/p>\n\n\n\n<p>Si prefer\u00eds que la experiencia sea por medio de tu celular, bajate la App gratuitamente&nbsp;<a href=\"https:\/\/masfm.pryx.com.ar\/install\/\" target=\"_blank\" rel=\"noreferrer noopener\">desde ac\u00e1<\/a>&nbsp;y miranos desde cualquier parte del mundo, a la hora que quieras!<\/p>\n\n\n\n<p>Estamos las 24 horas con la mejor m\u00fasica y sus clips.<\/p>\n\n\n\n<h2 class=\"wp-block-heading\" id=\"registrate-a-mas-fm-95-9\">\u00a1Registrate a M\u00e1s FM 95 9!<\/h2>\n\n\n  \n  \n  <div class=\"\n    mailpoet_form_popup_overlay\n      \"><\/div>\n  <div\n    id=\"mailpoet_form_3\"\n    class=\"\n      mailpoet_form\n      mailpoet_form_html\n      mailpoet_form_position_\n      mailpoet_form_animation_\n    \"\n      >\n\n    <style type=\"text\/css\">\n     #mailpoet_form_3 .mailpoet_form {  }\n#mailpoet_form_3 .mailpoet_column_with_background { padding: 10px; }\n#mailpoet_form_3 .mailpoet_form_column:not(:first-child) { margin-left: 20px; }\n#mailpoet_form_3 .mailpoet_paragraph { line-height: 20px; margin-bottom: 20px; }\n#mailpoet_form_3 .mailpoet_segment_label, #mailpoet_form_3 .mailpoet_text_label, #mailpoet_form_3 .mailpoet_textarea_label, #mailpoet_form_3 .mailpoet_select_label, #mailpoet_form_3 .mailpoet_radio_label, #mailpoet_form_3 .mailpoet_checkbox_label, #mailpoet_form_3 .mailpoet_list_label, #mailpoet_form_3 .mailpoet_date_label { display: block; font-weight: normal; }\n#mailpoet_form_3 .mailpoet_text, #mailpoet_form_3 .mailpoet_textarea, #mailpoet_form_3 .mailpoet_select, #mailpoet_form_3 .mailpoet_date_month, #mailpoet_form_3 .mailpoet_date_day, #mailpoet_form_3 .mailpoet_date_year, #mailpoet_form_3 .mailpoet_date { display: block; }\n#mailpoet_form_3 .mailpoet_text, #mailpoet_form_3 .mailpoet_textarea { width: 200px; }\n#mailpoet_form_3 .mailpoet_checkbox {  }\n#mailpoet_form_3 .mailpoet_submit {  }\n#mailpoet_form_3 .mailpoet_divider {  }\n#mailpoet_form_3 .mailpoet_message {  }\n#mailpoet_form_3 .mailpoet_form_loading { width: 30px; text-align: center; line-height: normal; }\n#mailpoet_form_3 .mailpoet_form_loading > span { width: 5px; height: 5px; background-color: #5b5b5b; }#mailpoet_form_3{border-radius: 0px;text-align: left;}#mailpoet_form_3 form.mailpoet_form {padding: 20px;}#mailpoet_form_3{width: 100%;}#mailpoet_form_3 .mailpoet_message {margin: 0; padding: 0 20px;}#mailpoet_form_3 .mailpoet_paragraph.last {margin-bottom: 0} @media (max-width: 500px) {#mailpoet_form_3 {background-image: none;}} @media (min-width: 500px) {#mailpoet_form_3 .last .mailpoet_paragraph:last-child {margin-bottom: 0}}  @media (max-width: 500px) {#mailpoet_form_3 .mailpoet_form_column:last-child .mailpoet_paragraph:last-child {margin-bottom: 0}} \n    <\/style>\n\n    <form\n      target=\"_self\"\n      method=\"post\"\n      action=\"https:\/\/masfm.com\/emisora\/wp-admin\/admin-post.php?action=mailpoet_subscription_form\"\n      class=\"mailpoet_form mailpoet_form_form mailpoet_form_html\"\n      novalidate\n      data-delay=\"\"\n      data-exit-intent-enabled=\"\"\n      data-trigger-mode=\"\"\n      data-click-trigger-selector=\"\"\n      data-font-family=\"\"\n      data-cookie-expiration-time=\"\"\n    >\n      <input type=\"hidden\" name=\"data[form_id]\" value=\"3\" \/>\n      <input type=\"hidden\" name=\"token\" value=\"f13e444c72\" \/>\n      <input type=\"hidden\" name=\"api_version\" value=\"v1\" \/>\n      <input type=\"hidden\" name=\"endpoint\" value=\"subscribers\" \/>\n      <input type=\"hidden\" name=\"mailpoet_method\" value=\"subscribe\" \/>\n\n      <label class=\"mailpoet_hp_email_label\" style=\"display: none !important;\">Please leave this field empty<input type=\"email\" name=\"data[email]\"\/><\/label><div class='mailpoet_form_columns_container'><div class=\"mailpoet_form_columns mailpoet_paragraph mailpoet_stack_on_mobile\"><div class=\"mailpoet_form_column\"><div class=\"mailpoet_paragraph \"><input type=\"text\" autocomplete=\"given-name\" class=\"mailpoet_text\" id=\"form_first_name_3\" name=\"data[form_field_Mjg5ZDFmYWM5ZDQ5X2ZpcnN0X25hbWU=]\" title=\"Nombre\" value=\"\" style=\"width:100%;box-sizing:border-box;padding:5px;margin: 0 auto 0 0;\" data-automation-id=\"form_first_name\"  placeholder=\"Nombre\" aria-label=\"Nombre\" data-parsley-errors-container=\".mailpoet_error_sbfpg\" data-parsley-names='[&quot;Please specify a valid name.&quot;,&quot;Addresses in names are not permitted, please add your name instead.&quot;]'\/><span class=\"mailpoet_error_sbfpg\"><\/span><\/div>\n<\/div>\n<div class=\"mailpoet_form_column\"><div class=\"mailpoet_paragraph \"><input type=\"email\" autocomplete=\"email\" class=\"mailpoet_text\" id=\"form_email_3\" name=\"data[form_field_OGY2ODJhNTQxZjUxX2VtYWls]\" title=\"TU MAIL:\" value=\"\" style=\"width:100%;box-sizing:border-box;padding:5px;margin: 0 auto 0 0;\" data-automation-id=\"form_email\"  placeholder=\"TU MAIL: *\" aria-label=\"TU MAIL: *\" data-parsley-errors-container=\".mailpoet_error_rdskv\" data-parsley-required=\"true\" required aria-required=\"true\" data-parsley-minlength=\"6\" data-parsley-maxlength=\"150\" data-parsley-type-message=\"This value should be a valid email.\" data-parsley-required-message=\"This field is required.\"\/><span class=\"mailpoet_error_rdskv\"><\/span><\/div>\n<\/div>\n<div class=\"mailpoet_form_column\"><div class=\"mailpoet_paragraph \"><input type=\"submit\" class=\"mailpoet_submit\" value=\"SUMATE YA!\" data-automation-id=\"subscribe-submit-button\" style=\"width:100%;box-sizing:border-box;padding:5px;margin: 0 auto 0 0;border-color:transparent;\" \/><span class=\"mailpoet_form_loading\"><span class=\"mailpoet_bounce1\"><\/span><span class=\"mailpoet_bounce2\"><\/span><span class=\"mailpoet_bounce3\"><\/span><\/span><\/div>\n<\/div>\n<\/div><\/div>\n<div class='mailpoet_form_columns_container'><div class=\"mailpoet_form_columns mailpoet_paragraph mailpoet_stack_on_mobile\"><div class=\"mailpoet_form_column\"><\/div>\n<div class=\"mailpoet_form_column\"><\/div>\n<\/div><\/div>\n\n      <div class=\"mailpoet_message\">\n        <p class=\"mailpoet_validate_success\"\n                style=\"display:none;\"\n                >Revisa tu bandeja de entrada o la carpeta de spam para confirmar tu suscripci\u00f3n.\n        <\/p>\n        <p class=\"mailpoet_validate_error\"\n                style=\"display:none;\"\n                >        <\/p>\n      <\/div>\n    <\/form>\n\n      <\/div>\n\n  \n\n\n<p><\/p>\n\n\n\n<figure class=\"wp-block-image\"><img loading=\"lazy\" decoding=\"async\" width=\"690\" height=\"330\" src=\"https:\/\/www.masfm.com\/emisora\/wp-content\/uploads\/2022\/07\/noticias-EN-LA-VEREDA-DEL-SOL-lebon-cantilo-mas-fm-95.9-online-santa-fe-2.jpg\" alt=\"David Leb\u00f3n lanz\u00f3 En la vereda del sol  junto a Fabiana Cantilo: toda la info, la letra y el video est\u00e1n ac\u00e1!\n\nLuego de los estrenos de &quot;Tiempo sin sue\u00f1os&quot; junto a Conociendo Rusia y de &quot;Esperando nacer&quot; junto a Vicentico, David Leb\u00f3n presenta una nueva versi\u00f3n de En la Vereda del Sol, otro cl\u00e1sico de Ser\u00fa Gir\u00e1n para el que cont\u00f3 con la colaboraci\u00f3n de Fabiana Cantilo.\" class=\"wp-image-15539\" title=\"David Leb\u00f3n lanz\u00f3 &quot;En la vereda del sol&quot; junto a Fabiana Cantilo: toda la info, la letra y el video est\u00e1n ac\u00e1!  Luego de los estrenos de &quot;Tiempo sin sue\u00f1os&quot; junto a Conociendo Rusia y de &quot;Esperando nacer&quot; junto a Vicentico, David Leb\u00f3n presenta una nueva versi\u00f3n de En la Vereda del Sol, otro cl\u00e1sico de Ser\u00fa Gir\u00e1n para el que cont\u00f3 con la colaboraci\u00f3n de Fabiana Cantilo.\" srcset=\"https:\/\/masfm.com\/emisora\/wp-content\/uploads\/2022\/07\/noticias-EN-LA-VEREDA-DEL-SOL-lebon-cantilo-mas-fm-95.9-online-santa-fe-2.jpg 690w, https:\/\/masfm.com\/emisora\/wp-content\/uploads\/2022\/07\/noticias-EN-LA-VEREDA-DEL-SOL-lebon-cantilo-mas-fm-95.9-online-santa-fe-2-345x165.jpg 345w, https:\/\/masfm.com\/emisora\/wp-content\/uploads\/2022\/07\/noticias-EN-LA-VEREDA-DEL-SOL-lebon-cantilo-mas-fm-95.9-online-santa-fe-2-600x287.jpg 600w\" sizes=\"auto, (max-width: 690px) 100vw, 690px\" \/><\/figure>\n\n\n\n<p><\/p>\n","protected":false},"excerpt":{"rendered":"<p>David Leb\u00f3n lanz\u00f3 &#8220;En la vereda del sol&#8221; junto a Fabiana Cantilo: toda la info, la letra y el video est\u00e1n ac\u00e1! Luego de los estrenos de &#8220;Tiempo sin sue\u00f1os&#8221; junto a Conociendo Rusia y de &#8220;Esperando nacer&#8221; junto a Vicentico, David Leb\u00f3n presenta una nueva versi\u00f3n de En la Vereda del Sol, otro cl\u00e1sico&hellip;<\/p>\n","protected":false},"author":4,"featured_media":15539,"comment_status":"closed","ping_status":"open","sticky":false,"template":"","format":"video","meta":{"footnotes":""},"categories":[2],"tags":[283,48,152,47,46,13,14,51,24,23],"class_list":["post-15533","post","type-post","status-publish","format-video","has-post-thumbnail","hentry","category-noticias","tag-david-lebon","tag-esporaca","tag-fabiana-cantilo","tag-laradioqueseve","tag-masfm959","tag-musica","tag-noticias","tag-nuevo","tag-videos","tag-video","post_format-post-format-video"],"amp_enabled":true,"_links":{"self":[{"href":"https:\/\/masfm.com\/emisora\/wp-json\/wp\/v2\/posts\/15533","targetHints":{"allow":["GET"]}}],"collection":[{"href":"https:\/\/masfm.com\/emisora\/wp-json\/wp\/v2\/posts"}],"about":[{"href":"https:\/\/masfm.com\/emisora\/wp-json\/wp\/v2\/types\/post"}],"author":[{"embeddable":true,"href":"https:\/\/masfm.com\/emisora\/wp-json\/wp\/v2\/users\/4"}],"replies":[{"embeddable":true,"href":"https:\/\/masfm.com\/emisora\/wp-json\/wp\/v2\/comments?post=15533"}],"version-history":[{"count":0,"href":"https:\/\/masfm.com\/emisora\/wp-json\/wp\/v2\/posts\/15533\/revisions"}],"wp:featuredmedia":[{"embeddable":true,"href":"https:\/\/masfm.com\/emisora\/wp-json\/wp\/v2\/media\/15539"}],"wp:attachment":[{"href":"https:\/\/masfm.com\/emisora\/wp-json\/wp\/v2\/media?parent=15533"}],"wp:term":[{"taxonomy":"category","embeddable":true,"href":"https:\/\/masfm.com\/emisora\/wp-json\/wp\/v2\/categories?post=15533"},{"taxonomy":"post_tag","embeddable":true,"href":"https:\/\/masfm.com\/emisora\/wp-json\/wp\/v2\/tags?post=15533"}],"curies":[{"name":"wp","href":"https:\/\/api.w.org\/{rel}","templated":true}]}}