{"id":15616,"date":"2022-07-30T13:04:26","date_gmt":"2022-07-30T16:04:26","guid":{"rendered":"https:\/\/www.masfm.com\/emisora\/?p=15616"},"modified":"2025-07-18T23:52:42","modified_gmt":"2025-07-19T02:52:42","slug":"yo-no-te-pido-la-luna-la-konga-sergio-dalma-estreno","status":"publish","type":"post","link":"https:\/\/masfm.com\/emisora\/yo-no-te-pido-la-luna-la-konga-sergio-dalma-estreno\/","title":{"rendered":"YO NO TE PIDO LA LUNA"},"content":{"rendered":"\n<figure class=\"wp-block-image\"><img loading=\"lazy\" decoding=\"async\" width=\"690\" height=\"330\" src=\"https:\/\/www.masfm.com\/emisora\/wp-content\/uploads\/2022\/07\/noticias-YO-NO-TE-PIDO-LA-LUNA-mas-fm-95.9-online-santa-fe-1-690x330.jpg\" alt=\"La banda argentina La K'onga invit\u00f3 al espa\u00f1ol Sergio Dalma a participar de una nueva versi\u00f3n de Yo no te pido la luna\" class=\"wp-image-15622\" title=\"La banda argentina La K'onga invit\u00f3 al espa\u00f1ol Sergio Dalma a participar de una nueva versi\u00f3n de &quot;Yo no te pido la luna&quot;.\" srcset=\"https:\/\/masfm.com\/emisora\/wp-content\/uploads\/2022\/07\/noticias-YO-NO-TE-PIDO-LA-LUNA-mas-fm-95.9-online-santa-fe-1.jpg 690w, https:\/\/masfm.com\/emisora\/wp-content\/uploads\/2022\/07\/noticias-YO-NO-TE-PIDO-LA-LUNA-mas-fm-95.9-online-santa-fe-1-345x165.jpg 345w, https:\/\/masfm.com\/emisora\/wp-content\/uploads\/2022\/07\/noticias-YO-NO-TE-PIDO-LA-LUNA-mas-fm-95.9-online-santa-fe-1-600x287.jpg 600w\" sizes=\"auto, (max-width: 690px) 100vw, 690px\" \/><\/figure>\n\n\n\n<p>La banda argentina <a href=\"https:\/\/www.masfm.com\/emisora\/?s=la+k%27onga\">La K&#8217;onga<\/a> invit\u00f3 al espa\u00f1ol <a href=\"https:\/\/www.masfm.com\/emisora\/?s=Sergio+Dalma\">Sergio Dalma<\/a> a participar de una nueva versi\u00f3n de &#8220;Yo no te pido la luna&#8221;.<\/p>\n\n\n\n<p>En el marco de los 10 Gran Rex que La K&#8217;onga realiz\u00f3 en junio, se grabaron y filmaron una serie de colaboraciones con grandes artistas invitados. <\/p>\n\n\n\n<p>Todas estas canciones van a ser parte de un disco que ver\u00e1 la luz en noviembre y cuyo primer adelanto es nada m\u00e1s y nada menos que con Sergio Dalma.<\/p>\n\n\n\n<p>El artista espa\u00f1ol, que en 2011 grab\u00f3 su versi\u00f3n de &#8220;Yo no te pido la luna&#8221;, se suma al cuarteto de La K&#8217;onga para esta nueva versi\u00f3n en una noche totalmente sold out en el Gran Rex.<\/p>\n\n\n\n<p>La K&#8217;onga est\u00e1 viviendo un presente inimaginable, consagr\u00e1ndose como los nuevos monarcas del cuarteto.<\/p>\n\n\n\n<p>Las colaboraciones con artistas de renombre que aparecen, demuestran que nadie quiere perderse de hacer un cuarteto con ellos. Este fen\u00f3meno no sucede dentro del g\u00e9nero desde la \u00e9poca de Rodrigo.<\/p>\n\n\n\n<p>La banda ya tiene programados 3 Movistar Arena que van a realizarse en diciembre. Las presentaciones ser\u00e1n el 9, 11 y 12 de dicho mes, con entradas agotadas para los primeros dos shows, quedando para el tercero muy pocas localidades a la venta.<\/p>\n\n\n\n<h2 class=\"wp-block-heading\">Letra de Yo no te pido la luna.<\/h2>\n\n\n\n<p>Quiero envolverme en tus brazos<br> que no quede entre t\u00fa y yo un espacio<br> ser el sabor de tu boca<br> y llenarme toda con tu aroma.<\/p>\n\n\n\n<p>Ser confidente y saber por dentro<br>\nque eres t\u00fa<br>\ncomo un tatuaje vivo<br>\nimpregnarme en tu ser<br>\n\u00a1dale Rex, con Sergio!<\/p>\n\n\n\n<h4 class=\"wp-block-heading\">Yo no te pido la luna<br> tan solo quiero amarte<br> quiero ser esa locura que<br> brilla muy dentro de ti.<\/h4>\n\n\n\n<h4 class=\"wp-block-heading\">Yo no te pido la luna<br> s\u00f3lo te pido el momento<br> de rescatar esa piel<br> y robarme esa estrella que<br> vemos t\u00fa y yo al hacer el amor.<\/h4>\n\n\n\n<p>Correr en contra del viento<br> conocer todos tus sentimientos<br> dos cuerpos entrelazados<br> esperemos todos los inviernos.<\/p>\n\n\n\n<p>B\u00e9same y en mis labios hallar\u00e1s calor<br> si\u00e9nteme fr\u00e1gil y de papel<br> como tiemblo por ti.<\/p>\n\n\n\n<h4 class=\"wp-block-heading\">Yo no te pido la luna<br> tan s\u00f3lo quiero amarte<br> quiero ser esa locura que<br> vibra muy dentro de ti.<\/h4>\n\n\n\n<h4 class=\"wp-block-heading\">Yo no te pido la luna<br> s\u00f3lo te pido el momento<br> de rescatar esa piel<br> y robarme esa estrella que<br> vemos t\u00fa y yo al hacer el amor.<\/h4>\n\n\n\n<h2 class=\"wp-block-heading\" id=\"ya-lo-sumamos\">\u00a1Ya lo sumamos!<\/h2>\n\n\n\n<p>Los mejores videos de La K&#8217;onga ya forman parte de nuestra programaci\u00f3n, la cual desde hace M\u00e1s de dos d\u00e9cadas, la disfrut\u00e1s 100 % con im\u00e1genes.<\/p>\n\n\n\n<p>Acordate, pod\u00e9s mirarnos desde tu compu, tablet, notebook o Smart TV con s\u00f3lo&nbsp;<a href=\"https:\/\/masfm.com\/emisora\/#section-custom-content-2\" target=\"_blank\" rel=\"noreferrer noopener\">entrar ac\u00e1<\/a>.<\/p>\n\n\n\n<p>Si prefer\u00eds que la experiencia sea por medio de tu celular, bajate la App gratuitamente&nbsp;<a href=\"https:\/\/masfm.pryx.com.ar\/install\/\" target=\"_blank\" rel=\"noreferrer noopener\">desde ac\u00e1<\/a>&nbsp;y miranos desde cualquier parte del mundo, a la hora que quieras!<\/p>\n\n\n\n<p>Estamos las 24 horas con la mejor m\u00fasica y sus clips.<\/p>\n\n\n\n<h2 class=\"wp-block-heading\" id=\"registrate-a-mas-fm-95-9\">\u00a1Registrate a M\u00e1s FM 95 9!<\/h2>\n\n\n  \n  \n  <div class=\"\n    mailpoet_form_popup_overlay\n      \"><\/div>\n  <div\n    id=\"mailpoet_form_3\"\n    class=\"\n      mailpoet_form\n      mailpoet_form_html\n      mailpoet_form_position_\n      mailpoet_form_animation_\n    \"\n      >\n\n    <style type=\"text\/css\">\n     #mailpoet_form_3 .mailpoet_form {  }\n#mailpoet_form_3 .mailpoet_column_with_background { padding: 10px; }\n#mailpoet_form_3 .mailpoet_form_column:not(:first-child) { margin-left: 20px; }\n#mailpoet_form_3 .mailpoet_paragraph { line-height: 20px; margin-bottom: 20px; }\n#mailpoet_form_3 .mailpoet_segment_label, #mailpoet_form_3 .mailpoet_text_label, #mailpoet_form_3 .mailpoet_textarea_label, #mailpoet_form_3 .mailpoet_select_label, #mailpoet_form_3 .mailpoet_radio_label, #mailpoet_form_3 .mailpoet_checkbox_label, #mailpoet_form_3 .mailpoet_list_label, #mailpoet_form_3 .mailpoet_date_label { display: block; font-weight: normal; }\n#mailpoet_form_3 .mailpoet_text, #mailpoet_form_3 .mailpoet_textarea, #mailpoet_form_3 .mailpoet_select, #mailpoet_form_3 .mailpoet_date_month, #mailpoet_form_3 .mailpoet_date_day, #mailpoet_form_3 .mailpoet_date_year, #mailpoet_form_3 .mailpoet_date { display: block; }\n#mailpoet_form_3 .mailpoet_text, #mailpoet_form_3 .mailpoet_textarea { width: 200px; }\n#mailpoet_form_3 .mailpoet_checkbox {  }\n#mailpoet_form_3 .mailpoet_submit {  }\n#mailpoet_form_3 .mailpoet_divider {  }\n#mailpoet_form_3 .mailpoet_message {  }\n#mailpoet_form_3 .mailpoet_form_loading { width: 30px; text-align: center; line-height: normal; }\n#mailpoet_form_3 .mailpoet_form_loading > span { width: 5px; height: 5px; background-color: #5b5b5b; }#mailpoet_form_3{border-radius: 0px;text-align: left;}#mailpoet_form_3 form.mailpoet_form {padding: 20px;}#mailpoet_form_3{width: 100%;}#mailpoet_form_3 .mailpoet_message {margin: 0; padding: 0 20px;}#mailpoet_form_3 .mailpoet_paragraph.last {margin-bottom: 0} @media (max-width: 500px) {#mailpoet_form_3 {background-image: none;}} @media (min-width: 500px) {#mailpoet_form_3 .last .mailpoet_paragraph:last-child {margin-bottom: 0}}  @media (max-width: 500px) {#mailpoet_form_3 .mailpoet_form_column:last-child .mailpoet_paragraph:last-child {margin-bottom: 0}} \n    <\/style>\n\n    <form\n      target=\"_self\"\n      method=\"post\"\n      action=\"https:\/\/masfm.com\/emisora\/wp-admin\/admin-post.php?action=mailpoet_subscription_form\"\n      class=\"mailpoet_form mailpoet_form_form mailpoet_form_html\"\n      novalidate\n      data-delay=\"\"\n      data-exit-intent-enabled=\"\"\n      data-trigger-mode=\"\"\n      data-click-trigger-selector=\"\"\n      data-font-family=\"\"\n      data-cookie-expiration-time=\"\"\n    >\n      <input type=\"hidden\" name=\"data[form_id]\" value=\"3\" \/>\n      <input type=\"hidden\" name=\"token\" value=\"f13e444c72\" \/>\n      <input type=\"hidden\" name=\"api_version\" value=\"v1\" \/>\n      <input type=\"hidden\" name=\"endpoint\" value=\"subscribers\" \/>\n      <input type=\"hidden\" name=\"mailpoet_method\" value=\"subscribe\" \/>\n\n      <label class=\"mailpoet_hp_email_label\" style=\"display: none !important;\">Please leave this field empty<input type=\"email\" name=\"data[email]\"\/><\/label><div class='mailpoet_form_columns_container'><div class=\"mailpoet_form_columns mailpoet_paragraph mailpoet_stack_on_mobile\"><div class=\"mailpoet_form_column\"><div class=\"mailpoet_paragraph \"><input type=\"text\" autocomplete=\"given-name\" class=\"mailpoet_text\" id=\"form_first_name_3\" name=\"data[form_field_Mjg5ZDFmYWM5ZDQ5X2ZpcnN0X25hbWU=]\" title=\"Nombre\" value=\"\" style=\"width:100%;box-sizing:border-box;padding:5px;margin: 0 auto 0 0;\" data-automation-id=\"form_first_name\"  placeholder=\"Nombre\" aria-label=\"Nombre\" data-parsley-errors-container=\".mailpoet_error_19c2l\" data-parsley-names='[&quot;Please specify a valid name.&quot;,&quot;Addresses in names are not permitted, please add your name instead.&quot;]'\/><span class=\"mailpoet_error_19c2l\"><\/span><\/div>\n<\/div>\n<div class=\"mailpoet_form_column\"><div class=\"mailpoet_paragraph \"><input type=\"email\" autocomplete=\"email\" class=\"mailpoet_text\" id=\"form_email_3\" name=\"data[form_field_OGY2ODJhNTQxZjUxX2VtYWls]\" title=\"TU MAIL:\" value=\"\" style=\"width:100%;box-sizing:border-box;padding:5px;margin: 0 auto 0 0;\" data-automation-id=\"form_email\"  placeholder=\"TU MAIL: *\" aria-label=\"TU MAIL: *\" data-parsley-errors-container=\".mailpoet_error_pwnb9\" data-parsley-required=\"true\" required aria-required=\"true\" data-parsley-minlength=\"6\" data-parsley-maxlength=\"150\" data-parsley-type-message=\"This value should be a valid email.\" data-parsley-required-message=\"This field is required.\"\/><span class=\"mailpoet_error_pwnb9\"><\/span><\/div>\n<\/div>\n<div class=\"mailpoet_form_column\"><div class=\"mailpoet_paragraph \"><input type=\"submit\" class=\"mailpoet_submit\" value=\"SUMATE YA!\" data-automation-id=\"subscribe-submit-button\" style=\"width:100%;box-sizing:border-box;padding:5px;margin: 0 auto 0 0;border-color:transparent;\" \/><span class=\"mailpoet_form_loading\"><span class=\"mailpoet_bounce1\"><\/span><span class=\"mailpoet_bounce2\"><\/span><span class=\"mailpoet_bounce3\"><\/span><\/span><\/div>\n<\/div>\n<\/div><\/div>\n<div class='mailpoet_form_columns_container'><div class=\"mailpoet_form_columns mailpoet_paragraph mailpoet_stack_on_mobile\"><div class=\"mailpoet_form_column\"><\/div>\n<div class=\"mailpoet_form_column\"><\/div>\n<\/div><\/div>\n\n      <div class=\"mailpoet_message\">\n        <p class=\"mailpoet_validate_success\"\n                style=\"display:none;\"\n                >Revisa tu bandeja de entrada o la carpeta de spam para confirmar tu suscripci\u00f3n.\n        <\/p>\n        <p class=\"mailpoet_validate_error\"\n                style=\"display:none;\"\n                >        <\/p>\n      <\/div>\n    <\/form>\n\n      <\/div>\n\n  \n\n\n<figure class=\"wp-block-image\"><img loading=\"lazy\" decoding=\"async\" width=\"690\" height=\"330\" src=\"https:\/\/www.masfm.com\/emisora\/wp-content\/uploads\/2022\/07\/noticias-YO-NO-TE-PIDO-LA-LUNA-mas-fm-95.9-online-santa-fe-1-690x330.jpg\" alt=\"La banda argentina La K'onga invit\u00f3 al espa\u00f1ol Sergio Dalma a participar de una nueva versi\u00f3n de Yo no te pido la luna\" class=\"wp-image-15622\" title=\"La banda argentina La K'onga invit\u00f3 al espa\u00f1ol Sergio Dalma a participar de una nueva versi\u00f3n de &quot;Yo no te pido la luna&quot;.\" srcset=\"https:\/\/masfm.com\/emisora\/wp-content\/uploads\/2022\/07\/noticias-YO-NO-TE-PIDO-LA-LUNA-mas-fm-95.9-online-santa-fe-1.jpg 690w, https:\/\/masfm.com\/emisora\/wp-content\/uploads\/2022\/07\/noticias-YO-NO-TE-PIDO-LA-LUNA-mas-fm-95.9-online-santa-fe-1-345x165.jpg 345w, https:\/\/masfm.com\/emisora\/wp-content\/uploads\/2022\/07\/noticias-YO-NO-TE-PIDO-LA-LUNA-mas-fm-95.9-online-santa-fe-1-600x287.jpg 600w\" sizes=\"auto, (max-width: 690px) 100vw, 690px\" \/><\/figure>\n\n\n\n<p><\/p>\n","protected":false},"excerpt":{"rendered":"<p>La banda argentina La K&#8217;onga invit\u00f3 al espa\u00f1ol Sergio Dalma a participar de una nueva versi\u00f3n de &#8220;Yo no te pido la luna&#8221;. En el marco de los 10 Gran Rex que La K&#8217;onga realiz\u00f3 en junio, se grabaron y filmaron una serie de colaboraciones con grandes artistas invitados. Todas estas canciones van a ser&hellip;<\/p>\n","protected":false},"author":4,"featured_media":15623,"comment_status":"closed","ping_status":"open","sticky":false,"template":"","format":"video","meta":{"footnotes":""},"categories":[2],"tags":[48,450,47,46,13,14,51,498,24,23],"class_list":["post-15616","post","type-post","status-publish","format-video","has-post-thumbnail","hentry","category-noticias","tag-esporaca","tag-la-konga","tag-laradioqueseve","tag-masfm959","tag-musica","tag-noticias","tag-nuevo","tag-sergio-dalma","tag-videos","tag-video","post_format-post-format-video"],"amp_enabled":true,"_links":{"self":[{"href":"https:\/\/masfm.com\/emisora\/wp-json\/wp\/v2\/posts\/15616","targetHints":{"allow":["GET"]}}],"collection":[{"href":"https:\/\/masfm.com\/emisora\/wp-json\/wp\/v2\/posts"}],"about":[{"href":"https:\/\/masfm.com\/emisora\/wp-json\/wp\/v2\/types\/post"}],"author":[{"embeddable":true,"href":"https:\/\/masfm.com\/emisora\/wp-json\/wp\/v2\/users\/4"}],"replies":[{"embeddable":true,"href":"https:\/\/masfm.com\/emisora\/wp-json\/wp\/v2\/comments?post=15616"}],"version-history":[{"count":0,"href":"https:\/\/masfm.com\/emisora\/wp-json\/wp\/v2\/posts\/15616\/revisions"}],"wp:featuredmedia":[{"embeddable":true,"href":"https:\/\/masfm.com\/emisora\/wp-json\/wp\/v2\/media\/15623"}],"wp:attachment":[{"href":"https:\/\/masfm.com\/emisora\/wp-json\/wp\/v2\/media?parent=15616"}],"wp:term":[{"taxonomy":"category","embeddable":true,"href":"https:\/\/masfm.com\/emisora\/wp-json\/wp\/v2\/categories?post=15616"},{"taxonomy":"post_tag","embeddable":true,"href":"https:\/\/masfm.com\/emisora\/wp-json\/wp\/v2\/tags?post=15616"}],"curies":[{"name":"wp","href":"https:\/\/api.w.org\/{rel}","templated":true}]}}