{"id":15742,"date":"2022-08-14T13:10:03","date_gmt":"2022-08-14T16:10:03","guid":{"rendered":"https:\/\/www.masfm.com\/emisora\/?p=15742"},"modified":"2022-08-14T13:10:03","modified_gmt":"2022-08-14T16:10:03","slug":"nahuel-pennisi-mas-la-delio-valdez","status":"publish","type":"post","link":"https:\/\/masfm.com\/emisora\/nahuel-pennisi-mas-la-delio-valdez\/","title":{"rendered":"NAHUEL PENNISI M\u00c1S LA DELIO VALDEZ"},"content":{"rendered":"<p>Luego de una gran y convocante gira por Argentina, Nahuel Pennisi se anima a m\u00e1s y la cumbia nuevamente, con una canci\u00f3n que promete hacernos bailar y cantar: La noche, junto a La Delio Valdez.<\/p>\n<p>Se trata de una canci\u00f3n suave, enamorada, donde se vuelve a comprobar el talento y la versatilidad de Pennisi como artista.<\/p>\n<p>Compuesta por <a href=\"https:\/\/www.masfm.com\/emisora\/?s=Nahuel+Pennisi\" target=\"_blank\" rel=\"noopener noreferrer\">Nahuel<\/a> junto a Leonardo Ojeda y producida por el propio Nahuel con arreglos de Agustin Zuanigh. En La Noche, Nahuel se integra perfectamente con la vibra de una de las bandas m\u00e1s relevantes de cumbia, sin perder su marca personal.<\/p>\n<p>Nahuel es una de las voces m\u00e1s conmovedoras de su generaci\u00f3n y est\u00e1 viviendo un gran momento profesional. Mientras trabaja en m\u00fasica nueva, se destaca como conductor de radio y se prepara para debutar como actor de teatro el 8 de septiembre, en Regreso en Patagonia; una obra musical junto a Fer Dente y Franco Masini.<\/p>\n<p>\u201cRegreso en Patagonia\u201d se podr\u00e1 disfrutar de jueves a domingos con doble funci\u00f3n los d\u00edas s\u00e1bados, en el Teatro Metropolitan Sura.<\/p>\n<p>Este single llega luego del \u00e9xito de <a href=\"https:\/\/www.masfm.com\/emisora\/2020\/09\/21\/universo-paralelo\/\" target=\"_blank\" rel=\"noopener noreferrer\">Universo Paralelo<\/a> junto a <a href=\"https:\/\/www.masfm.com\/emisora\/?s=La+K%E2%80%99onga\" target=\"_blank\" rel=\"noopener noreferrer\">La K\u2019onga<\/a>, una de las canciones del verano 2022, que super\u00f3 las 70 millones de reproducciones en plataformas digitales. La versi\u00f3n original de Universo Paralelo forma parte de su \u00e1lbum m\u00e1s reciente, Renacer, galardonado en 2021 con el Premio Gardel como \u201cMejor \u00e1lbum folklore alternativo\u201d y que le dio a Nahuel su tercera nominaci\u00f3n al Latin Grammy en la categor\u00eda \u201cMejor \u00e1lbum folkl\u00f3rico\u201d.<\/p>\n<p>El int\u00e9rprete y compositor Nahuel Pennisi, comenz\u00f3 el 2022 cosechando \u00e9xitos. En el marco de su convocante gira por Argentina y luego de haber participado numerosas veces como invitado, Nahuel realiz\u00f3 su primera presentaci\u00f3n en el Festival de Jes\u00fas Mar\u00eda, donde alcanz\u00f3 la Consagraci\u00f3n.<\/p>\n<p>A pocos d\u00edas de este reconocimiento, se present\u00f3 en vivo en el Festival de Cosqu\u00edn, donde lo acompa\u00f1\u00f3 en el escenario su colega y amigo <a href=\"https:\/\/www.masfm.com\/emisora\/?s=Abel+Pinto\" target=\"_blank\" rel=\"noopener noreferrer\">Abel Pintos<\/a> para interpretar juntos su single Mundo y el cl\u00e1sico popular Fuego en Animan\u00e1. Esta presentaci\u00f3n le vali\u00f3 a Nahuel la Consagraci\u00f3n del Festival de Cosqu\u00edn, convirti\u00e9ndose as\u00ed en el primer artista en lograr en el mismo a\u00f1o, la doble consagraci\u00f3n en los festivales m\u00e1s importantes del folclore argentino.<\/p>\n<p>Para terminar un a\u00f1o plasmado de m\u00fasica, conducci\u00f3n de radio y teatro, Nahuel se presentar\u00e1 en concierto el 17 de Diciembre en el Teatro Opera Orbis. Las entradas ya est\u00e1n a la <a href=\"https:\/\/www.ticketek.com.ar\/nahuel-pennisi\/teatro-opera\" target=\"_blank\" rel=\"noopener noreferrer\">en venta ac\u00e1<\/a> y boleter\u00edas del teatro.<\/p>\n<h4>Letra de La Noche.<\/h4>\n<p>Te guardo en mi mente<br \/>\nque triste fue mi suerte<br \/>\nsentirte tan cerca y de repente perderte<\/p>\n<p>La noche lo sabe<br \/>\nhoy hablar\u00e9 con ella<br \/>\nespero no mienta<br \/>\ny me diga lo que piensa<\/p>\n<p>Ay ay ay<br \/>\nsi me pudiera decir<br \/>\nque es lo que tiene tu sonrisa<br \/>\nque me dej\u00f3 as\u00ed<br \/>\nas\u00ed perdido<br \/>\nsin encontrarte<\/p>\n<p>Y le pregunto a la noche<br \/>\nsi ya podr\u00e9 olvidarte<br \/>\nsi olvidar\u00e9 esta rutina<br \/>\nque me ata siempre a pensarte<\/p>\n<p>Y le pregunto mil veces<br \/>\nsi ya podr\u00e9 olvidarte<br \/>\nsi olvidar\u00e9 que te quiero<br \/>\nla noche tal vez cure mi coraz\u00f3n<\/p>\n<p>y ahora si<br \/>\nde Argentina para el mundo<br \/>\nsuena<br \/>\nNahuel Pennisi<br \/>\ny La Delio Valdez<\/p>\n<p>Tus pasos volviendo<br \/>\nescucho a cada instante<br \/>\nse escapa se aleja<br \/>\ntu amor inalcanzable<\/p>\n<p>la noche lo sabe<br \/>\nhoy hablar\u00e9 con ella<br \/>\nespero no mienta y me diga lo que piensa<\/p>\n<p>Ay ay ay<br \/>\nsi me pudiera decir<br \/>\nque es lo que tiene tu sonrisa que<br \/>\nme dejo asi<br \/>\nasi perdida<br \/>\nsin encontrarte<\/p>\n<p>Y le pregunto a la noche<br \/>\nsi ya podr\u00e9 olvidarte<br \/>\nsi olvidar\u00e9 esta rutina<br \/>\nque me ata siempre a pensarte<\/p>\n<p>Y le pregunto mil veces<br \/>\nsi ya podr\u00e9 olvidarte<br \/>\nsi olvidar\u00e9 que te quiero<br \/>\nla noche<\/p>\n<p>Y le pregunto a la noche (yo le pregunto a la noche)<br \/>\nsi ya podr\u00e9 olvidarte<br \/>\nsi olvidar\u00e9 esta rutina<br \/>\nque me ata siempre a pensarte<\/p>\n<p>Y le pregunto mil veces (y le pregunto mil veces)<br \/>\nsi ya podr\u00e9 olvidarte<br \/>\nsi olvidar\u00e9 que te quiero<br \/>\nla noche tal vez cure mi (tal vez cure mi)<br \/>\ncoraz\u00f3n (coraz\u00f3n).<\/p>\n<p>Nahuel Pennisi m\u00e1s La Delio Valdez ya forman parte de nuestra programaci\u00f3n, la cual desde hace a\u00f1os, la disfrut\u00e1s 100 % con im\u00e1genes. Acordate, pod\u00e9s mirarnos desde tu compu, tablet, notebook o Smart TV con s\u00f3lo\u00a0<a href=\"https:\/\/www.masfm.com\/smart\" target=\"_blank\" rel=\"noopener noreferrer\">entrar ac\u00e1<\/a>.<\/p>\n<p>Si prefer\u00eds que la experiencia sea por medio de tu celular, bajate la App gratuitamente\u00a0<a href=\"https:\/\/masfm.pryx.com.ar\/install\/\" target=\"_blank\" rel=\"noopener noreferrer\">desde ac\u00e1<\/a>\u00a0y miranos desde cualquier parte del mundo, a la hora que quieras! Estamos las 24 horas con la mejor m\u00fasica y sus clips.<\/p>\n<h4>Registrate!<\/h4>\n<div class=\"widget_wysija_cont shortcode_wysija\"><div id=\"msg-form-wysija-shortcode69f30a1fa6220-1\" class=\"wysija-msg ajax\"><\/div><form id=\"form-wysija-shortcode69f30a1fa6220-1\" method=\"post\" action=\"#wysija\" class=\"widget_wysija shortcode_wysija\">\n<p class=\"wysija-paragraph\">\n    \n    \n    \t<input type=\"text\" name=\"wysija[user][firstname]\" class=\"wysija-input validate[required]\" title=\"Tu nombre\" placeholder=\"Tu nombre\" value=\"\" \/>\n    \n    \n    \n    <span class=\"abs-req\">\n        <input type=\"text\" name=\"wysija[user][abs][firstname]\" class=\"wysija-input validated[abs][firstname]\" value=\"\" \/>\n    <\/span>\n    \n<\/p>\n<p class=\"wysija-paragraph\">\n    \n    \n    \t<input type=\"text\" name=\"wysija[user][email]\" class=\"wysija-input validate[required,custom[email]]\" title=\"Tu correo\" placeholder=\"Tu correo\" value=\"\" \/>\n    \n    \n    \n    <span class=\"abs-req\">\n        <input type=\"text\" name=\"wysija[user][abs][email]\" class=\"wysija-input validated[abs][email]\" value=\"\" \/>\n    <\/span>\n    \n<\/p>\n\n<input class=\"wysija-submit wysija-submit-field\" type=\"submit\" value=\"Sumate!\" \/>\n\n    <input type=\"hidden\" name=\"form_id\" value=\"1\" \/>\n    <input type=\"hidden\" name=\"action\" value=\"save\" \/>\n    <input type=\"hidden\" name=\"controller\" value=\"subscribers\" \/>\n    <input type=\"hidden\" value=\"1\" name=\"wysija-page\" \/>\n\n    \n        <input type=\"hidden\" name=\"wysija[user_list][list_ids]\" value=\"1\" \/>\n    \n <\/form><\/div>\n<p><img loading=\"lazy\" decoding=\"async\" class=\"alignnone wp-image-15744 size-full\" title=\"NAHUEL-PENNISI-MAS-LA-DELIO-VALDEZ-mas-fm-95.9-online-santa-fe\" src=\"https:\/\/www.masfm.com\/emisora\/wp-content\/uploads\/2022\/08\/noticias-NAHUEL-PENNISI-MAS-LA-DELIO-VALDEZ-mas-fm-95.9-online-santa-fe-2.jpg\" alt=\"NAHUEL-PENNISI-MAS-LA-DELIO-VALDEZ-mas-fm-95.9-online-santa-fe\" width=\"690\" height=\"330\" srcset=\"https:\/\/masfm.com\/emisora\/wp-content\/uploads\/2022\/08\/noticias-NAHUEL-PENNISI-MAS-LA-DELIO-VALDEZ-mas-fm-95.9-online-santa-fe-2.jpg 690w, https:\/\/masfm.com\/emisora\/wp-content\/uploads\/2022\/08\/noticias-NAHUEL-PENNISI-MAS-LA-DELIO-VALDEZ-mas-fm-95.9-online-santa-fe-2-345x165.jpg 345w, https:\/\/masfm.com\/emisora\/wp-content\/uploads\/2022\/08\/noticias-NAHUEL-PENNISI-MAS-LA-DELIO-VALDEZ-mas-fm-95.9-online-santa-fe-2-600x287.jpg 600w\" sizes=\"auto, (max-width: 690px) 100vw, 690px\" \/><\/p>\n","protected":false},"excerpt":{"rendered":"<p>Luego de una gran y convocante gira por Argentina, Nahuel Pennisi se anima a m\u00e1s y la cumbia nuevamente, con una canci\u00f3n que promete hacernos bailar y cantar: La noche, junto a La Delio Valdez. Se trata de una canci\u00f3n suave, enamorada, donde se vuelve a comprobar el talento y la versatilidad de Pennisi como&hellip;<\/p>\n","protected":false},"author":4,"featured_media":15745,"comment_status":"closed","ping_status":"open","sticky":false,"template":"","format":"video","meta":{"footnotes":""},"categories":[2],"tags":[48,11,47,46,13,14,24,23],"class_list":["post-15742","post","type-post","status-publish","format-video","has-post-thumbnail","hentry","category-noticias","tag-esporaca","tag-interes-gral","tag-laradioqueseve","tag-masfm959","tag-musica","tag-noticias","tag-videos","tag-video","post_format-post-format-video"],"amp_enabled":true,"_links":{"self":[{"href":"https:\/\/masfm.com\/emisora\/wp-json\/wp\/v2\/posts\/15742","targetHints":{"allow":["GET"]}}],"collection":[{"href":"https:\/\/masfm.com\/emisora\/wp-json\/wp\/v2\/posts"}],"about":[{"href":"https:\/\/masfm.com\/emisora\/wp-json\/wp\/v2\/types\/post"}],"author":[{"embeddable":true,"href":"https:\/\/masfm.com\/emisora\/wp-json\/wp\/v2\/users\/4"}],"replies":[{"embeddable":true,"href":"https:\/\/masfm.com\/emisora\/wp-json\/wp\/v2\/comments?post=15742"}],"version-history":[{"count":0,"href":"https:\/\/masfm.com\/emisora\/wp-json\/wp\/v2\/posts\/15742\/revisions"}],"wp:featuredmedia":[{"embeddable":true,"href":"https:\/\/masfm.com\/emisora\/wp-json\/wp\/v2\/media\/15745"}],"wp:attachment":[{"href":"https:\/\/masfm.com\/emisora\/wp-json\/wp\/v2\/media?parent=15742"}],"wp:term":[{"taxonomy":"category","embeddable":true,"href":"https:\/\/masfm.com\/emisora\/wp-json\/wp\/v2\/categories?post=15742"},{"taxonomy":"post_tag","embeddable":true,"href":"https:\/\/masfm.com\/emisora\/wp-json\/wp\/v2\/tags?post=15742"}],"curies":[{"name":"wp","href":"https:\/\/api.w.org\/{rel}","templated":true}]}}