{"id":15768,"date":"2022-08-17T22:36:01","date_gmt":"2022-08-18T01:36:01","guid":{"rendered":"https:\/\/www.masfm.com\/emisora\/?p=15768"},"modified":"2022-08-17T22:36:01","modified_gmt":"2022-08-18T01:36:01","slug":"cumbia-del-corazon-los-angeles-azules-carlos-vives-estreno-video","status":"publish","type":"post","link":"https:\/\/masfm.com\/emisora\/cumbia-del-corazon-los-angeles-azules-carlos-vives-estreno-video\/","title":{"rendered":"CUMBIA DEL CORAZ\u00d3N"},"content":{"rendered":"<p>Tiene un sello personal que lo hace distinto y justamente eso es lo que buscaron <a href=\"https:\/\/www.masfm.com\/emisora\/?s=Los+%C3%81ngeles+Azules\" target=\"_blank\" rel=\"noopener noreferrer\">Los \u00c1ngeles Azules<\/a> junto a <a href=\"https:\/\/www.masfm.com\/emisora\/?s=Carlos+Vives\" target=\"_blank\" rel=\"noopener noreferrer\">Carlos Vives<\/a> al grabar &#8220;Cumbia del Coraz\u00f3n&#8221;, uno de los temas que formar\u00e1n parte del pr\u00f3ximo disco de los mexicanos.<\/p>\n<p>Luego de presentar Otra noche con <a href=\"https:\/\/www.masfm.com\/emisora\/?s=Nicki+Nicole\" target=\"_blank\" rel=\"noopener noreferrer\">Nicki Nicole<\/a> y Esa parte de m\u00ed con la colaboraci\u00f3n de <a href=\"https:\/\/www.masfm.com\/emisora\/?s=Sof%C3%ADa+Reyes\" target=\"_blank\" rel=\"noopener noreferrer\">Sof\u00eda Reyes<\/a> y Esteman, Los \u00c1ngeles Azules incitan a todos a bailar al ritmo de Cumbia del coraz\u00f3n.<\/p>\n<h4>Un tema que le encant\u00f3 a Vives:<\/h4>\n<blockquote><p>&#8220;Estoy muy contento de participar en esta canci\u00f3n y de haber grabado el video junto a Los \u00c1ngeles Azules en mi tierra, Colombia; esta Cumbia del coraz\u00f3n tiene ritmos de ambos pa\u00edses y por eso tiene todo para convertirse en un cl\u00e1sico&#8221;.<\/p><\/blockquote>\n<p>Bajo la producci\u00f3n de Rodolfo Lugo y Jorge Mej\u00eda Avante, el sencillo viene acompa\u00f1ado de un video oficial que fue grabado en la taberna La Piel Roja de Bogot\u00e1, Colombia y dirigido por Christian Schmid Rinc\u00f3n.<\/p>\n<h4>En palabras de El\u00edas Mej\u00eda, integrante de la agrupaci\u00f3n mexicana:<\/h4>\n<blockquote><p>&#8220;Estuvimos buscando una colaboraci\u00f3n en Colombia, ten\u00edamos ganas de estar presentes en la cumbia de ese pa\u00eds. Con Carlos (Vives) tuvimos una qu\u00edmica muy padre, esta canci\u00f3n tiene esa conexi\u00f3n que llegar\u00e1 desde M\u00e9xico y Sudam\u00e9rica hasta todos lados&#8221;.<\/p><\/blockquote>\n<h4>Letra de Cumbia del coraz\u00f3n.<\/h4>\n<p>Yo quiero bailar contigo, mi amor<br \/>\nHasta que el sol haya salido<br \/>\nHasta que todos se hayan ido<br \/>\nY solo estemos t\u00fa y yo<\/p>\n<p>Y quiero bailar contigo, mi amor<br \/>\nPorque la cumbia es misteriosa<br \/>\nLe da poder al que la toca<br \/>\nLe pone trampas al amor<\/p>\n<p>Y acerca tu cuerpo al m\u00edo y dame un beso de esos traviesos<br \/>\nQue pare el tiempo en este momento que es de los dos<br \/>\nY deja aferrarme suave de tu cintura<br \/>\n\u00bfQu\u00e9 tal si hacemos una locura y amanecemos en el cumbi\u00f3n?<\/p>\n<h4>Cumbia s\u00ed, para ti, cumbia para los dos<br \/>\nCumbia s\u00ed, para ti, cumbia del coraz\u00f3n<\/h4>\n<p>Y quiero bailar contigo, mi amor<br \/>\nQue toquen \u00c1ngeles Azules<br \/>\nY que la espuma sube y sube<br \/>\nCon la cumbia del coraz\u00f3n<\/p>\n<p>Y acerca tu cuerpo al m\u00edo y dame un beso de esos traviesos<br \/>\nQue pare el tiempo en este momento que es de los dos<br \/>\nY deja aferrarme suave de tu cintura<br \/>\n\u00bfQu\u00e9 tal si hacemos una locura y amanecemos en el cumbi\u00f3n?<\/p>\n<h4>Cumbia s\u00ed, para ti, cumbia para los dos<br \/>\nCumbia s\u00ed, para ti, cumbia del coraz\u00f3n<\/h4>\n<p>Los \u00c1ngeles Azules estrenan junto a Carlos Vives, Cumbia del coraz\u00f3n y ya forma parte de nuestra programaci\u00f3n, la cual desde hace a\u00f1os, la disfrut\u00e1s 100 % con im\u00e1genes. Acordate, pod\u00e9s mirarnos desde tu compu, tablet, notebook o Smart TV con s\u00f3lo <a href=\"https:\/\/www.masfm.com\/smart\" target=\"_blank\" rel=\"noopener noreferrer\">entrar ac\u00e1<\/a>.<\/p>\n<p>Si prefer\u00eds que la experiencia sea por medio de tu celular, bajate la App gratuitamente\u00a0<a href=\"https:\/\/masfm.pryx.com.ar\/install\/\" target=\"_blank\" rel=\"noopener noreferrer\">desde ac\u00e1<\/a>\u00a0y miranos desde cualquier parte del mundo, a la hora que quieras! Estamos las 24 horas con la mejor m\u00fasica y sus clips.<\/p>\n<h4>Registrate!<\/h4>\n<div class=\"widget_wysija_cont shortcode_wysija\"><div id=\"msg-form-wysija-shortcode69f2d519c2121-1\" class=\"wysija-msg ajax\"><\/div><form id=\"form-wysija-shortcode69f2d519c2121-1\" method=\"post\" action=\"#wysija\" class=\"widget_wysija shortcode_wysija\">\n<p class=\"wysija-paragraph\">\n    \n    \n    \t<input type=\"text\" name=\"wysija[user][firstname]\" class=\"wysija-input validate[required]\" title=\"Tu nombre\" placeholder=\"Tu nombre\" value=\"\" \/>\n    \n    \n    \n    <span class=\"abs-req\">\n        <input type=\"text\" name=\"wysija[user][abs][firstname]\" class=\"wysija-input validated[abs][firstname]\" value=\"\" \/>\n    <\/span>\n    \n<\/p>\n<p class=\"wysija-paragraph\">\n    \n    \n    \t<input type=\"text\" name=\"wysija[user][email]\" class=\"wysija-input validate[required,custom[email]]\" title=\"Tu correo\" placeholder=\"Tu correo\" value=\"\" \/>\n    \n    \n    \n    <span class=\"abs-req\">\n        <input type=\"text\" name=\"wysija[user][abs][email]\" class=\"wysija-input validated[abs][email]\" value=\"\" \/>\n    <\/span>\n    \n<\/p>\n\n<input class=\"wysija-submit wysija-submit-field\" type=\"submit\" value=\"Sumate!\" \/>\n\n    <input type=\"hidden\" name=\"form_id\" value=\"1\" \/>\n    <input type=\"hidden\" name=\"action\" value=\"save\" \/>\n    <input type=\"hidden\" name=\"controller\" value=\"subscribers\" \/>\n    <input type=\"hidden\" value=\"1\" name=\"wysija-page\" \/>\n\n    \n        <input type=\"hidden\" name=\"wysija[user_list][list_ids]\" value=\"1\" \/>\n    \n <\/form><\/div>\n<p><img loading=\"lazy\" decoding=\"async\" class=\"alignnone wp-image-15774 size-full\" title=\"CUMBIA-DEL-CORAZON-carlos-vives-los-angeles-azules-mas-fm-95.9-online-santa-fe\" src=\"https:\/\/www.masfm.com\/emisora\/wp-content\/uploads\/2022\/08\/noticias-CUMBIA-DEL-CORAZON-carlos-vives-los-angeles-azules-mas-fm-95.9-online-santa-fe-2.jpg\" alt=\"CUMBIA-DEL-CORAZON-carlos-vives-los-angeles-azules-mas-fm-95.9-online-santa-fe\" width=\"690\" height=\"330\" srcset=\"https:\/\/masfm.com\/emisora\/wp-content\/uploads\/2022\/08\/noticias-CUMBIA-DEL-CORAZON-carlos-vives-los-angeles-azules-mas-fm-95.9-online-santa-fe-2.jpg 690w, https:\/\/masfm.com\/emisora\/wp-content\/uploads\/2022\/08\/noticias-CUMBIA-DEL-CORAZON-carlos-vives-los-angeles-azules-mas-fm-95.9-online-santa-fe-2-345x165.jpg 345w, https:\/\/masfm.com\/emisora\/wp-content\/uploads\/2022\/08\/noticias-CUMBIA-DEL-CORAZON-carlos-vives-los-angeles-azules-mas-fm-95.9-online-santa-fe-2-600x287.jpg 600w\" sizes=\"auto, (max-width: 690px) 100vw, 690px\" \/><\/p>\n","protected":false},"excerpt":{"rendered":"<p>Tiene un sello personal que lo hace distinto y justamente eso es lo que buscaron Los \u00c1ngeles Azules junto a Carlos Vives al grabar &#8220;Cumbia del Coraz\u00f3n&#8221;, uno de los temas que formar\u00e1n parte del pr\u00f3ximo disco de los mexicanos. Luego de presentar Otra noche con Nicki Nicole y Esa parte de m\u00ed con la&hellip;<\/p>\n","protected":false},"author":4,"featured_media":15773,"comment_status":"closed","ping_status":"open","sticky":false,"template":"","format":"video","meta":{"footnotes":""},"categories":[2],"tags":[236,48,47,274,46,13,14,51,24,23],"class_list":["post-15768","post","type-post","status-publish","format-video","has-post-thumbnail","hentry","category-noticias","tag-carlos-vives","tag-esporaca","tag-laradioqueseve","tag-los-angeles-azules","tag-masfm959","tag-musica","tag-noticias","tag-nuevo","tag-videos","tag-video","post_format-post-format-video"],"amp_enabled":true,"_links":{"self":[{"href":"https:\/\/masfm.com\/emisora\/wp-json\/wp\/v2\/posts\/15768","targetHints":{"allow":["GET"]}}],"collection":[{"href":"https:\/\/masfm.com\/emisora\/wp-json\/wp\/v2\/posts"}],"about":[{"href":"https:\/\/masfm.com\/emisora\/wp-json\/wp\/v2\/types\/post"}],"author":[{"embeddable":true,"href":"https:\/\/masfm.com\/emisora\/wp-json\/wp\/v2\/users\/4"}],"replies":[{"embeddable":true,"href":"https:\/\/masfm.com\/emisora\/wp-json\/wp\/v2\/comments?post=15768"}],"version-history":[{"count":0,"href":"https:\/\/masfm.com\/emisora\/wp-json\/wp\/v2\/posts\/15768\/revisions"}],"wp:featuredmedia":[{"embeddable":true,"href":"https:\/\/masfm.com\/emisora\/wp-json\/wp\/v2\/media\/15773"}],"wp:attachment":[{"href":"https:\/\/masfm.com\/emisora\/wp-json\/wp\/v2\/media?parent=15768"}],"wp:term":[{"taxonomy":"category","embeddable":true,"href":"https:\/\/masfm.com\/emisora\/wp-json\/wp\/v2\/categories?post=15768"},{"taxonomy":"post_tag","embeddable":true,"href":"https:\/\/masfm.com\/emisora\/wp-json\/wp\/v2\/tags?post=15768"}],"curies":[{"name":"wp","href":"https:\/\/api.w.org\/{rel}","templated":true}]}}