{"id":16659,"date":"2022-10-30T20:38:29","date_gmt":"2022-10-30T23:38:29","guid":{"rendered":"https:\/\/masfm.com\/emisora\/?p=16659"},"modified":"2022-10-30T20:38:29","modified_gmt":"2022-10-30T23:38:29","slug":"reik-y-rusherking-unidos","status":"publish","type":"post","link":"https:\/\/masfm.com\/emisora\/reik-y-rusherking-unidos\/","title":{"rendered":"REIK Y RUSHERKING UNIDOS"},"content":{"rendered":"<p><a href=\"https:\/\/masfm.com\/emisora\/?s=reik\" target=\"_blank\" rel=\"noopener\">Reik<\/a> y <a href=\"https:\/\/masfm.com\/emisora\/?s=rusherking\" target=\"_blank\" rel=\"noopener\">Rusherking<\/a> unidos en un nuevo single llamado &#8220;A mi lado&#8221;.<\/p>\n<p>El sonido de Reik es reflejo de elegancia y vanguardia pop. La banda que este a\u00f1o nos regal\u00f3 los hits de temporada &#8220;Los tragos&#8221; y &#8220;5 estrellas&#8221; lanzan mundialmente &#8220;A mi lado&#8221;, una canci\u00f3n a la que se sum\u00f3 la estrella argentina Rusherking.<\/p>\n<h4>Cuenta Jes\u00fas Navarro al hablar sobre este nuevo single<\/h4>\n<blockquote><p>&#8220;Despu\u00e9s de unos a\u00f1os de hacer muchas colaboraciones en el mundo urbano, es lindo acercarnos otra vez a un sonido m\u00e1s pop. Sobre todo es emocionante volver acompa\u00f1ados de gente joven que est\u00e1 haciendo cosas nuevas, que tiene los o\u00eddos frescos y que al final, inevitablemente nos llevan a nosotros a otro lugar. Ha sido una linda experiencia el desarrollar la canci\u00f3n y el video que lo grabamos en la Ciudad de M\u00e9xico en una casa abandonada s\u00faper cool&#8221;.<\/p><\/blockquote>\n<p>Con apenas 22 a\u00f1os, Thomas Nicolas Tobar mejor conocido como Rusherking, se ha abierto paso en la escena argentina de hip hop &amp; freestyle que est\u00e1 conquistando al mundo.<\/p>\n<p>El lanzamiento se da en medio del &#8220;En Cambio Tour&#8221;, que los traer\u00e1 a Buenos Aires el pr\u00f3ximo 29 de Abril del 2023 al Movistar Arena. Hasta el momento la gira ha llevado al tr\u00edo mexicano en constantes presentaciones Sold out entre M\u00e9xico y EE.UU. Todo esto se da en el marco de la finalizaci\u00f3n de los detalles para lo que ser\u00e1 su pr\u00f3ximo \u00e1lbum.<\/p>\n<p>Reik y Rusherking unidos en este single que llega junto a\u00a0un video dirigido por Charlie Nelson, quien ha trabajado previamente con artistas de la talla de Myke Towers, Danna Paola, Maluma, Lele Pons, Anitta, Rauw Alejandro, Wisin y Mar\u00eda Becerra, entre otros.<\/p>\n<h4>Letra de A mi lado:<\/h4>\n<p>\u00bfY c\u00f3mo has estado?<br \/>\nTanto time tanto work<br \/>\nQue ni nos hablamos<br \/>\nQuiero que t\u00fa sepas<br \/>\nQue a\u00fan no puedo olvidarme de vos<br \/>\nHasta he comprado un pasaje de avi\u00f3n<br \/>\nPara irnos lejos de esta situaci\u00f3n<\/p>\n<h4>Quisiera que te quedes a mi lado<br \/>\n(Oh-uh, oh-uh)<br \/>\nSintus besos estoy apagado<br \/>\n(Oh-uh, oh-uh)<br \/>\nNunca sabr\u00e1s lo que se siente<br \/>\nSi te lastim\u00e9 yo lo siento<br \/>\nTe entiendo si no quieres verme<br \/>\n(Yeh-eh-eh)<\/h4>\n<p>Entiendo que no quieres verme<br \/>\nPero el amor nunca se elige y lo nuestro es de verdad<br \/>\nLo que sentimos los dos es algo que no vuelve a pasar<br \/>\nY dime si a\u00fan me extra\u00f1as<br \/>\nYo pens\u00e1ndote mientras el vidrio se empa\u00f1a<br \/>\nTus recuerdos me da\u00f1an<\/p>\n<p>Quiero que termine esta locura autom\u00e1tica<br \/>\nDivertida tambi\u00e9n dram\u00e1tica<br \/>\nTen\u00edamos la qu\u00edmica<br \/>\nY ahora te noto tan poco simp\u00e1tica<br \/>\nSolo somos un tema sin tem\u00e1tica<br \/>\nLa media naranja sin la otra mitad<br \/>\nVuelve, por favor, a m\u00ed<br \/>\nQu\u00e9date aqu\u00ed<\/p>\n<h4>Quisiera que te quedes a mi lado<br \/>\n(Oh-uh, oh-uh)<br \/>\nSin tus besos estoy apagado<br \/>\n(Oh-uh, oh-uh)<br \/>\nNunca sabr\u00e1s lo que se siente<br \/>\nSi te lastim\u00e9 yo lo siento<br \/>\nTe entiendo si no quieres verme<br \/>\n(Yeh-eh-eh)<\/h4>\n<p>Me tiraste del cielo sin paraca\u00eddas<br \/>\nMe llevaste de viaje, pero solo de ida<br \/>\nY ahora pa&#8217; volver no consigo pasaje<br \/>\nMiro por la ventana, qu\u00e9 feo paisaje<br \/>\nY es que si t\u00fa no est\u00e1s qu\u00e9 hago<br \/>\nQuisiera convertirme en mago<br \/>\nPa&#8217; esta noche hacerte aparecer<br \/>\nPa&#8217; que t\u00fa me vuelvas a querer<br \/>\nQu\u00e9 locura autom\u00e1tica<br \/>\nDivertida tambi\u00e9n dram\u00e1tica<br \/>\nTen\u00edamos la qu\u00edmica<br \/>\nY ahora te noto tan poco simp\u00e1tica<br \/>\nSolo somos un tema sin tem\u00e1tica<br \/>\nUna media naranja sin la otra mitad<br \/>\nVuelve, por favor, a m\u00ed<br \/>\nQu\u00e9date aqu\u00ed<\/p>\n<h4>Quisiera que te quedes a mi lado<br \/>\n(Oh-uh, oh-uh)<br \/>\nSin tus besos estoy apagado<br \/>\n(Oh-uh, oh-uh)<br \/>\nNunca sabr\u00e1s lo que se siente<br \/>\nSi te lastim\u00e9 yo lo siento<br \/>\nTe entiendo sino quieres verme<br \/>\n(Yeh-eh-eh)<\/h4>\n<p>Reik y Rusherking unidos en &#8220;A mi lado&#8221; que ya forma parte de nuestra programaci\u00f3n, la cual desde hace a\u00f1os, la disfrut\u00e1s 100 % con im\u00e1genes. Acordate, pod\u00e9s mirarnos desde tu compu, tablet, notebook o Smart TV con s\u00f3lo <a href=\"https:\/\/www.masfm.com\/smart\" target=\"_blank\" rel=\"noopener noreferrer\">entrar ac\u00e1<\/a>.<\/p>\n<p>Si prefer\u00eds que la experiencia sea por medio de tu celular, bajate la App gratuitamente\u00a0<a href=\"https:\/\/masfm.pryx.com.ar\/install\/\" target=\"_blank\" rel=\"noopener noreferrer\">desde ac\u00e1<\/a>\u00a0y miranos desde cualquier parte del mundo, a la hora que quieras! Estamos las 24 horas con la mejor m\u00fasica y sus clips.<\/p>\n<h4>Registrate!<\/h4>\n<div class=\"widget_wysija_cont shortcode_wysija\"><div id=\"msg-form-wysija-shortcode69f23527be935-1\" class=\"wysija-msg ajax\"><\/div><form id=\"form-wysija-shortcode69f23527be935-1\" method=\"post\" action=\"#wysija\" class=\"widget_wysija shortcode_wysija\">\n<p class=\"wysija-paragraph\">\n    \n    \n    \t<input type=\"text\" name=\"wysija[user][firstname]\" class=\"wysija-input validate[required]\" title=\"Tu nombre\" placeholder=\"Tu nombre\" value=\"\" \/>\n    \n    \n    \n    <span class=\"abs-req\">\n        <input type=\"text\" name=\"wysija[user][abs][firstname]\" class=\"wysija-input validated[abs][firstname]\" value=\"\" \/>\n    <\/span>\n    \n<\/p>\n<p class=\"wysija-paragraph\">\n    \n    \n    \t<input type=\"text\" name=\"wysija[user][email]\" class=\"wysija-input validate[required,custom[email]]\" title=\"Tu correo\" placeholder=\"Tu correo\" value=\"\" \/>\n    \n    \n    \n    <span class=\"abs-req\">\n        <input type=\"text\" name=\"wysija[user][abs][email]\" class=\"wysija-input validated[abs][email]\" value=\"\" \/>\n    <\/span>\n    \n<\/p>\n\n<input class=\"wysija-submit wysija-submit-field\" type=\"submit\" value=\"Sumate!\" \/>\n\n    <input type=\"hidden\" name=\"form_id\" value=\"1\" \/>\n    <input type=\"hidden\" name=\"action\" value=\"save\" \/>\n    <input type=\"hidden\" name=\"controller\" value=\"subscribers\" \/>\n    <input type=\"hidden\" value=\"1\" name=\"wysija-page\" \/>\n\n    \n        <input type=\"hidden\" name=\"wysija[user_list][list_ids]\" value=\"1\" \/>\n    \n <\/form><\/div>\n<p><img loading=\"lazy\" decoding=\"async\" class=\"alignnone size-full wp-image-16664\" src=\"https:\/\/masfm.com\/emisora\/wp-content\/uploads\/2022\/10\/noticias-REIK-Y-RUSHERKING-UNIDOS-mas-fm-95.9-online-santa-fe-2.jpg\" alt=\"noticias-REIK-Y-RUSHERKING-UNIDOS-mas-fm-95.9-online-santa-fe\" width=\"690\" height=\"330\" title=\"\" srcset=\"https:\/\/masfm.com\/emisora\/wp-content\/uploads\/2022\/10\/noticias-REIK-Y-RUSHERKING-UNIDOS-mas-fm-95.9-online-santa-fe-2.jpg 690w, https:\/\/masfm.com\/emisora\/wp-content\/uploads\/2022\/10\/noticias-REIK-Y-RUSHERKING-UNIDOS-mas-fm-95.9-online-santa-fe-2-345x165.jpg 345w, https:\/\/masfm.com\/emisora\/wp-content\/uploads\/2022\/10\/noticias-REIK-Y-RUSHERKING-UNIDOS-mas-fm-95.9-online-santa-fe-2-600x287.jpg 600w, https:\/\/masfm.com\/emisora\/wp-content\/uploads\/2022\/10\/noticias-REIK-Y-RUSHERKING-UNIDOS-mas-fm-95.9-online-santa-fe-2-560x268.jpg 560w\" sizes=\"auto, (max-width: 690px) 100vw, 690px\" \/><\/p>\n","protected":false},"excerpt":{"rendered":"<p>Reik y Rusherking unidos en un nuevo single llamado &#8220;A mi lado&#8221;. El sonido de Reik es reflejo de elegancia y vanguardia pop. La banda que este a\u00f1o nos regal\u00f3 los hits de temporada &#8220;Los tragos&#8221; y &#8220;5 estrellas&#8221; lanzan mundialmente &#8220;A mi lado&#8221;, una canci\u00f3n a la que se sum\u00f3 la estrella argentina Rusherking.&hellip;<\/p>\n","protected":false},"author":4,"featured_media":16663,"comment_status":"closed","ping_status":"open","sticky":false,"template":"","format":"video","meta":{"footnotes":""},"categories":[2],"tags":[48,47,46,13,14,51,98,446,23],"class_list":["post-16659","post","type-post","status-publish","format-video","has-post-thumbnail","hentry","category-noticias","tag-esporaca","tag-laradioqueseve","tag-masfm959","tag-musica","tag-noticias","tag-nuevo","tag-reik","tag-rusherking","tag-video","post_format-post-format-video"],"amp_enabled":true,"_links":{"self":[{"href":"https:\/\/masfm.com\/emisora\/wp-json\/wp\/v2\/posts\/16659","targetHints":{"allow":["GET"]}}],"collection":[{"href":"https:\/\/masfm.com\/emisora\/wp-json\/wp\/v2\/posts"}],"about":[{"href":"https:\/\/masfm.com\/emisora\/wp-json\/wp\/v2\/types\/post"}],"author":[{"embeddable":true,"href":"https:\/\/masfm.com\/emisora\/wp-json\/wp\/v2\/users\/4"}],"replies":[{"embeddable":true,"href":"https:\/\/masfm.com\/emisora\/wp-json\/wp\/v2\/comments?post=16659"}],"version-history":[{"count":0,"href":"https:\/\/masfm.com\/emisora\/wp-json\/wp\/v2\/posts\/16659\/revisions"}],"wp:featuredmedia":[{"embeddable":true,"href":"https:\/\/masfm.com\/emisora\/wp-json\/wp\/v2\/media\/16663"}],"wp:attachment":[{"href":"https:\/\/masfm.com\/emisora\/wp-json\/wp\/v2\/media?parent=16659"}],"wp:term":[{"taxonomy":"category","embeddable":true,"href":"https:\/\/masfm.com\/emisora\/wp-json\/wp\/v2\/categories?post=16659"},{"taxonomy":"post_tag","embeddable":true,"href":"https:\/\/masfm.com\/emisora\/wp-json\/wp\/v2\/tags?post=16659"}],"curies":[{"name":"wp","href":"https:\/\/api.w.org\/{rel}","templated":true}]}}