{"id":17048,"date":"2022-12-13T18:23:08","date_gmt":"2022-12-13T21:23:08","guid":{"rendered":"https:\/\/masfm.com\/emisora\/?p=17048"},"modified":"2025-07-19T16:38:32","modified_gmt":"2025-07-19T19:38:32","slug":"la-nena-de-argentina-maria-becerra-album-videoclip-estreno","status":"publish","type":"post","link":"https:\/\/masfm.com\/emisora\/la-nena-de-argentina-maria-becerra-album-videoclip-estreno\/","title":{"rendered":"MAR\u00cdA BECERRA: LA NENA DE ARGENTINA"},"content":{"rendered":"\n<figure class=\"wp-block-image\"><img loading=\"lazy\" decoding=\"async\" width=\"690\" height=\"330\" src=\"https:\/\/masfm.com\/emisora\/wp-content\/uploads\/2022\/12\/noticias-LA-NENA-DE-ARGENTINA-Maria-Becerra-mas-fm-95.9-online-santa-fe-2-690x330.jpg\" alt=\"noticias-LA-NENA-DE-ARGENTINA-Maria-Becerra-mas-fm-95.9-online-santa-fe\" class=\"wp-image-17065\" title=\"noticias-LA-NENA-DE-ARGENTINA-Maria-Becerra-mas-fm-95.9-online-santa-fe\" srcset=\"https:\/\/masfm.com\/emisora\/wp-content\/uploads\/2022\/12\/noticias-LA-NENA-DE-ARGENTINA-Maria-Becerra-mas-fm-95.9-online-santa-fe-2.jpg 690w, https:\/\/masfm.com\/emisora\/wp-content\/uploads\/2022\/12\/noticias-LA-NENA-DE-ARGENTINA-Maria-Becerra-mas-fm-95.9-online-santa-fe-2-345x165.jpg 345w, https:\/\/masfm.com\/emisora\/wp-content\/uploads\/2022\/12\/noticias-LA-NENA-DE-ARGENTINA-Maria-Becerra-mas-fm-95.9-online-santa-fe-2-600x287.jpg 600w\" sizes=\"auto, (max-width: 690px) 100vw, 690px\" \/><\/figure>\n\n\n\n<p><a href=\"https:\/\/masfm.com\/emisora\/?s=maria+becerra\" target=\"_blank\" rel=\"noopener\">Mar\u00eda Becerra<\/a> cierra el a\u00f1o con la publicaci\u00f3n de su segundo disco titulado &#8220;La Nena de Argentina&#8221;.<\/p>\n\n\n\n<p>El disco recorre a trav\u00e9s de doce canciones los g\u00e9neros musicales de bachata, cumbia, pop, reggaet\u00f3n, trap y balada ac\u00fastica.<\/p>\n\n\n\n<p>El \u00e1lbum ya est\u00e1 disponible en plataformas digitales de m\u00fasica e incluye los singles ya lanzados anteriormente Ojal\u00e1 y Autom\u00e1tico, adem\u00e1s de un bonus track.<\/p>\n\n\n\n<h2 class=\"wp-block-heading\">La estrella pop expres\u00f3:<\/h2>\n\n\n\n<blockquote class=\"wp-block-quote is-layout-flow wp-block-quote-is-layout-flow\">\n<p>&#8220;En las canciones de este nuevo trabajo quedan expuestas dos facetas: el lado m\u00e1s salvaje, de tensi\u00f3n sexual y de seducci\u00f3n, y el lado sensible, emocional y dram\u00e1tico.&#8221;<\/p>\n<\/blockquote>\n\n\n\n<p>El disco tuvo como productores a Nico Cotton y Xross, con quienes Becerra se reuni\u00f3 en una quinta en Luj\u00e1n en la que pasaron 10 d\u00edas componiendo y de donde surgieron la mayor\u00eda de los temas. Por otra parte, el tema Ojal\u00e1 fue producido por Big One.<\/p>\n\n\n\n<h3 class=\"wp-block-heading\">En relaci\u00f3n con que el disco no incluye participaciones con otros artistas consider\u00f3:<\/h3>\n\n\n\n<blockquote class=\"wp-block-quote is-layout-flow wp-block-quote-is-layout-flow\">\n<p>&#8220;En un mundo lleno de colaboraciones, es arriesgado sacar un \u00e1lbum completamente solista pero como es tan personal, sent\u00ed que deb\u00eda ser una historia que cuente yo sola.&#8221;<\/p>\n<\/blockquote>\n\n\n\n<p>Este lanzamiento vino acompa\u00f1ado por el videoclip oficial del corte La Nena de Argentina.<\/p>\n\n\n\n<h4 class=\"wp-block-heading\">Letra de La nena de Argentina:<\/h4>\n\n\n\n<h4 class=\"wp-block-heading\">Cuando yo llego, todos mudos como en la biblioteca<br>\nconmigo, cualquiera de esos santos peca<br>\nse hacen los piolas y no levantan ni sospecha<br>\nla lengua larga, pero muy corta la mecha<\/h4>\n\n\n\n<p>Se fue internacional, La Nena de Argentina<br>\nme escuchan y se les sube la bilirrubina<br>\nsonando en la disco, en el barrio, en la oficina<br>\ny, en cada coche, retumbando la bocina<\/p>\n\n\n\n<p>Papito me dijo: paltr\u00e1tame, p\u00e1rteme<br>\ny, si m\u0435 lo pide, se lo voy a dar<br>\ncon es\u0435 flow, at\u00e1came, des\u00e1cate<br>\na esas nalgotas las voy a hacer trabajar<\/p>\n\n\n\n<p>No hay nadie que me tumbe<br>\nen esta casa, no hay peligro de derrumbe, ey<br>\nlo que ellos digan no me incumbe<br>\nyo estoy haciendo palos como de costumbre<\/p>\n\n\n\n<h4 class=\"wp-block-heading\">Cuando yo llego, todos mudos como en la biblioteca<br>\nconmigo, cualquiera de esos santos peca<br>\nse hacen los piolas y no levantan ni sospecha<br>\nla lengua larga, pero muy corta la mecha<\/h4>\n\n\n\n<p>Si sueno yo, se activan<br>\nlas caderas poni\u00e9ndose agresivas<br>\nel perreo te deja en terapia intensiva<br>\nlos pongo loco y no soy sativa, yeah yeah<\/p>\n\n\n\n<p>Bien duro, descolocando la espalda<br>\ntanto culos que se les sube la falda<br>\nsueno yo y empiezan a mover las nalgas<br>\nsaben bien que, de esta nena, no se salvan<\/p>\n\n\n\n<h4 class=\"wp-block-heading\">Cuando yo llego, todos mudos como en la biblioteca<br>\nconmigo, cualquiera de esos santos peca<br>\nse hacen los piolas y no levantan ni sospecha<br>\nla lengua larga, pero muy corta la mecha<\/h4>\n\n\n\n<p>Se fue internacional, La Nena de Argentina<br>\nme escuchan y se les sube la bilirrubina<br>\nsonando en la disco, en el barrio, en la oficina<br>\ny, en cada coche, retumbando la bocina<\/p>\n\n\n\n<p>Esto es pa que lo gocen, rocen<br>\nsubiendo el calor, \u00b4tamos sacudiendo el pelo<br>\npa\u00b4 que lo reboten, choquen<br>\naqu\u00ed no hay pudor, estas gatas est\u00e1n en celo<\/p>\n\n\n\n<p>Hasta abajo en toas las poses<br>\ntantas pose\u00b4 que parecemo\u00b4 modelos<br>\nac\u00e1 todos se desconocen<br>\nentra, que el sudor \u00b4ta chorreando por el suelo<\/p>\n\n\n\n<h2 class=\"wp-block-heading\" id=\"ya-lo-sumamos\">\u00a1Ya lo sumamos!<\/h2>\n\n\n\n<p>Los mejores videos de Mar\u00eda Becerra ya forman parte de nuestra programaci\u00f3n, la cual desde hace M\u00e1s de dos d\u00e9cadas, la disfrut\u00e1s 100 % con im\u00e1genes.<\/p>\n\n\n\n<p>Acordate, pod\u00e9s mirarnos desde tu compu, tablet, notebook o Smart TV con s\u00f3lo&nbsp;<a href=\"https:\/\/masfm.com\/emisora\/#section-custom-content-2\" target=\"_blank\" rel=\"noreferrer noopener\">entrar ac\u00e1<\/a>.<\/p>\n\n\n\n<p>Si prefer\u00eds que la experiencia sea por medio de tu celular, bajate la App gratuitamente&nbsp;<a href=\"https:\/\/masfm.pryx.com.ar\/install\/\" target=\"_blank\" rel=\"noreferrer noopener\">desde ac\u00e1<\/a>&nbsp;y miranos desde cualquier parte del mundo, a la hora que quieras!<\/p>\n\n\n\n<p>Estamos las 24 horas con la mejor m\u00fasica y sus clips.<\/p>\n\n\n\n<h2 class=\"wp-block-heading\" id=\"registrate-a-mas-fm-95-9\">\u00a1Registrate a M\u00e1s FM 95 9!<\/h2>\n\n\n  \n  \n  <div class=\"\n    mailpoet_form_popup_overlay\n      \"><\/div>\n  <div\n    id=\"mailpoet_form_3\"\n    class=\"\n      mailpoet_form\n      mailpoet_form_html\n      mailpoet_form_position_\n      mailpoet_form_animation_\n    \"\n      >\n\n    <style type=\"text\/css\">\n     #mailpoet_form_3 .mailpoet_form {  }\n#mailpoet_form_3 .mailpoet_column_with_background { padding: 10px; }\n#mailpoet_form_3 .mailpoet_form_column:not(:first-child) { margin-left: 20px; }\n#mailpoet_form_3 .mailpoet_paragraph { line-height: 20px; margin-bottom: 20px; }\n#mailpoet_form_3 .mailpoet_segment_label, #mailpoet_form_3 .mailpoet_text_label, #mailpoet_form_3 .mailpoet_textarea_label, #mailpoet_form_3 .mailpoet_select_label, #mailpoet_form_3 .mailpoet_radio_label, #mailpoet_form_3 .mailpoet_checkbox_label, #mailpoet_form_3 .mailpoet_list_label, #mailpoet_form_3 .mailpoet_date_label { display: block; font-weight: normal; }\n#mailpoet_form_3 .mailpoet_text, #mailpoet_form_3 .mailpoet_textarea, #mailpoet_form_3 .mailpoet_select, #mailpoet_form_3 .mailpoet_date_month, #mailpoet_form_3 .mailpoet_date_day, #mailpoet_form_3 .mailpoet_date_year, #mailpoet_form_3 .mailpoet_date { display: block; }\n#mailpoet_form_3 .mailpoet_text, #mailpoet_form_3 .mailpoet_textarea { width: 200px; }\n#mailpoet_form_3 .mailpoet_checkbox {  }\n#mailpoet_form_3 .mailpoet_submit {  }\n#mailpoet_form_3 .mailpoet_divider {  }\n#mailpoet_form_3 .mailpoet_message {  }\n#mailpoet_form_3 .mailpoet_form_loading { width: 30px; text-align: center; line-height: normal; }\n#mailpoet_form_3 .mailpoet_form_loading > span { width: 5px; height: 5px; background-color: #5b5b5b; }#mailpoet_form_3{border-radius: 0px;text-align: left;}#mailpoet_form_3 form.mailpoet_form {padding: 20px;}#mailpoet_form_3{width: 100%;}#mailpoet_form_3 .mailpoet_message {margin: 0; padding: 0 20px;}#mailpoet_form_3 .mailpoet_paragraph.last {margin-bottom: 0} @media (max-width: 500px) {#mailpoet_form_3 {background-image: none;}} @media (min-width: 500px) {#mailpoet_form_3 .last .mailpoet_paragraph:last-child {margin-bottom: 0}}  @media (max-width: 500px) {#mailpoet_form_3 .mailpoet_form_column:last-child .mailpoet_paragraph:last-child {margin-bottom: 0}} \n    <\/style>\n\n    <form\n      target=\"_self\"\n      method=\"post\"\n      action=\"https:\/\/masfm.com\/emisora\/wp-admin\/admin-post.php?action=mailpoet_subscription_form\"\n      class=\"mailpoet_form mailpoet_form_form mailpoet_form_html\"\n      novalidate\n      data-delay=\"\"\n      data-exit-intent-enabled=\"\"\n      data-trigger-mode=\"\"\n      data-click-trigger-selector=\"\"\n      data-font-family=\"\"\n      data-cookie-expiration-time=\"\"\n    >\n      <input type=\"hidden\" name=\"data[form_id]\" value=\"3\" \/>\n      <input type=\"hidden\" name=\"token\" value=\"cfc138f969\" \/>\n      <input type=\"hidden\" name=\"api_version\" value=\"v1\" \/>\n      <input type=\"hidden\" name=\"endpoint\" value=\"subscribers\" \/>\n      <input type=\"hidden\" name=\"mailpoet_method\" value=\"subscribe\" \/>\n\n      <label class=\"mailpoet_hp_email_label\" style=\"display: none !important;\">Please leave this field empty<input type=\"email\" name=\"data[email]\"\/><\/label><div class='mailpoet_form_columns_container'><div class=\"mailpoet_form_columns mailpoet_paragraph mailpoet_stack_on_mobile\"><div class=\"mailpoet_form_column\"><div class=\"mailpoet_paragraph \"><input type=\"text\" autocomplete=\"given-name\" class=\"mailpoet_text\" id=\"form_first_name_3\" name=\"data[form_field_Mjg5ZDFmYWM5ZDQ5X2ZpcnN0X25hbWU=]\" title=\"Nombre\" value=\"\" style=\"width:100%;box-sizing:border-box;padding:5px;margin: 0 auto 0 0;\" data-automation-id=\"form_first_name\"  placeholder=\"Nombre\" aria-label=\"Nombre\" data-parsley-errors-container=\".mailpoet_error_1m5j7\" data-parsley-names='[&quot;Please specify a valid name.&quot;,&quot;Addresses in names are not permitted, please add your name instead.&quot;]'\/><span class=\"mailpoet_error_1m5j7\"><\/span><\/div>\n<\/div>\n<div class=\"mailpoet_form_column\"><div class=\"mailpoet_paragraph \"><input type=\"email\" autocomplete=\"email\" class=\"mailpoet_text\" id=\"form_email_3\" name=\"data[form_field_OGY2ODJhNTQxZjUxX2VtYWls]\" title=\"TU MAIL:\" value=\"\" style=\"width:100%;box-sizing:border-box;padding:5px;margin: 0 auto 0 0;\" data-automation-id=\"form_email\"  placeholder=\"TU MAIL: *\" aria-label=\"TU MAIL: *\" data-parsley-errors-container=\".mailpoet_error_17elz\" data-parsley-required=\"true\" required aria-required=\"true\" data-parsley-minlength=\"6\" data-parsley-maxlength=\"150\" data-parsley-type-message=\"This value should be a valid email.\" data-parsley-required-message=\"This field is required.\"\/><span class=\"mailpoet_error_17elz\"><\/span><\/div>\n<\/div>\n<div class=\"mailpoet_form_column\"><div class=\"mailpoet_paragraph \"><input type=\"submit\" class=\"mailpoet_submit\" value=\"SUMATE YA!\" data-automation-id=\"subscribe-submit-button\" style=\"width:100%;box-sizing:border-box;padding:5px;margin: 0 auto 0 0;border-color:transparent;\" \/><span class=\"mailpoet_form_loading\"><span class=\"mailpoet_bounce1\"><\/span><span class=\"mailpoet_bounce2\"><\/span><span class=\"mailpoet_bounce3\"><\/span><\/span><\/div>\n<\/div>\n<\/div><\/div>\n<div class='mailpoet_form_columns_container'><div class=\"mailpoet_form_columns mailpoet_paragraph mailpoet_stack_on_mobile\"><div class=\"mailpoet_form_column\"><\/div>\n<div class=\"mailpoet_form_column\"><\/div>\n<\/div><\/div>\n\n      <div class=\"mailpoet_message\">\n        <p class=\"mailpoet_validate_success\"\n                style=\"display:none;\"\n                >Revisa tu bandeja de entrada o la carpeta de spam para confirmar tu suscripci\u00f3n.\n        <\/p>\n        <p class=\"mailpoet_validate_error\"\n                style=\"display:none;\"\n                >        <\/p>\n      <\/div>\n    <\/form>\n\n      <\/div>\n\n  \n\n\n<figure class=\"wp-block-image\"><img loading=\"lazy\" decoding=\"async\" width=\"690\" height=\"330\" src=\"https:\/\/masfm.com\/emisora\/wp-content\/uploads\/2022\/12\/noticias-LA-NENA-DE-ARGENTINA-Maria-Becerra-mas-fm-95.9-online-santa-fe-2-690x330.jpg\" alt=\"noticias-LA-NENA-DE-ARGENTINA-Maria-Becerra-mas-fm-95.9-online-santa-fe\" class=\"wp-image-17065\" title=\"noticias-LA-NENA-DE-ARGENTINA-Maria-Becerra-mas-fm-95.9-online-santa-fe\" srcset=\"https:\/\/masfm.com\/emisora\/wp-content\/uploads\/2022\/12\/noticias-LA-NENA-DE-ARGENTINA-Maria-Becerra-mas-fm-95.9-online-santa-fe-2.jpg 690w, https:\/\/masfm.com\/emisora\/wp-content\/uploads\/2022\/12\/noticias-LA-NENA-DE-ARGENTINA-Maria-Becerra-mas-fm-95.9-online-santa-fe-2-345x165.jpg 345w, https:\/\/masfm.com\/emisora\/wp-content\/uploads\/2022\/12\/noticias-LA-NENA-DE-ARGENTINA-Maria-Becerra-mas-fm-95.9-online-santa-fe-2-600x287.jpg 600w\" sizes=\"auto, (max-width: 690px) 100vw, 690px\" \/><\/figure>\n\n\n\n<p><\/p>\n","protected":false},"excerpt":{"rendered":"<p>Mar\u00eda Becerra cierra el a\u00f1o con la publicaci\u00f3n de su segundo disco titulado &#8220;La Nena de Argentina&#8221;. El disco recorre a trav\u00e9s de doce canciones los g\u00e9neros musicales de bachata, cumbia, pop, reggaet\u00f3n, trap y balada ac\u00fastica. El \u00e1lbum ya est\u00e1 disponible en plataformas digitales de m\u00fasica e incluye los singles ya lanzados anteriormente Ojal\u00e1&hellip;<\/p>\n","protected":false},"author":4,"featured_media":17064,"comment_status":"closed","ping_status":"open","sticky":false,"template":"","format":"video","meta":{"footnotes":""},"categories":[2],"tags":[407,48,11,47,424,46,13,14,51,24,23],"class_list":["post-17048","post","type-post","status-publish","format-video","has-post-thumbnail","hentry","category-noticias","tag-album","tag-esporaca","tag-interes-gral","tag-laradioqueseve","tag-maria-becerra","tag-masfm959","tag-musica","tag-noticias","tag-nuevo","tag-videos","tag-video","post_format-post-format-video"],"amp_enabled":true,"_links":{"self":[{"href":"https:\/\/masfm.com\/emisora\/wp-json\/wp\/v2\/posts\/17048","targetHints":{"allow":["GET"]}}],"collection":[{"href":"https:\/\/masfm.com\/emisora\/wp-json\/wp\/v2\/posts"}],"about":[{"href":"https:\/\/masfm.com\/emisora\/wp-json\/wp\/v2\/types\/post"}],"author":[{"embeddable":true,"href":"https:\/\/masfm.com\/emisora\/wp-json\/wp\/v2\/users\/4"}],"replies":[{"embeddable":true,"href":"https:\/\/masfm.com\/emisora\/wp-json\/wp\/v2\/comments?post=17048"}],"version-history":[{"count":0,"href":"https:\/\/masfm.com\/emisora\/wp-json\/wp\/v2\/posts\/17048\/revisions"}],"wp:featuredmedia":[{"embeddable":true,"href":"https:\/\/masfm.com\/emisora\/wp-json\/wp\/v2\/media\/17064"}],"wp:attachment":[{"href":"https:\/\/masfm.com\/emisora\/wp-json\/wp\/v2\/media?parent=17048"}],"wp:term":[{"taxonomy":"category","embeddable":true,"href":"https:\/\/masfm.com\/emisora\/wp-json\/wp\/v2\/categories?post=17048"},{"taxonomy":"post_tag","embeddable":true,"href":"https:\/\/masfm.com\/emisora\/wp-json\/wp\/v2\/tags?post=17048"}],"curies":[{"name":"wp","href":"https:\/\/api.w.org\/{rel}","templated":true}]}}