{"id":17050,"date":"2022-12-13T18:31:27","date_gmt":"2022-12-13T21:31:27","guid":{"rendered":"https:\/\/masfm.com\/emisora\/?p=17050"},"modified":"2022-12-13T18:31:27","modified_gmt":"2022-12-13T21:31:27","slug":"vamos-pa-la-playa-estreno-ruggero-videoclip-oscu-migrantes","status":"publish","type":"post","link":"https:\/\/masfm.com\/emisora\/vamos-pa-la-playa-estreno-ruggero-videoclip-oscu-migrantes\/","title":{"rendered":"VAMOS PA LA PLAYA"},"content":{"rendered":"<p><a href=\"http:\/\/Ruggero\" target=\"_blank\" rel=\"noopener\">Ruggero<\/a> presenta &#8220;Vamos pa la Playa&#8221;, una canci\u00f3n que tiene todo para convertirse en el single del verano y en la que el cantante se une a <a href=\"https:\/\/masfm.com\/emisora\/?s=Oscu\" target=\"_blank\" rel=\"noopener\">Oscu<\/a> &amp; Migrantes.<\/p>\n<p>Luego del \u00e9xito de su disco Volver a Cero, Ruggero da un nuevo paso con este single de sonido pop y reminiscencias de la m\u00fasica disco.<\/p>\n<p>Fresco, descontracturado y aventurero, Ruggero se une en colaboraci\u00f3n con Oscu y la producci\u00f3n de Nico Valdi, quienes suman el sello clave para crear una canci\u00f3n ideal para el after y los boliches.<\/p>\n<p>Las letras y su capacidad para escribirle al amor siempre destacaron al artista. Vamos pa la playa narra un encuentro veraniego, de esos que tan bien hacen.<\/p>\n<h4>Explic\u00f3 Ruggero:<\/h4>\n<blockquote><p>&#8220;La canci\u00f3n naci\u00f3 por el estribillo que me lo present\u00f3 Facu Garc\u00eda en una fiesta y al tiempo nos juntamos a terminarla. Luego de juntarnos en el estudio con Nico Valdi se nos ocurri\u00f3 invitar a Oscu, a quien le encant\u00f3 la vibra feliz del tema, y no dud\u00f3 en sumarse. Esta felicidad se vio impactada en el video de la canci\u00f3n. Fue un hermoso d\u00eda de rodaje en la costa argentina, donde nos divertimos mucho bajo la direcci\u00f3n de Whaire. El clip es minimalista, para que la vibra positiva de la canci\u00f3n se transmita en las im\u00e1genes del video&#8221;.<\/p><\/blockquote>\n<h4>Letra de Vamos pa la playa:<\/h4>\n<p>Te encontr\u00e9<br \/>\nAl toque conectamos con esa canci\u00f3n<br \/>\nMe acerqu\u00e9<br \/>\nPedimos otro trago y termin\u00f3 en amor<\/p>\n<p>Vamo\u2019 pa\u2019 la playa, ah, ah<br \/>\nTe pido, porfa, no te vayas<br \/>\nQue le hace al tigre otra raya, ah, ah<br \/>\nSi cometimos un erro lo culpamos al sol<br \/>\nVamo\u2019 pa\u2019 la playa, ah, ah<br \/>\nTe pido, porfa, no te vayas<br \/>\nQue le hace al tigre otra raya, ah, ah<br \/>\nSi cometimos un erro lo culpamos al sol<\/p>\n<p>Se pone cerquita, baila y me modela<br \/>\nQuiero darte besos, despu\u00e9s de la cena<br \/>\nSi tu quieres eso, pues lo hacemos nena<br \/>\nCaminemos juntos despu\u00e9s de una noche loca<\/p>\n<p>Nos acostamos en la arena<br \/>\nMe deja\u2019 marca de tu boca<br \/>\nMientras detr\u00e1s las olas suenan<\/p>\n<h4>Vamo\u2019 pa\u2019 la playa, ah, ah<br \/>\nTe pido, porfa, no te vayas<br \/>\nQue le hace al tigre otra raya, ah, ah<br \/>\nSi cometimos un erro lo culpamos al sol<\/h4>\n<p>Vamos pa\u2019 la playa aunque sea un rato<br \/>\nPosame en el mar que yo te retrato<br \/>\nDame el bronceador que te lo paso<br \/>\nQue lindo bikini yo te lo saco<\/p>\n<p>Culpamos a la noche<br \/>\nCulpamos a la playa<br \/>\nLo que pas\u00f3, pas\u00f3<br \/>\nSi tiene que pasar, volver\u00e1 a pasar<\/p>\n<p>Porque t\u00fa y yo<br \/>\nJuntos cerramos las heridas<br \/>\nQue una vez dej\u00f3 el amor<br \/>\nY ahora quiero un shot<\/p>\n<p>Y que sea una noche loca<br \/>\nNos acostamos en la arena<br \/>\nMe deja marca de tu boca<br \/>\nMientras atr\u00e1s las olas suenan<\/p>\n<h4>Vamo\u2019 pa\u2019 la playa, ah, ah<br \/>\nTe pido, porfa, no te vayas<br \/>\nQue le hace al tigre otra raya, ah, ah<br \/>\nSi cometimos un erro lo culpamos al sol<\/h4>\n<p>Vamos pa la playa ya forma parte de nuestra programaci\u00f3n, la cual desde hace a\u00f1os, la disfrut\u00e1s 100 % con im\u00e1genes. Acordate, pod\u00e9s mirarnos desde tu compu, tablet, notebook o Smart TV con s\u00f3lo <a href=\"https:\/\/www.masfm.com\/smart\" target=\"_blank\" rel=\"noopener noreferrer\">entrar ac\u00e1<\/a>.<\/p>\n<p>Si prefer\u00eds que la experiencia sea por medio de tu celular, bajate la App gratuitamente\u00a0<a href=\"https:\/\/masfm.pryx.com.ar\/install\/\" target=\"_blank\" rel=\"noopener noreferrer\">desde ac\u00e1<\/a>\u00a0y miranos desde cualquier parte del mundo, a la hora que quieras! Estamos las 24 horas con la mejor m\u00fasica y sus clips.<\/p>\n<h4>Registrate!<\/h4>\n<div class=\"widget_wysija_cont shortcode_wysija\"><div id=\"msg-form-wysija-shortcode69f1f11ef2586-1\" class=\"wysija-msg ajax\"><\/div><form id=\"form-wysija-shortcode69f1f11ef2586-1\" method=\"post\" action=\"#wysija\" class=\"widget_wysija shortcode_wysija\">\n<p class=\"wysija-paragraph\">\n    \n    \n    \t<input type=\"text\" name=\"wysija[user][firstname]\" class=\"wysija-input validate[required]\" title=\"Tu nombre\" placeholder=\"Tu nombre\" value=\"\" \/>\n    \n    \n    \n    <span class=\"abs-req\">\n        <input type=\"text\" name=\"wysija[user][abs][firstname]\" class=\"wysija-input validated[abs][firstname]\" value=\"\" \/>\n    <\/span>\n    \n<\/p>\n<p class=\"wysija-paragraph\">\n    \n    \n    \t<input type=\"text\" name=\"wysija[user][email]\" class=\"wysija-input validate[required,custom[email]]\" title=\"Tu correo\" placeholder=\"Tu correo\" value=\"\" \/>\n    \n    \n    \n    <span class=\"abs-req\">\n        <input type=\"text\" name=\"wysija[user][abs][email]\" class=\"wysija-input validated[abs][email]\" value=\"\" \/>\n    <\/span>\n    \n<\/p>\n\n<input class=\"wysija-submit wysija-submit-field\" type=\"submit\" value=\"Sumate!\" \/>\n\n    <input type=\"hidden\" name=\"form_id\" value=\"1\" \/>\n    <input type=\"hidden\" name=\"action\" value=\"save\" \/>\n    <input type=\"hidden\" name=\"controller\" value=\"subscribers\" \/>\n    <input type=\"hidden\" value=\"1\" name=\"wysija-page\" \/>\n\n    \n        <input type=\"hidden\" name=\"wysija[user_list][list_ids]\" value=\"1\" \/>\n    \n <\/form><\/div>\n<p><img loading=\"lazy\" decoding=\"async\" class=\"alignnone wp-image-17067 size-medium\" title=\"noticias-VAMOS-PA-LA-PLAYA-ruggero-mas-fm-95.9-online-santa-fe\" src=\"https:\/\/masfm.com\/emisora\/wp-content\/uploads\/2022\/12\/noticias-VAMOS-PA-LA-PLAYA-ruggero-mas-fm-95.9-online-santa-fe-2-690x330.jpg\" alt=\"noticias-VAMOS-PA-LA-PLAYA-ruggero-mas-fm-95.9-online-santa-fe\" width=\"690\" height=\"330\" srcset=\"https:\/\/masfm.com\/emisora\/wp-content\/uploads\/2022\/12\/noticias-VAMOS-PA-LA-PLAYA-ruggero-mas-fm-95.9-online-santa-fe-2.jpg 690w, https:\/\/masfm.com\/emisora\/wp-content\/uploads\/2022\/12\/noticias-VAMOS-PA-LA-PLAYA-ruggero-mas-fm-95.9-online-santa-fe-2-345x165.jpg 345w, https:\/\/masfm.com\/emisora\/wp-content\/uploads\/2022\/12\/noticias-VAMOS-PA-LA-PLAYA-ruggero-mas-fm-95.9-online-santa-fe-2-600x287.jpg 600w\" sizes=\"auto, (max-width: 690px) 100vw, 690px\" \/><\/p>\n","protected":false},"excerpt":{"rendered":"<p>Ruggero presenta &#8220;Vamos pa la Playa&#8221;, una canci\u00f3n que tiene todo para convertirse en el single del verano y en la que el cantante se une a Oscu &amp; Migrantes. Luego del \u00e9xito de su disco Volver a Cero, Ruggero da un nuevo paso con este single de sonido pop y reminiscencias de la m\u00fasica&hellip;<\/p>\n","protected":false},"author":4,"featured_media":17068,"comment_status":"closed","ping_status":"open","sticky":false,"template":"","format":"video","meta":{"footnotes":""},"categories":[2],"tags":[48,11,47,46,524,13,14,51,477,402,24,23],"class_list":["post-17050","post","type-post","status-publish","format-video","has-post-thumbnail","hentry","category-noticias","tag-esporaca","tag-interes-gral","tag-laradioqueseve","tag-masfm959","tag-migrantes","tag-musica","tag-noticias","tag-nuevo","tag-oscu","tag-ruggero","tag-videos","tag-video","post_format-post-format-video"],"amp_enabled":true,"_links":{"self":[{"href":"https:\/\/masfm.com\/emisora\/wp-json\/wp\/v2\/posts\/17050","targetHints":{"allow":["GET"]}}],"collection":[{"href":"https:\/\/masfm.com\/emisora\/wp-json\/wp\/v2\/posts"}],"about":[{"href":"https:\/\/masfm.com\/emisora\/wp-json\/wp\/v2\/types\/post"}],"author":[{"embeddable":true,"href":"https:\/\/masfm.com\/emisora\/wp-json\/wp\/v2\/users\/4"}],"replies":[{"embeddable":true,"href":"https:\/\/masfm.com\/emisora\/wp-json\/wp\/v2\/comments?post=17050"}],"version-history":[{"count":0,"href":"https:\/\/masfm.com\/emisora\/wp-json\/wp\/v2\/posts\/17050\/revisions"}],"wp:featuredmedia":[{"embeddable":true,"href":"https:\/\/masfm.com\/emisora\/wp-json\/wp\/v2\/media\/17068"}],"wp:attachment":[{"href":"https:\/\/masfm.com\/emisora\/wp-json\/wp\/v2\/media?parent=17050"}],"wp:term":[{"taxonomy":"category","embeddable":true,"href":"https:\/\/masfm.com\/emisora\/wp-json\/wp\/v2\/categories?post=17050"},{"taxonomy":"post_tag","embeddable":true,"href":"https:\/\/masfm.com\/emisora\/wp-json\/wp\/v2\/tags?post=17050"}],"curies":[{"name":"wp","href":"https:\/\/api.w.org\/{rel}","templated":true}]}}