{"id":17165,"date":"2023-01-05T19:29:28","date_gmt":"2023-01-05T22:29:28","guid":{"rendered":"https:\/\/masfm.com\/emisora\/?p=17165"},"modified":"2023-01-05T19:29:28","modified_gmt":"2023-01-05T22:29:28","slug":"3-estrellas-en-el-conjunto-bizarrap-duki-la-t-y-la-m","status":"publish","type":"post","link":"https:\/\/masfm.com\/emisora\/3-estrellas-en-el-conjunto-bizarrap-duki-la-t-y-la-m\/","title":{"rendered":"3 ESTRELLAS EN EL CONJUNTO"},"content":{"rendered":"<p>Los artistas argentinos <a href=\"https:\/\/masfm.com\/emisora\/?s=bizarrap\" target=\"_blank\" rel=\"noopener\">Bizarrap<\/a>, <a href=\"https:\/\/masfm.com\/emisora\/?s=Duki\" target=\"_blank\" rel=\"noopener\">Duki<\/a> y <a href=\"https:\/\/masfm.com\/emisora\/?s=La+T+y+La+M\" target=\"_blank\" rel=\"noopener\">La T y La M<\/a> sorprenden al homenajear a la Selecci\u00f3n Argentina en la canci\u00f3n &#8220;3 estrellas en el conjunto&#8221;.<\/p>\n<p>Una dedicatoria especial a los 26 jugadores del equipo la Scaloneta y a su cuerpo t\u00e9cnico, luego de ganar el Mundial de F\u00fatbol Qatar 2022, que nos dieron esta alegr\u00eda \u00fanica haciendo que este momento quede para la historia.<\/p>\n<p>Biza y Duki, dos de los artistas argentinos m\u00e1s escuchados a nivel global,\u00a0 juntos a la agrupaci\u00f3n de cumbia La T y La M; contin\u00faan con el clima de festejos y comparten esta melod\u00eda especial con barras y versos para cada uno de los futbolistas buscando un \u00fanico fin, que todos sigamos unidos cuando \u201cEl pueblo grita \u00a1Campeones del mundo!\u201d.<\/p>\n<p>Lo generado por esta canci\u00f3n ser\u00e1 destinado a la ayuda de Fundaci\u00f3n Si, Fundaci\u00f3n Pupi y Sur Solidario, que a trav\u00e9s de sus programas brindan alimentaci\u00f3n, vestimenta, educaci\u00f3n y todo lo referido a la formaci\u00f3n de los ni\u00f1os y ni\u00f1as de nuestro pa\u00eds.<\/p>\n<h4>Letra de 3 estrellas en el conjunto:<\/h4>\n<p>18\/12\/2022<br \/>\nfaltan cien minutos y ya no tengo voz<br \/>\nel cuerpo que no aguanta, quiere ser campe\u00f3n<br \/>\nle hablamos al cielo y nos la trajo Dios<\/p>\n<p>Dibu Mart\u00ednez con la 23 (la 23)<br \/>\nAcu\u00f1a por la banda y no lo ven (no lo ven)<br \/>\nCuti Romero con la 1-3 (la 1-3)<br \/>\nrecupera la bocha para el diez (para el diez)<\/p>\n<p>Como Tagliafico, tengo tres (Tengo tres)<br \/>\n22, 78, 86 (86)<br \/>\nel pase de Lionel para Nahuel (para Nahuel; Molina, Molina, Molina)<br \/>\nEl Toro en el penal rompi\u00f3 la red<\/p>\n<p>Abrieron la boca pero no nos pes\u00f3 la derrota<br \/>\ny aunqu\u0435 les moleste, ahora la Scalon\u0435ta levant\u00f3 otra copa<br \/>\ny ahora se nota, la gente en la calle est\u00e1 loca<br \/>\nya estaba escrito, era pa\u00b4 Sudam\u00e9rica, no para Europa<\/p>\n<h4>Cuando la toca Messi, habla el f\u00fatbol<br \/>\nel equipo y el pueblo estamos juntos<br \/>\ntengo las tres estrellas en el conjunto<br \/>\nla gente grita: \u201ccampeones del mundo\u201d (x2)<\/h4>\n<p>Me alienta \u201cel Fuerte\u201d como Thiago Almada<br \/>\nFoyth y Palacios la nueva camada<br \/>\nsi est\u00e1 Lisandro Mart\u00ednez la contra se para<br \/>\npateo al medio como Dybala<\/p>\n<p>Siempre cerrando bocas: Rodrigo De Paul<br \/>\ncuidado con el 7: Rodrigo De Paul<br \/>\nAlexis pal Fideo y el estadio grita \u201cgol\u201d<br \/>\nAlexis pal Fideo y el estadio grita \u201cgol\u201d<\/p>\n<p>Di Mar\u00eda hizo otro gol<br \/>\ncomo en el Maracan\u00e1, como en Wembley y en Qatar<br \/>\nDi Mar\u00eda hizo otro gol<\/p>\n<p>Tenemos un h\u00e9roe y se llama Juli\u00e1n (Juli\u00e1n)<br \/>\nel hombre ara\u00f1a se llev\u00f3 el mundial (Juli\u00e1n)<br \/>\nlos sue\u00f1os de chico ahora se hicieron grandes pura sangre nueva como Enzo Fern\u00e1ndez<br \/>\nalma de potrero, le da pa\u00b4 adelante el bot\u00edn queda chico en el pie de un gigante<\/p>\n<p>Si el segundo tiempo me pide unos cambios tenemos a Rodriguez y Pezzella<br \/>\ncuando faltaban ganas puse el coraz\u00f3n en juego como \u00c1ngel Correa<br \/>\nel Dibu tiene la energ\u00eda de Rulli y Armani bancando de afuera<br \/>\nqui\u00e9n mejor que Montiel para meter el penal y ganar la 3ra<\/p>\n<p>El campe\u00f3n del Talar: Otamendi 19<br \/>\nlo intentaron pasar y dicen que nadie puede<br \/>\nde San Justo pa\u00b4 el mundo: Leandro Paredes<br \/>\n\u201cArgentina campe\u00f3n\u201d est\u00e1 escrito en las paredes<\/p>\n<h4>Cuando la toca Messi habla el f\u00fatbol<br \/>\nel equipo y el pueblo estamos juntos<br \/>\ntengo las 3 estrellas en el conjunto<br \/>\nla gente grita \u201ccampeones del mundo\u201d (x3)<\/h4>\n<p>Le mandamos cumbia, perro<br \/>\ncomo dijo Scaloni, no lo hacen por fama tampoco por money<br \/>\nmano\u00b4 arriba los cumbieros de Zona Sur como el Kun Ag\u00fcero<br \/>\nno importa de d\u00f3nde tiren si est\u00e1 en el arco el Dibu Mart\u00ednez<br \/>\npor eso elijo creer, tengo a los pibes, tengo a Lionel<\/p>\n<p>Y la gente festejando mientras el Papu baila<br \/>\ny Leo con la tercera me alegra el alma<\/p>\n<p>3 estrellas en el conjunto ya forma parte de nuestra programaci\u00f3n, la cual desde hace a\u00f1os, la disfrut\u00e1s 100 % con im\u00e1genes. Acordate, pod\u00e9s mirarnos desde tu compu, tablet, notebook o Smart TV con s\u00f3lo <a href=\"https:\/\/www.masfm.com\/smart\" target=\"_blank\" rel=\"noopener noreferrer\">entrar ac\u00e1<\/a>.<\/p>\n<p>Si prefer\u00eds que la experiencia sea por medio de tu celular, bajate la App gratuitamente\u00a0<a href=\"https:\/\/masfm.pryx.com.ar\/install\/\" target=\"_blank\" rel=\"noopener noreferrer\">desde ac\u00e1<\/a>\u00a0y miranos desde cualquier parte del mundo, a la hora que quieras! Estamos las 24 horas con la mejor m\u00fasica y sus clips.<\/p>\n<h4>Registrate!<\/h4>\n<div class=\"widget_wysija_cont shortcode_wysija\"><div id=\"msg-form-wysija-shortcode69f28adb93e49-1\" class=\"wysija-msg ajax\"><\/div><form id=\"form-wysija-shortcode69f28adb93e49-1\" method=\"post\" action=\"#wysija\" class=\"widget_wysija shortcode_wysija\">\n<p class=\"wysija-paragraph\">\n    \n    \n    \t<input type=\"text\" name=\"wysija[user][firstname]\" class=\"wysija-input validate[required]\" title=\"Tu nombre\" placeholder=\"Tu nombre\" value=\"\" \/>\n    \n    \n    \n    <span class=\"abs-req\">\n        <input type=\"text\" name=\"wysija[user][abs][firstname]\" class=\"wysija-input validated[abs][firstname]\" value=\"\" \/>\n    <\/span>\n    \n<\/p>\n<p class=\"wysija-paragraph\">\n    \n    \n    \t<input type=\"text\" name=\"wysija[user][email]\" class=\"wysija-input validate[required,custom[email]]\" title=\"Tu correo\" placeholder=\"Tu correo\" value=\"\" \/>\n    \n    \n    \n    <span class=\"abs-req\">\n        <input type=\"text\" name=\"wysija[user][abs][email]\" class=\"wysija-input validated[abs][email]\" value=\"\" \/>\n    <\/span>\n    \n<\/p>\n\n<input class=\"wysija-submit wysija-submit-field\" type=\"submit\" value=\"Sumate!\" \/>\n\n    <input type=\"hidden\" name=\"form_id\" value=\"1\" \/>\n    <input type=\"hidden\" name=\"action\" value=\"save\" \/>\n    <input type=\"hidden\" name=\"controller\" value=\"subscribers\" \/>\n    <input type=\"hidden\" value=\"1\" name=\"wysija-page\" \/>\n\n    \n        <input type=\"hidden\" name=\"wysija[user_list][list_ids]\" value=\"1\" \/>\n    \n <\/form><\/div>\n<p><img loading=\"lazy\" decoding=\"async\" class=\"alignnone wp-image-17175 size-medium\" title=\"noticias-3-estrellas-en-el-conjunto-bizarrap-duki-la-t-y-la-m-mas-fm-95.9-online-santa-fe\" src=\"https:\/\/masfm.com\/emisora\/wp-content\/uploads\/2023\/01\/noticias-3-estrellas-en-el-conjunto-bizarrap-duki-la-t-y-la-m-mas-fm-95.9-online-santa-fe-1-690x330.jpg\" alt=\"noticias-3-estrellas-en-el-conjunto-bizarrap-duki-la-t-y-la-m-mas-fm-95.9-online-santa-fe\" width=\"690\" height=\"330\" srcset=\"https:\/\/masfm.com\/emisora\/wp-content\/uploads\/2023\/01\/noticias-3-estrellas-en-el-conjunto-bizarrap-duki-la-t-y-la-m-mas-fm-95.9-online-santa-fe-1.jpg 690w, https:\/\/masfm.com\/emisora\/wp-content\/uploads\/2023\/01\/noticias-3-estrellas-en-el-conjunto-bizarrap-duki-la-t-y-la-m-mas-fm-95.9-online-santa-fe-1-345x165.jpg 345w, https:\/\/masfm.com\/emisora\/wp-content\/uploads\/2023\/01\/noticias-3-estrellas-en-el-conjunto-bizarrap-duki-la-t-y-la-m-mas-fm-95.9-online-santa-fe-1-600x287.jpg 600w\" sizes=\"auto, (max-width: 690px) 100vw, 690px\" \/><\/p>\n","protected":false},"excerpt":{"rendered":"<p>Los artistas argentinos Bizarrap, Duki y La T y La M sorprenden al homenajear a la Selecci\u00f3n Argentina en la canci\u00f3n &#8220;3 estrellas en el conjunto&#8221;. Una dedicatoria especial a los 26 jugadores del equipo la Scaloneta y a su cuerpo t\u00e9cnico, luego de ganar el Mundial de F\u00fatbol Qatar 2022, que nos dieron esta&hellip;<\/p>\n","protected":false},"author":4,"featured_media":17174,"comment_status":"closed","ping_status":"open","sticky":false,"template":"","format":"video","meta":{"footnotes":""},"categories":[2],"tags":[429,254,48,11,536,47,46,13,14,51,24,23],"class_list":["post-17165","post","type-post","status-publish","format-video","has-post-thumbnail","hentry","category-noticias","tag-bizarrap","tag-duki","tag-esporaca","tag-interes-gral","tag-la-t-y-la-m","tag-laradioqueseve","tag-masfm959","tag-musica","tag-noticias","tag-nuevo","tag-videos","tag-video","post_format-post-format-video"],"amp_enabled":true,"_links":{"self":[{"href":"https:\/\/masfm.com\/emisora\/wp-json\/wp\/v2\/posts\/17165","targetHints":{"allow":["GET"]}}],"collection":[{"href":"https:\/\/masfm.com\/emisora\/wp-json\/wp\/v2\/posts"}],"about":[{"href":"https:\/\/masfm.com\/emisora\/wp-json\/wp\/v2\/types\/post"}],"author":[{"embeddable":true,"href":"https:\/\/masfm.com\/emisora\/wp-json\/wp\/v2\/users\/4"}],"replies":[{"embeddable":true,"href":"https:\/\/masfm.com\/emisora\/wp-json\/wp\/v2\/comments?post=17165"}],"version-history":[{"count":0,"href":"https:\/\/masfm.com\/emisora\/wp-json\/wp\/v2\/posts\/17165\/revisions"}],"wp:featuredmedia":[{"embeddable":true,"href":"https:\/\/masfm.com\/emisora\/wp-json\/wp\/v2\/media\/17174"}],"wp:attachment":[{"href":"https:\/\/masfm.com\/emisora\/wp-json\/wp\/v2\/media?parent=17165"}],"wp:term":[{"taxonomy":"category","embeddable":true,"href":"https:\/\/masfm.com\/emisora\/wp-json\/wp\/v2\/categories?post=17165"},{"taxonomy":"post_tag","embeddable":true,"href":"https:\/\/masfm.com\/emisora\/wp-json\/wp\/v2\/tags?post=17165"}],"curies":[{"name":"wp","href":"https:\/\/api.w.org\/{rel}","templated":true}]}}