{"id":17301,"date":"2023-01-23T21:59:39","date_gmt":"2023-01-24T00:59:39","guid":{"rendered":"https:\/\/masfm.com\/emisora\/?p=17301"},"modified":"2023-01-23T21:59:39","modified_gmt":"2023-01-24T00:59:39","slug":"donde-quiero-estar-quevedo-estreno-album","status":"publish","type":"post","link":"https:\/\/masfm.com\/emisora\/donde-quiero-estar-quevedo-estreno-album\/","title":{"rendered":"DONDE QUIERO ESTAR"},"content":{"rendered":"<p>El cantante espa\u00f1ol de reguet\u00f3n, trap y pop rap <a href=\"https:\/\/masfm.com\/emisora\/?s=quevedo\" target=\"_blank\" rel=\"noopener\">Quevedo<\/a>, presenta su primer \u00e1lbum llamado Donde quiero estar.<\/p>\n<p>El disco contiene 16 tracks, incluyendo Playas del Ingl\u00e9s feat <a href=\"https:\/\/masfm.com\/emisora\/?s=Myke+Towers%2C\" target=\"_blank\" rel=\"noopener\">Myke Towers,<\/a> Dame feat Omar Montes y Mu\u00f1eca feat. JC Reyes.<\/p>\n<p>Tambi\u00e9n se incluyeron los sencillos Punto G, Vista al mar y Sin se\u00f1al con Cruz Cafun\u00e9 presentando el \u00e1lbum en la posici\u00f3n #1.<\/p>\n<p>Este proyecto es el punto de partida de Quevedo en 2023, su forma de hacer saber a la gente que Canarias es donde quiere estar y lo que quiere hacer como artista.<\/p>\n<h4>Quevedo manifest\u00f3 en sus redes sociales su alegr\u00eda por este nuevo trabajo diciendo:<\/h4>\n<blockquote><p>&#8220;Bueno gente, ya no queda nada para que puedan escuchar mi primer \u00e1lbum y estoy muy feliz que sea as\u00ed. lo que trato de mostrar con este disco es la manera en la que busco y encuentro d\u00f3nde quiero estar, tanto desde el sentido geogr\u00e1fico como desde el sentido de mi carrera. Es complicado saber donde estar cuando todo va tan r\u00e1pido y no te da tiempo a parar y plante\u00e1rtelo. Es complicado saber si donde estoy es donde quiero estar, o si es donde quer\u00eda estar. Aun estando cumpliendo sue\u00f1os, objetivos y metas; a veces no me da tiempo a disfrutarlo y ponerme otros. Casi no me da tiempo a seguir so\u00f1ando&#8221;.<\/p><\/blockquote>\n<h4>Tracklist de Donde quiero estar:<\/h4>\n<p>01. Intro &#8211; Speech Cruzzi<br \/>\n02. Ahora qu\u00e9<br \/>\n03. Yankee<br \/>\n04. Vista al mar<br \/>\n05. Playas del Ingl\u00e9s (ft. Myke Towers)<br \/>\n06. Sin se\u00f1al (ft. Ovy on the drums)<br \/>\n07. Dame (ft. Omar Montes)<br \/>\n08. Cu\u00e9ntale<br \/>\n09. Luces azules<br \/>\n10. Punto G<br \/>\n11. Mu\u00f1eca (ft. JC Reyes)<br \/>\n12. Wanda<br \/>\n13. Me falta algo<br \/>\n14. Lisboa<br \/>\n15. \u00c9ramos dos<br \/>\n16. Donde quiero estar<\/p>\n<p>Quevedo presenta su primer \u00e1lbum llamado Donde quiero estar y sus videos ya forman parte de nuestra programaci\u00f3n, la cual desde hace a\u00f1os, la disfrut\u00e1s 100 % con im\u00e1genes. Acordate, pod\u00e9s mirarnos desde tu compu, tablet, notebook o Smart TV con s\u00f3lo <a href=\"https:\/\/www.masfm.com\/smart\" target=\"_blank\" rel=\"noopener noreferrer\">entrar ac\u00e1<\/a>.<\/p>\n<p>Si prefer\u00eds que la experiencia sea por medio de tu celular, bajate la App gratuitamente\u00a0<a href=\"https:\/\/masfm.pryx.com.ar\/install\/\" target=\"_blank\" rel=\"noopener noreferrer\">desde ac\u00e1<\/a>\u00a0y miranos desde cualquier parte del mundo, a la hora que quieras! Estamos las 24 horas con la mejor m\u00fasica y sus clips.<\/p>\n<h4>Registrate!<\/h4>\n<div class=\"widget_wysija_cont shortcode_wysija\"><div id=\"msg-form-wysija-shortcode69f2d453b4db6-1\" class=\"wysija-msg ajax\"><\/div><form id=\"form-wysija-shortcode69f2d453b4db6-1\" method=\"post\" action=\"#wysija\" class=\"widget_wysija shortcode_wysija\">\n<p class=\"wysija-paragraph\">\n    \n    \n    \t<input type=\"text\" name=\"wysija[user][firstname]\" class=\"wysija-input validate[required]\" title=\"Tu nombre\" placeholder=\"Tu nombre\" value=\"\" \/>\n    \n    \n    \n    <span class=\"abs-req\">\n        <input type=\"text\" name=\"wysija[user][abs][firstname]\" class=\"wysija-input validated[abs][firstname]\" value=\"\" \/>\n    <\/span>\n    \n<\/p>\n<p class=\"wysija-paragraph\">\n    \n    \n    \t<input type=\"text\" name=\"wysija[user][email]\" class=\"wysija-input validate[required,custom[email]]\" title=\"Tu correo\" placeholder=\"Tu correo\" value=\"\" \/>\n    \n    \n    \n    <span class=\"abs-req\">\n        <input type=\"text\" name=\"wysija[user][abs][email]\" class=\"wysija-input validated[abs][email]\" value=\"\" \/>\n    <\/span>\n    \n<\/p>\n\n<input class=\"wysija-submit wysija-submit-field\" type=\"submit\" value=\"Sumate!\" \/>\n\n    <input type=\"hidden\" name=\"form_id\" value=\"1\" \/>\n    <input type=\"hidden\" name=\"action\" value=\"save\" \/>\n    <input type=\"hidden\" name=\"controller\" value=\"subscribers\" \/>\n    <input type=\"hidden\" value=\"1\" name=\"wysija-page\" \/>\n\n    \n        <input type=\"hidden\" name=\"wysija[user_list][list_ids]\" value=\"1\" \/>\n    \n <\/form><\/div>\n<p><img loading=\"lazy\" decoding=\"async\" class=\"alignnone wp-image-17308 size-medium\" title=\"noticias-donde-quiero-estar-quevedo-estreno-album-mas-fm-95.9-online-santa-fe\" src=\"https:\/\/masfm.com\/emisora\/wp-content\/uploads\/2023\/01\/noticias-donde-quiero-estar-quevedo-estreno-album-mas-fm-95.9-online-santa-fe-2-690x330.jpg\" alt=\"noticias-donde-quiero-estar-quevedo-estreno-album-mas-fm-95.9-online-santa-fe\" width=\"690\" height=\"330\" srcset=\"https:\/\/masfm.com\/emisora\/wp-content\/uploads\/2023\/01\/noticias-donde-quiero-estar-quevedo-estreno-album-mas-fm-95.9-online-santa-fe-2.jpg 690w, https:\/\/masfm.com\/emisora\/wp-content\/uploads\/2023\/01\/noticias-donde-quiero-estar-quevedo-estreno-album-mas-fm-95.9-online-santa-fe-2-345x165.jpg 345w, https:\/\/masfm.com\/emisora\/wp-content\/uploads\/2023\/01\/noticias-donde-quiero-estar-quevedo-estreno-album-mas-fm-95.9-online-santa-fe-2-600x287.jpg 600w\" sizes=\"auto, (max-width: 690px) 100vw, 690px\" \/><\/p>\n","protected":false},"excerpt":{"rendered":"<p>El cantante espa\u00f1ol de reguet\u00f3n, trap y pop rap Quevedo, presenta su primer \u00e1lbum llamado Donde quiero estar. El disco contiene 16 tracks, incluyendo Playas del Ingl\u00e9s feat Myke Towers, Dame feat Omar Montes y Mu\u00f1eca feat. JC Reyes. Tambi\u00e9n se incluyeron los sencillos Punto G, Vista al mar y Sin se\u00f1al con Cruz Cafun\u00e9&hellip;<\/p>\n","protected":false},"author":4,"featured_media":17309,"comment_status":"closed","ping_status":"open","sticky":false,"template":"","format":"video","meta":{"footnotes":""},"categories":[2],"tags":[407,48,11,47,46,13,14,51,526],"class_list":["post-17301","post","type-post","status-publish","format-video","has-post-thumbnail","hentry","category-noticias","tag-album","tag-esporaca","tag-interes-gral","tag-laradioqueseve","tag-masfm959","tag-musica","tag-noticias","tag-nuevo","tag-quevedo","post_format-post-format-video"],"amp_enabled":true,"_links":{"self":[{"href":"https:\/\/masfm.com\/emisora\/wp-json\/wp\/v2\/posts\/17301","targetHints":{"allow":["GET"]}}],"collection":[{"href":"https:\/\/masfm.com\/emisora\/wp-json\/wp\/v2\/posts"}],"about":[{"href":"https:\/\/masfm.com\/emisora\/wp-json\/wp\/v2\/types\/post"}],"author":[{"embeddable":true,"href":"https:\/\/masfm.com\/emisora\/wp-json\/wp\/v2\/users\/4"}],"replies":[{"embeddable":true,"href":"https:\/\/masfm.com\/emisora\/wp-json\/wp\/v2\/comments?post=17301"}],"version-history":[{"count":0,"href":"https:\/\/masfm.com\/emisora\/wp-json\/wp\/v2\/posts\/17301\/revisions"}],"wp:featuredmedia":[{"embeddable":true,"href":"https:\/\/masfm.com\/emisora\/wp-json\/wp\/v2\/media\/17309"}],"wp:attachment":[{"href":"https:\/\/masfm.com\/emisora\/wp-json\/wp\/v2\/media?parent=17301"}],"wp:term":[{"taxonomy":"category","embeddable":true,"href":"https:\/\/masfm.com\/emisora\/wp-json\/wp\/v2\/categories?post=17301"},{"taxonomy":"post_tag","embeddable":true,"href":"https:\/\/masfm.com\/emisora\/wp-json\/wp\/v2\/tags?post=17301"}],"curies":[{"name":"wp","href":"https:\/\/api.w.org\/{rel}","templated":true}]}}