{"id":17316,"date":"2023-01-26T22:49:49","date_gmt":"2023-01-27T01:49:49","guid":{"rendered":"https:\/\/masfm.com\/emisora\/?p=17316"},"modified":"2023-01-26T22:49:49","modified_gmt":"2023-01-27T01:49:49","slug":"camilo-y-camila-unidos-ambulancia-estreno-videoclip","status":"publish","type":"post","link":"https:\/\/masfm.com\/emisora\/camilo-y-camila-unidos-ambulancia-estreno-videoclip\/","title":{"rendered":"CAMILO Y CAMILA UNIDOS"},"content":{"rendered":"<p><a href=\"https:\/\/masfm.com\/emisora\/?s=Camilo\" target=\"_blank\" rel=\"noopener\">Camilo<\/a> y <a href=\"https:\/\/masfm.com\/emisora\/?s=Camila+Cabello\" target=\"_blank\" rel=\"noopener\">Camila Cabello<\/a> se unen en un nuevo video musical, el cual pertenece a la canci\u00f3n Ambulancia, tema que forma parte del \u00e1lbum del artistas de bigotes titulado &#8220;De adentro pa afuera&#8221;.<\/p>\n<p>El trabajo audiovisual fue dirigido por <a href=\"https:\/\/masfm.com\/emisora\/?s=Evaluna\" target=\"_blank\" rel=\"noopener\">Evaluna Montaner<\/a> y filmado en Miami, Florida.<\/p>\n<p>Ambulancia cuenta con m\u00e1s de 12 millones de reproducciones desde su lanzamiento.<\/p>\n<p>A su vez, el \u00e1lbum De adentro pa afuera, lanzado en septiembre bajo Sony Music Latin\/Hecho a Mano, fue recientemente nominado al GRAMMY\u00ae como &#8220;Mejor \u00c1lbum Pop Latino&#8221; y hasta la fecha, registra m\u00e1s de 1.3 billones de reproducciones en conjunto de todas las plataformas digitales.<\/p>\n<p>El \u00e1lbum est\u00e1 certificado como disco de oro en Estados Unidos y alcanz\u00f3 la posici\u00f3n #6 en la lista &#8220;Latin Pop Albums&#8221; de Billboard.<\/p>\n<p>Los artistas interpretaron el tema en vivo durante el concierto agotado de Camilo en el Microsoft Theather en Los \u00c1ngeles.<\/p>\n<h4>Expres\u00f3 Camilo:<\/h4>\n<blockquote><p>&#8220;Camila es una gran amiga a quien admiro much\u00edsimo, as\u00ed que escribir Ambulancia y cantarla juntos en mi concierto fue muy especial para m\u00ed. Evaluna film\u00f3 el video encima de una ambulancia real y estoy muy orgulloso del resultado final, es uno de mis videos favoritos y estoy emocionado que finalmente lo puedo compartir con La Tribu.&#8221;<\/p><\/blockquote>\n<h4>Por su parte, Camila Cabello coment\u00f3:<\/h4>\n<blockquote><p>&#8220;Amo a Camilo, es un amigo muy cercano y eso hizo que trabajar con \u00e9l en Ambulancia fuera muy emocionante \u00a1La canci\u00f3n es muy especial para nosotros y no puedo esperar a que nuestros fans vean el video!&#8221;<\/p><\/blockquote>\n<p>De adentro pa afuera es el \u00e1lbum m\u00e1s personal de Camilo en su cat\u00e1logo, el cual captura e inmortaliza los sentimientos que despertaron en \u00e9l con la llegada de su primog\u00e9nita, \u00cdndigo.<\/p>\n<p>El mismo incluye colaboraciones estelares con artistas internacionales como Camila Cabello, <a href=\"https:\/\/masfm.com\/emisora\/?s=Myke+Towers\" target=\"_blank\" rel=\"noopener\">Myke Towers<\/a>, <a href=\"https:\/\/masfm.com\/emisora\/?s=Grupo+Firme\" target=\"_blank\" rel=\"noopener\">Grupo Firme<\/a>, <a href=\"https:\/\/masfm.com\/emisora\/?s=Nicki+Nicole\" target=\"_blank\" rel=\"noopener\">Nicki Nicole<\/a>, <a href=\"https:\/\/masfm.com\/emisora\/?s=Alejandro+Sanz\" target=\"_blank\" rel=\"noopener\">Alejandro Sanz<\/a> y Evaluna Montaner.<\/p>\n<h4>Letra de Ambulancia:<\/h4>\n<p>Tengo miedo que la sangre se evapore porque la tengo caliente<br \/>\ntengo miedo de ver alucinaciones como si tuviera fiebre<br \/>\ntengo miedo que este mont\u00f3n de aspirinas no me est\u00e9n haciendo efecto<br \/>\nhace tiempo no me paro de la cama y no es porque me sienta enfermo<\/p>\n<p>Es porque las s\u00e1banas huelen a ti<br \/>\ny mi almohada pregunta que cu\u00e1ndo es que vas a venir<\/p>\n<h4>Si ven una ambulancia o un polic\u00eda<br \/>\nseguro que est\u00e1n yendo pa la casa m\u00eda<br \/>\nporque mi coraz\u00f3n esta que se revienta<br \/>\ny la presi\u00f3n la traigo por 180<br \/>\ny si escuchan pasar un cami\u00f3n de bomberos<br \/>\nfue que yo los llam\u00e9 porque estoy que me quemo<br \/>\nporque mi cama despu\u00e9s de esa noche cuando t\u00fa viniste<br \/>\nsigue prendida en fuego<\/h4>\n<p>Yo hab\u00eda apagado el coraz\u00f3n<br \/>\npero cuando a ti te vio solito decidi\u00f3 prenderse<br \/>\nel fuego no se va a apagar<br \/>\naunque el desierto se haga mar pensando en lo que quiero hacerte<\/p>\n<p>Me tienes mal yo creo que necesito un m\u00e9dico<br \/>\nmi dependencia por ti ya no es algo c\u00f3mico<br \/>\nquiero saber qu\u00e9 es lo que tiene tu gen\u00e9tica<br \/>\nmi mundo gira en torno a ti tu eres magn\u00e9tica<br \/>\n\u00bfY c\u00f3mo no?<\/p>\n<p>Si ven una ambulancia o un polic\u00eda<br \/>\nseguro que est\u00e1n yendo pa la casa m\u00eda<br \/>\npor que mi coraz\u00f3n esta que se revienta<br \/>\ny la presi\u00f3n la traigo por 180<br \/>\ny si escuchan pasar un cami\u00f3n de bomberos<br \/>\nfue que yo los llam\u00e9 porque estoy que me quemo<br \/>\nPorque mi cama despu\u00e9s de esa noche cuando t\u00fa viniste<br \/>\nsigue prendida en fuego<\/p>\n<p>Porque las s\u00e1banas huelen a ti<br \/>\ny mi almohada pregunta que cu\u00e1ndo es que vas a venir<\/p>\n<h4>Si ven una ambulancia o un polic\u00eda<br \/>\nseguro que est\u00e1n yendo pa la casa m\u00eda<br \/>\npor que mi coraz\u00f3n esta que se revienta<br \/>\ny la presi\u00f3n la traigo por 180<br \/>\ny si escuchan pasar un cami\u00f3n de bomberos<br \/>\nfue que yo los llam\u00e9 porque estoy que me quemo<br \/>\nporque mi cama despu\u00e9s de esa noche cuando t\u00fa viniste<br \/>\nsigue prendida en fuego.<\/h4>\n<p>Camilo y Camila se unen en una nueva canci\u00f3n que ya forma parte de nuestra programaci\u00f3n, la cual desde hace a\u00f1os, la disfrut\u00e1s 100 % con im\u00e1genes. Acordate, pod\u00e9s mirarnos desde tu compu, tablet, notebook o Smart TV con s\u00f3lo <a href=\"https:\/\/www.masfm.com\/smart\" target=\"_blank\" rel=\"noopener noreferrer\">entrar ac\u00e1<\/a>.<\/p>\n<p>Si prefer\u00eds que la experiencia sea por medio de tu celular, bajate la App gratuitamente\u00a0<a href=\"https:\/\/masfm.pryx.com.ar\/install\/\" target=\"_blank\" rel=\"noopener noreferrer\">desde ac\u00e1<\/a>\u00a0y miranos desde cualquier parte del mundo, a la hora que quieras! Estamos las 24 horas con la mejor m\u00fasica y sus clips.<\/p>\n<h4>Registrate!<\/h4>\n<div class=\"widget_wysija_cont shortcode_wysija\"><div id=\"msg-form-wysija-shortcode69ec483323204-1\" class=\"wysija-msg ajax\"><\/div><form id=\"form-wysija-shortcode69ec483323204-1\" method=\"post\" action=\"#wysija\" class=\"widget_wysija shortcode_wysija\">\n<p class=\"wysija-paragraph\">\n    \n    \n    \t<input type=\"text\" name=\"wysija[user][firstname]\" class=\"wysija-input validate[required]\" title=\"Tu nombre\" placeholder=\"Tu nombre\" value=\"\" \/>\n    \n    \n    \n    <span class=\"abs-req\">\n        <input type=\"text\" name=\"wysija[user][abs][firstname]\" class=\"wysija-input validated[abs][firstname]\" value=\"\" \/>\n    <\/span>\n    \n<\/p>\n<p class=\"wysija-paragraph\">\n    \n    \n    \t<input type=\"text\" name=\"wysija[user][email]\" class=\"wysija-input validate[required,custom[email]]\" title=\"Tu correo\" placeholder=\"Tu correo\" value=\"\" \/>\n    \n    \n    \n    <span class=\"abs-req\">\n        <input type=\"text\" name=\"wysija[user][abs][email]\" class=\"wysija-input validated[abs][email]\" value=\"\" \/>\n    <\/span>\n    \n<\/p>\n\n<input class=\"wysija-submit wysija-submit-field\" type=\"submit\" value=\"Sumate!\" \/>\n\n    <input type=\"hidden\" name=\"form_id\" value=\"1\" \/>\n    <input type=\"hidden\" name=\"action\" value=\"save\" \/>\n    <input type=\"hidden\" name=\"controller\" value=\"subscribers\" \/>\n    <input type=\"hidden\" value=\"1\" name=\"wysija-page\" \/>\n\n    \n        <input type=\"hidden\" name=\"wysija[user_list][list_ids]\" value=\"1\" \/>\n    \n <\/form><\/div>\n<p><img loading=\"lazy\" decoding=\"async\" class=\"alignnone wp-image-17334 size-medium\" title=\"noticias-camilo-y-camila-unidos-ambulancia-estreno-videoclip-mas-fm-95.9-online-santa-fe\" src=\"https:\/\/masfm.com\/emisora\/wp-content\/uploads\/2023\/01\/noticias-camilo-y-camila-unidos-ambulancia-estreno-videoclip-mas-fm-95.9-online-santa-fe-2-690x330.jpg\" alt=\"noticias-camilo-y-camila-unidos-ambulancia-estreno-videoclip-mas-fm-95.9-online-santa-fe\" width=\"690\" height=\"330\" srcset=\"https:\/\/masfm.com\/emisora\/wp-content\/uploads\/2023\/01\/noticias-camilo-y-camila-unidos-ambulancia-estreno-videoclip-mas-fm-95.9-online-santa-fe-2.jpg 690w, https:\/\/masfm.com\/emisora\/wp-content\/uploads\/2023\/01\/noticias-camilo-y-camila-unidos-ambulancia-estreno-videoclip-mas-fm-95.9-online-santa-fe-2-345x165.jpg 345w, https:\/\/masfm.com\/emisora\/wp-content\/uploads\/2023\/01\/noticias-camilo-y-camila-unidos-ambulancia-estreno-videoclip-mas-fm-95.9-online-santa-fe-2-600x287.jpg 600w\" sizes=\"auto, (max-width: 690px) 100vw, 690px\" \/><\/p>\n","protected":false},"excerpt":{"rendered":"<p>Camilo y Camila Cabello se unen en un nuevo video musical, el cual pertenece a la canci\u00f3n Ambulancia, tema que forma parte del \u00e1lbum del artistas de bigotes titulado &#8220;De adentro pa afuera&#8221;. El trabajo audiovisual fue dirigido por Evaluna Montaner y filmado en Miami, Florida. Ambulancia cuenta con m\u00e1s de 12 millones de reproducciones&hellip;<\/p>\n","protected":false},"author":4,"featured_media":17335,"comment_status":"closed","ping_status":"open","sticky":false,"template":"","format":"video","meta":{"footnotes":""},"categories":[2],"tags":[75,267,48,11,47,46,13,14,51,24,23],"class_list":["post-17316","post","type-post","status-publish","format-video","has-post-thumbnail","hentry","category-noticias","tag-camila-cabello","tag-camilo","tag-esporaca","tag-interes-gral","tag-laradioqueseve","tag-masfm959","tag-musica","tag-noticias","tag-nuevo","tag-videos","tag-video","post_format-post-format-video"],"amp_enabled":true,"_links":{"self":[{"href":"https:\/\/masfm.com\/emisora\/wp-json\/wp\/v2\/posts\/17316","targetHints":{"allow":["GET"]}}],"collection":[{"href":"https:\/\/masfm.com\/emisora\/wp-json\/wp\/v2\/posts"}],"about":[{"href":"https:\/\/masfm.com\/emisora\/wp-json\/wp\/v2\/types\/post"}],"author":[{"embeddable":true,"href":"https:\/\/masfm.com\/emisora\/wp-json\/wp\/v2\/users\/4"}],"replies":[{"embeddable":true,"href":"https:\/\/masfm.com\/emisora\/wp-json\/wp\/v2\/comments?post=17316"}],"version-history":[{"count":0,"href":"https:\/\/masfm.com\/emisora\/wp-json\/wp\/v2\/posts\/17316\/revisions"}],"wp:featuredmedia":[{"embeddable":true,"href":"https:\/\/masfm.com\/emisora\/wp-json\/wp\/v2\/media\/17335"}],"wp:attachment":[{"href":"https:\/\/masfm.com\/emisora\/wp-json\/wp\/v2\/media?parent=17316"}],"wp:term":[{"taxonomy":"category","embeddable":true,"href":"https:\/\/masfm.com\/emisora\/wp-json\/wp\/v2\/categories?post=17316"},{"taxonomy":"post_tag","embeddable":true,"href":"https:\/\/masfm.com\/emisora\/wp-json\/wp\/v2\/tags?post=17316"}],"curies":[{"name":"wp","href":"https:\/\/api.w.org\/{rel}","templated":true}]}}