{"id":17703,"date":"2023-07-14T21:53:28","date_gmt":"2023-07-15T00:53:28","guid":{"rendered":"https:\/\/masfm.com\/emisora\/?p=17703"},"modified":"2025-07-10T21:39:49","modified_gmt":"2025-07-11T00:39:49","slug":"fmk-y-emilia-a-bailar","status":"publish","type":"post","link":"https:\/\/masfm.com\/emisora\/fmk-y-emilia-a-bailar\/","title":{"rendered":"FMK Y EMILIA EN &#8220;SALGO A BAILAR&#8221;"},"content":{"rendered":"\n<figure class=\"wp-block-image\"><img loading=\"lazy\" decoding=\"async\" width=\"690\" height=\"330\" src=\"https:\/\/masfm.com\/emisora\/wp-content\/uploads\/2023\/07\/noticias-fmk-y-emilia-a-bailar-mas-fm-95.9-online-santa-fe-1.jpg\" alt=\"FMK, el hitmaker M\u00e1s importante de su generaci\u00f3n, lo vuelve a hacer: \u201cSalgo a bailar\u201d, su explosiva nueva canci\u00f3n con EMILIA.\n\nAmigos, colegas y todav\u00eda disfrutando de lo M\u00e1s alto de los charts con \u201cLos del Espacio\u201d, vuelven a unirse en \u201cSalgo a bailar\u201d, un tema bien bailable que combina lo mejor de la cumbia y el reggaet\u00f3n.\" class=\"wp-image-17706\" title=\"FMK, el hitmaker M\u00e1s importante de su generaci\u00f3n, lo vuelve a hacer: \u201cSalgo a bailar\u201d, su explosiva nueva canci\u00f3n con EMILIA.  Amigos, colegas y todav\u00eda disfrutando de lo M\u00e1s alto de los charts con \u201cLos del Espacio\u201d, vuelven a unirse en \u201cSalgo a bailar\u201d, un tema bien bailable que combina lo mejor de la cumbia y el reggaet\u00f3n.\" srcset=\"https:\/\/masfm.com\/emisora\/wp-content\/uploads\/2023\/07\/noticias-fmk-y-emilia-a-bailar-mas-fm-95.9-online-santa-fe-1.jpg 690w, https:\/\/masfm.com\/emisora\/wp-content\/uploads\/2023\/07\/noticias-fmk-y-emilia-a-bailar-mas-fm-95.9-online-santa-fe-1-345x165.jpg 345w, https:\/\/masfm.com\/emisora\/wp-content\/uploads\/2023\/07\/noticias-fmk-y-emilia-a-bailar-mas-fm-95.9-online-santa-fe-1-600x287.jpg 600w\" sizes=\"auto, (max-width: 690px) 100vw, 690px\" \/><\/figure>\n\n\n\n<p>FMK, el hitmaker M\u00e1s importante de su generaci\u00f3n, lo vuelve a hacer: \u201cSalgo a bailar\u201d, su explosiva nueva canci\u00f3n con EMILIA.<\/p>\n\n\n\n<div class=\"wp-block-rank-math-toc-block\" id=\"rank-math-toc\"><h4>Contenidos de la nota.<\/h4><nav><ul><li class=\"\"><a href=\"#mas-sobre-fmk\">M\u00e1s sobre FMK.<\/a><\/li><li class=\"\"><a href=\"#mas-sobre-emilia\">M\u00e1s sobre Emilia.<\/a><\/li><li class=\"\"><a href=\"#letra-de-salgo-a-bailar-de-fmk-y-emilia\">Letra de Salgo a Bailar de FMK y EMILIA.<\/a><ul><\/ul><\/li><li class=\"\"><a href=\"#ya-lo-sumamos\">\u00a1Ya lo sumamos!<\/a><\/li><li class=\"\"><a href=\"#registrate-a-mas-fm-95-9\">\u00a1Registrate a M\u00e1s FM 95 9!<\/a><\/li><\/ul><\/nav><\/div>\n\n\n\n<p>Amigos, colegas y todav\u00eda disfrutando de lo M\u00e1s alto de los charts con \u201c<a href=\"https:\/\/masfm.com\/emisora\/?s=los+del+espacio\" target=\"_blank\" rel=\"noopener\">Los del Espacio<\/a>\u201d, vuelven a unirse en \u201cSalgo a bailar\u201d, un tema bien bailable que combina lo mejor de la cumbia y el reggaet\u00f3n.<\/p>\n\n\n\n<p>Como ya nos tiene acostumbrados, <a href=\"https:\/\/masfm.com\/emisora\/?s=FMK\" target=\"_blank\" rel=\"noopener\">FMK<\/a> nos brinda una letra llena de frases memorables para relatar una historia de separaci\u00f3n y las dificultades para superar a alguien.<\/p>\n\n\n\n<p>Con la producci\u00f3n de Zecca, \u201cSalgo a bailar\u201d tiene la formula perfecta para perrear, dedicar y no parar de bailar.<\/p>\n\n\n\n<p>El videoclip, dirigido por Agust\u00edn Portela, muestra la qu\u00edmica entre dos de los artistas argentinos m\u00e1s relevantes de la escena actual.<\/p>\n\n\n\n<p>Sumando M\u00e1s de 30 millones de oyentes mensuales en Spotify, FMK y <a href=\"https:\/\/masfm.com\/emisora\/?s=emilia\" target=\"_blank\" rel=\"noopener\">EMILIA<\/a> viven un gran momento logrando un hit atr\u00e1s de otro, llenando estadios y poniendo m\u00fasica de fondo a toda una generaci\u00f3n.<\/p>\n\n\n\n<p>FMK y EMILIA ya hab\u00edan colaborado en \u201cPal Perreo\u201d, tambi\u00e9n junto a Guaynaa (canci\u00f3n del \u00e1lbum debut de FMK, \u201cDesde el espacio\u201d), y en la autor\u00eda en varias canciones de EMILIA.<\/p>\n\n\n\n<h2 class=\"wp-block-heading\" id=\"mas-sobre-fmk\">M\u00e1s sobre FMK.<\/h2>\n\n\n\n<p>A poco de cerrar su \u201cDesde el espacio Tour 2022\u201d con un Estadio Luna Park agotado, FMK contin\u00faa batiendo r\u00e9cords con sus canciones: \u201cTranquila\u201d ya super\u00f3 los 93 millones de views, \u201cYo s\u00e9 que tu\u201d los 56 millones y \u201cPerd\u00f3name\u201d suma casi 50 millones.<\/p>\n\n\n\n<p>Con dicho tour, FMK recorri\u00f3 el pa\u00eds mientras en simultaneo continu\u00f3 lanzando hits como \u201cLa gira\u201d junto a <a href=\"https:\/\/masfm.com\/emisora\/?s=Rei\" target=\"_blank\" rel=\"noopener\">Rei<\/a>, \u201cBuscando un amor\u201d, \u201c<a href=\"https:\/\/masfm.com\/emisora\/2022\/07\/17\/fmk-y-lola-indigo-antes-que-salga-el-sol\/\" target=\"_blank\" rel=\"noopener\">Antes que salga el sol<\/a>\u201d junto a <a href=\"https:\/\/masfm.com\/emisora\/?s=Lola+%C3%8Dndigo\" target=\"_blank\" rel=\"noopener\">Lola \u00cdndigo<\/a> y la incre\u00edble \u201cUn finde\u201d junto a <a href=\"https:\/\/masfm.com\/emisora\/?s=Big+One\" target=\"_blank\" rel=\"noopener\">Big One<\/a> y <a href=\"https:\/\/masfm.com\/emisora\/?s=Ke+Personajes\" target=\"_blank\" rel=\"noopener\">Ke Personajes<\/a>.<\/p>\n\n\n\n<p>Desde sus comienzos con la poes\u00eda y el freestyle, a convertirse en el letrista elegido por los artistas M\u00e1s importantes, (<a href=\"https:\/\/masfm.com\/emisora\/?s=Mar%C3%ADa+Becerra\" target=\"_blank\" rel=\"noopener\">Mar\u00eda Becerra<\/a>, <a href=\"https:\/\/masfm.com\/emisora\/?s=Tiago+PZK\" target=\"_blank\" rel=\"noopener\">Tiago PZK<\/a>, <a href=\"https:\/\/masfm.com\/emisora\/?s=Aitana\" target=\"_blank\" rel=\"noopener\">Aitana<\/a>, <a href=\"https:\/\/masfm.com\/emisora\/?s=LALI\" target=\"_blank\" rel=\"noopener\">LALI<\/a>, entre otros), y construir una gran carrera art\u00edstica gan\u00e1ndose un lugar destacado en la escena actual, este joven artista ya no es una revelaci\u00f3n ni una sorpresa, sino una m\u00e1quina de hits ya totalmente consagrada, que promete mantenernos a la expectativa durante mucho tiempo m\u00e1s regal\u00e1ndonos su m\u00fasica a trav\u00e9s de su voz y la de los artistas m\u00e1s grandes, a lo largo del mundo.<\/p>\n\n\n\n<h2 class=\"wp-block-heading\" id=\"mas-sobre-emilia\">M\u00e1s sobre Emilia.<\/h2>\n\n\n\n<p>Por su parte, EMILIA acaba de dar inicio a su &#8220;Emilia 2023 Tour&#8221; con m\u00e1s de 22 fechas confirmadas en M\u00e9xico, Europa, y Sudam\u00e9rica.<\/p>\n\n\n\n<p>Recientemente present\u00f3 su emotiva balada \u201c<a href=\"https:\/\/masfm.com\/emisora\/2023\/06\/16\/emilia-presenta-guerrero\/\" target=\"_blank\" rel=\"noopener\">Guerrero.mp3<\/a>\u201d y los \u00e9xitos bailables \u201cJagger.mp3\u201d y &#8220;No_Se_Ve.mp3&#8221;, un irresistible tema que mezcla funk brasile\u00f1o y EDM en el que colabora con la reina de la favela brasile\u00f1a Ludmilla.<\/p>\n\n\n\n<p>Adem\u00e1s, en mayo EMILIA recibi\u00f3 uno de los mayores reconocimientos de su carrera hasta el momento, en la primera edici\u00f3n de Billboard Mujeres Latinas en la M\u00fasica, como \u201cEstrella en Ascenso\u201d.<\/p>\n\n\n\n<p>Como artista del momento, EMILIA ha acumulado m\u00e1s de tres mil millones de reproducciones que siguen aumentando. Para la nueva edici\u00f3n de los Premios Juventud, EMILIA recibi\u00f3 cinco nominaciones en las categor\u00edas de &#8220;Artista en Ascenso&#8221;, &#8220;Poder Femenino&#8221;, &#8220;Mejor Colaboraci\u00f3n Pop\/Urbano&#8221;, &#8220;Mejor \u00c1lbum Pop\/Urbano&#8221; y &#8220;Mi Trendsetter Favorita&#8221;.<\/p>\n\n\n\n<p>Ya sea adue\u00f1\u00e1ndose de las pistas de baile o conmovedores temas, EMILIA sigue consolid\u00e1ndose como una de las estrellas m\u00e1s talentosas y crecientes de la m\u00fasica latina.<\/p>\n\n\n\n<h2 class=\"wp-block-heading\" id=\"letra-de-salgo-a-bailar-de-fmk-y-emilia\">Letra de Salgo a Bailar de FMK y EMILIA.<\/h2>\n\n\n\n<p>Admito que se te ve bien<br>\nEn la foto que ten\u00e9s con \u00e9l<br>\nY en el fondo me alegra<br>\nPorque dejar irte tambi\u00e9n es parte de querer<br>\nYo s\u00e9 bien que en el amor a vece&#8217; toca perder<br>\nQue estar solo es mejor, pero sigo extra\u00f1\u00e1ndote<\/p>\n\n\n\n<p>Salgo a bailar, pero no bailo<br>\nMe pongo a tomar para hacer algo<br>\nA la primera que veo, me la traigo<br>\nA ella no la quiero, pero me distraigo<br>\nSalgo a bailar, pero no bailo<br>\nMe pongo a tomar para hacer algo<br>\nA la primera que veo, me la traigo<br>\nA ella no la quiero, pero me distraigo (Ey)<\/p>\n\n\n\n<p>Salimo&#8217; pa&#8217; la BRESH y te acabo de cruzar<br>\nAhora que &#8216;toy re perra, vos te quer\u00e9s matar<br>\nU-Una de boutique con la minifal<br>\nYo te tengo m\u00e1s f\u00e1cil que tocar &#8220;do, re, mi, fa&#8221;<br>\n\u00bfPara qu\u00e9 le mientes?<br>\nSi todos los &#8220;te amo&#8221; que vos le dijiste<br>\nS\u00e9 que no los sientes<br>\nY que con ella te acost\u00e1s, pero conmigo est\u00e1s caliente<br>\nTodo&#8217; nos shipean menos yo<br>\nTe diste mil vueltas, parec\u00eda&#8217; un yo-yo<br>\nNuestro amor es como el peso, se devalu\u00f3<br>\n(No s\u00e9 en qu\u00e9 momento fue que todo se jodi\u00f3)<\/p>\n\n\n\n<h4 class=\"wp-block-heading\" id=\"salgo-a-bailar-pero-no-bailo-me-pongo-a-tomar-para-hacer-algo-al-primero-que-veo-me-lo-traigo-a-el-ya-no-lo-quiero-pero-me-distraigo-salgo-a-bailar-pero-no-bailo-me-pongo-a-tomar-para-hacer-algo-a-la-primera-que-veo-me-la-traigo-a-ella-no-la-quiero-pero-me-distraigo-ay\">Salgo a bailar, pero no bailo<br>\nMe pongo a tomar para hacer algo<br>\nAl primero que veo, me lo traigo<br>\nA \u00e9l ya no lo quiero, pero me distraigo<br>\nSalgo a bailar, pero no bailo<br>\nMe pongo a tomar para hacer algo<br>\nA la primera que veo, me la traigo<br>\nA ella no la quiero, pero me distraigo (Ay)<\/h4>\n\n\n\n<p>Llam\u00e9 a los hombres de negro pa&#8217; que me borren la mente<br>\nEs que est\u00e1s en mi subconsciente<br>\nLa cabeza olvida, el coraz\u00f3n lo siente<br>\nMe pas\u00f3 hace tiempo y lo siento reciente<br>\nTengo gana&#8217; de salir<br>\nBorracho te vo&#8217;a escribir<br>\nTe vi con esa baby thick<br>\nBaby, yo me derret\u00ed<br>\nTiene flow de calle y tambi\u00e9n de Milipili<br>\nEse culo es un hit y hoy quiero montarme el remix<br>\nSe prendi\u00f3 otro Phillie, toma whisky, no daiquiri<br>\nPa&#8217; saber d\u00f3nde sal\u00ed voy a preguntarle a Siri<\/p>\n\n\n\n<p>Salgo a bailar, pero no bailo<br> Me pongo a tomar para hacer algo<br> Al primero que veo, me lo traigo<br> A \u00e9l ya no lo quiero, pero me distraigo<br> Salgo a bailar, pero no bailo<br> Me pongo a tomar para hacer algo<br> A la primera que veo, me la traigo<br> A ella no la quiero, pero me distraigo.<\/p>\n\n\n\n<h2 class=\"wp-block-heading\" id=\"ya-lo-sumamos\">\u00a1Ya lo sumamos!<\/h2>\n\n\n\n<p>Los mejores videos de FMK y Emilia ya forman parte de nuestra programaci\u00f3n, la cual desde hace M\u00e1s de dos d\u00e9cadas, la disfrut\u00e1s 100 % con im\u00e1genes.<\/p>\n\n\n\n<p>Acordate, pod\u00e9s mirarnos desde tu compu, tablet, notebook o Smart TV con s\u00f3lo&nbsp;<a href=\"https:\/\/masfm.com\/emisora\/#section-custom-content-2\" target=\"_blank\" rel=\"noreferrer noopener\">entrar ac\u00e1<\/a>.<\/p>\n\n\n\n<p>Si prefer\u00eds que la experiencia sea por medio de tu celular, bajate la App gratuitamente&nbsp;<a href=\"https:\/\/masfm.pryx.com.ar\/install\/\" target=\"_blank\" rel=\"noreferrer noopener\">desde ac\u00e1<\/a>&nbsp;y miranos desde cualquier parte del mundo, a la hora que quieras!<\/p>\n\n\n\n<p>Estamos las 24 horas con la mejor m\u00fasica y sus clips.<\/p>\n\n\n\n<h2 class=\"wp-block-heading\" id=\"registrate-a-mas-fm-95-9\">\u00a1Registrate a M\u00e1s FM 95 9!<\/h2>\n\n\n  \n  \n  <div class=\"\n    mailpoet_form_popup_overlay\n      \"><\/div>\n  <div\n    id=\"mailpoet_form_3\"\n    class=\"\n      mailpoet_form\n      mailpoet_form_html\n      mailpoet_form_position_\n      mailpoet_form_animation_\n    \"\n      >\n\n    <style type=\"text\/css\">\n     #mailpoet_form_3 .mailpoet_form {  }\n#mailpoet_form_3 .mailpoet_column_with_background { padding: 10px; }\n#mailpoet_form_3 .mailpoet_form_column:not(:first-child) { margin-left: 20px; }\n#mailpoet_form_3 .mailpoet_paragraph { line-height: 20px; margin-bottom: 20px; }\n#mailpoet_form_3 .mailpoet_segment_label, #mailpoet_form_3 .mailpoet_text_label, #mailpoet_form_3 .mailpoet_textarea_label, #mailpoet_form_3 .mailpoet_select_label, #mailpoet_form_3 .mailpoet_radio_label, #mailpoet_form_3 .mailpoet_checkbox_label, #mailpoet_form_3 .mailpoet_list_label, #mailpoet_form_3 .mailpoet_date_label { display: block; font-weight: normal; }\n#mailpoet_form_3 .mailpoet_text, #mailpoet_form_3 .mailpoet_textarea, #mailpoet_form_3 .mailpoet_select, #mailpoet_form_3 .mailpoet_date_month, #mailpoet_form_3 .mailpoet_date_day, #mailpoet_form_3 .mailpoet_date_year, #mailpoet_form_3 .mailpoet_date { display: block; }\n#mailpoet_form_3 .mailpoet_text, #mailpoet_form_3 .mailpoet_textarea { width: 200px; }\n#mailpoet_form_3 .mailpoet_checkbox {  }\n#mailpoet_form_3 .mailpoet_submit {  }\n#mailpoet_form_3 .mailpoet_divider {  }\n#mailpoet_form_3 .mailpoet_message {  }\n#mailpoet_form_3 .mailpoet_form_loading { width: 30px; text-align: center; line-height: normal; }\n#mailpoet_form_3 .mailpoet_form_loading > span { width: 5px; height: 5px; background-color: #5b5b5b; }#mailpoet_form_3{border-radius: 0px;text-align: left;}#mailpoet_form_3 form.mailpoet_form {padding: 20px;}#mailpoet_form_3{width: 100%;}#mailpoet_form_3 .mailpoet_message {margin: 0; padding: 0 20px;}#mailpoet_form_3 .mailpoet_paragraph.last {margin-bottom: 0} @media (max-width: 500px) {#mailpoet_form_3 {background-image: none;}} @media (min-width: 500px) {#mailpoet_form_3 .last .mailpoet_paragraph:last-child {margin-bottom: 0}}  @media (max-width: 500px) {#mailpoet_form_3 .mailpoet_form_column:last-child .mailpoet_paragraph:last-child {margin-bottom: 0}} \n    <\/style>\n\n    <form\n      target=\"_self\"\n      method=\"post\"\n      action=\"https:\/\/masfm.com\/emisora\/wp-admin\/admin-post.php?action=mailpoet_subscription_form\"\n      class=\"mailpoet_form mailpoet_form_form mailpoet_form_html\"\n      novalidate\n      data-delay=\"\"\n      data-exit-intent-enabled=\"\"\n      data-trigger-mode=\"\"\n      data-click-trigger-selector=\"\"\n      data-font-family=\"\"\n      data-cookie-expiration-time=\"\"\n    >\n      <input type=\"hidden\" name=\"data[form_id]\" value=\"3\" \/>\n      <input type=\"hidden\" name=\"token\" value=\"a17d251723\" \/>\n      <input type=\"hidden\" name=\"api_version\" value=\"v1\" \/>\n      <input type=\"hidden\" name=\"endpoint\" value=\"subscribers\" \/>\n      <input type=\"hidden\" name=\"mailpoet_method\" value=\"subscribe\" \/>\n\n      <label class=\"mailpoet_hp_email_label\" style=\"display: none !important;\">Please leave this field empty<input type=\"email\" name=\"data[email]\"\/><\/label><div class='mailpoet_form_columns_container'><div class=\"mailpoet_form_columns mailpoet_paragraph mailpoet_stack_on_mobile\"><div class=\"mailpoet_form_column\"><div class=\"mailpoet_paragraph \"><input type=\"text\" autocomplete=\"given-name\" class=\"mailpoet_text\" id=\"form_first_name_3\" name=\"data[form_field_Mjg5ZDFmYWM5ZDQ5X2ZpcnN0X25hbWU=]\" title=\"Nombre\" value=\"\" style=\"width:100%;box-sizing:border-box;padding:5px;margin: 0 auto 0 0;\" data-automation-id=\"form_first_name\"  placeholder=\"Nombre\" aria-label=\"Nombre\" data-parsley-errors-container=\".mailpoet_error_1hbxu\" data-parsley-names='[&quot;Please specify a valid name.&quot;,&quot;Addresses in names are not permitted, please add your name instead.&quot;]'\/><span class=\"mailpoet_error_1hbxu\"><\/span><\/div>\n<\/div>\n<div class=\"mailpoet_form_column\"><div class=\"mailpoet_paragraph \"><input type=\"email\" autocomplete=\"email\" class=\"mailpoet_text\" id=\"form_email_3\" name=\"data[form_field_OGY2ODJhNTQxZjUxX2VtYWls]\" title=\"TU MAIL:\" value=\"\" style=\"width:100%;box-sizing:border-box;padding:5px;margin: 0 auto 0 0;\" data-automation-id=\"form_email\"  placeholder=\"TU MAIL: *\" aria-label=\"TU MAIL: *\" data-parsley-errors-container=\".mailpoet_error_360s0\" data-parsley-required=\"true\" required aria-required=\"true\" data-parsley-minlength=\"6\" data-parsley-maxlength=\"150\" data-parsley-type-message=\"This value should be a valid email.\" data-parsley-required-message=\"This field is required.\"\/><span class=\"mailpoet_error_360s0\"><\/span><\/div>\n<\/div>\n<div class=\"mailpoet_form_column\"><div class=\"mailpoet_paragraph \"><input type=\"submit\" class=\"mailpoet_submit\" value=\"SUMATE YA!\" data-automation-id=\"subscribe-submit-button\" style=\"width:100%;box-sizing:border-box;padding:5px;margin: 0 auto 0 0;border-color:transparent;\" \/><span class=\"mailpoet_form_loading\"><span class=\"mailpoet_bounce1\"><\/span><span class=\"mailpoet_bounce2\"><\/span><span class=\"mailpoet_bounce3\"><\/span><\/span><\/div>\n<\/div>\n<\/div><\/div>\n<div class='mailpoet_form_columns_container'><div class=\"mailpoet_form_columns mailpoet_paragraph mailpoet_stack_on_mobile\"><div class=\"mailpoet_form_column\"><\/div>\n<div class=\"mailpoet_form_column\"><\/div>\n<\/div><\/div>\n\n      <div class=\"mailpoet_message\">\n        <p class=\"mailpoet_validate_success\"\n                style=\"display:none;\"\n                >Revisa tu bandeja de entrada o la carpeta de spam para confirmar tu suscripci\u00f3n.\n        <\/p>\n        <p class=\"mailpoet_validate_error\"\n                style=\"display:none;\"\n                >        <\/p>\n      <\/div>\n    <\/form>\n\n      <\/div>\n\n  \n\n\n<figure class=\"wp-block-image\"><img loading=\"lazy\" decoding=\"async\" width=\"690\" height=\"330\" src=\"https:\/\/masfm.com\/emisora\/wp-content\/uploads\/2023\/07\/noticias-fmk-y-emilia-a-bailar-mas-fm-95.9-online-santa-fe-1.jpg\" alt=\"FMK, el hitmaker M\u00e1s importante de su generaci\u00f3n, lo vuelve a hacer: \u201cSalgo a bailar\u201d, su explosiva nueva canci\u00f3n con EMILIA.\n\nAmigos, colegas y todav\u00eda disfrutando de lo M\u00e1s alto de los charts con \u201cLos del Espacio\u201d, vuelven a unirse en \u201cSalgo a bailar\u201d, un tema bien bailable que combina lo mejor de la cumbia y el reggaet\u00f3n.\" class=\"wp-image-17706\" title=\"FMK, el hitmaker M\u00e1s importante de su generaci\u00f3n, lo vuelve a hacer: \u201cSalgo a bailar\u201d, su explosiva nueva canci\u00f3n con EMILIA.  Amigos, colegas y todav\u00eda disfrutando de lo M\u00e1s alto de los charts con \u201cLos del Espacio\u201d, vuelven a unirse en \u201cSalgo a bailar\u201d, un tema bien bailable que combina lo mejor de la cumbia y el reggaet\u00f3n.\" srcset=\"https:\/\/masfm.com\/emisora\/wp-content\/uploads\/2023\/07\/noticias-fmk-y-emilia-a-bailar-mas-fm-95.9-online-santa-fe-1.jpg 690w, https:\/\/masfm.com\/emisora\/wp-content\/uploads\/2023\/07\/noticias-fmk-y-emilia-a-bailar-mas-fm-95.9-online-santa-fe-1-345x165.jpg 345w, https:\/\/masfm.com\/emisora\/wp-content\/uploads\/2023\/07\/noticias-fmk-y-emilia-a-bailar-mas-fm-95.9-online-santa-fe-1-600x287.jpg 600w\" sizes=\"auto, (max-width: 690px) 100vw, 690px\" \/><\/figure>\n\n\n\n<p><\/p>\n","protected":false},"excerpt":{"rendered":"<p>FMK, el hitmaker M\u00e1s importante de su generaci\u00f3n, lo vuelve a hacer: \u201cSalgo a bailar\u201d, su explosiva nueva canci\u00f3n con EMILIA. Amigos, colegas y todav\u00eda disfrutando de lo M\u00e1s alto de los charts con \u201cLos del Espacio\u201d, vuelven a unirse en \u201cSalgo a bailar\u201d, un tema bien bailable que combina lo mejor de la cumbia&hellip;<\/p>\n","protected":false},"author":4,"featured_media":17707,"comment_status":"closed","ping_status":"open","sticky":false,"template":"","format":"video","meta":{"footnotes":""},"categories":[2],"tags":[569,462,48,457,11,47,46,13,14,51,24,23],"class_list":["post-17703","post","type-post","status-publish","format-video","has-post-thumbnail","hentry","category-noticias","tag-emilia","tag-emilia-mernes","tag-esporaca","tag-fmk","tag-interes-gral","tag-laradioqueseve","tag-masfm959","tag-musica","tag-noticias","tag-nuevo","tag-videos","tag-video","post_format-post-format-video"],"amp_enabled":true,"_links":{"self":[{"href":"https:\/\/masfm.com\/emisora\/wp-json\/wp\/v2\/posts\/17703","targetHints":{"allow":["GET"]}}],"collection":[{"href":"https:\/\/masfm.com\/emisora\/wp-json\/wp\/v2\/posts"}],"about":[{"href":"https:\/\/masfm.com\/emisora\/wp-json\/wp\/v2\/types\/post"}],"author":[{"embeddable":true,"href":"https:\/\/masfm.com\/emisora\/wp-json\/wp\/v2\/users\/4"}],"replies":[{"embeddable":true,"href":"https:\/\/masfm.com\/emisora\/wp-json\/wp\/v2\/comments?post=17703"}],"version-history":[{"count":0,"href":"https:\/\/masfm.com\/emisora\/wp-json\/wp\/v2\/posts\/17703\/revisions"}],"wp:featuredmedia":[{"embeddable":true,"href":"https:\/\/masfm.com\/emisora\/wp-json\/wp\/v2\/media\/17707"}],"wp:attachment":[{"href":"https:\/\/masfm.com\/emisora\/wp-json\/wp\/v2\/media?parent=17703"}],"wp:term":[{"taxonomy":"category","embeddable":true,"href":"https:\/\/masfm.com\/emisora\/wp-json\/wp\/v2\/categories?post=17703"},{"taxonomy":"post_tag","embeddable":true,"href":"https:\/\/masfm.com\/emisora\/wp-json\/wp\/v2\/tags?post=17703"}],"curies":[{"name":"wp","href":"https:\/\/api.w.org\/{rel}","templated":true}]}}