{"id":17709,"date":"2023-07-14T22:19:07","date_gmt":"2023-07-15T01:19:07","guid":{"rendered":"https:\/\/masfm.com\/emisora\/?p=17709"},"modified":"2025-07-19T13:08:59","modified_gmt":"2025-07-19T16:08:59","slug":"vicco-se-une-a-lali-nochentera-remix","status":"publish","type":"post","link":"https:\/\/masfm.com\/emisora\/vicco-se-une-a-lali-nochentera-remix\/","title":{"rendered":"VICCO SE UNE A LALI"},"content":{"rendered":"\n<figure class=\"wp-block-image\"><img loading=\"lazy\" decoding=\"async\" width=\"690\" height=\"330\" src=\"https:\/\/masfm.com\/emisora\/wp-content\/uploads\/2023\/07\/noticias-vicco-se-une-a-lali-nochentera-remixr-mas-fm-95.9-online-santa-fe-2.jpg\" alt=\"noticias-vicco-se-une-a-lali-nochentera-remixr-mas-fm-95.9-online-santa-fe\" class=\"wp-image-17712\" title=\"noticias-vicco-se-une-a-lali-nochentera-remixr-mas-fm-95.9-online-santa-fe\" srcset=\"https:\/\/masfm.com\/emisora\/wp-content\/uploads\/2023\/07\/noticias-vicco-se-une-a-lali-nochentera-remixr-mas-fm-95.9-online-santa-fe-2.jpg 690w, https:\/\/masfm.com\/emisora\/wp-content\/uploads\/2023\/07\/noticias-vicco-se-une-a-lali-nochentera-remixr-mas-fm-95.9-online-santa-fe-2-345x165.jpg 345w, https:\/\/masfm.com\/emisora\/wp-content\/uploads\/2023\/07\/noticias-vicco-se-une-a-lali-nochentera-remixr-mas-fm-95.9-online-santa-fe-2-600x287.jpg 600w\" sizes=\"auto, (max-width: 690px) 100vw, 690px\" \/><\/figure>\n\n\n\n<p>Vicco se une a Lali en \u2018Nochentera\u2019 para hacerte bailar todo el d\u00eda.<\/p>\n\n\n\n<div class=\"wp-block-rank-math-toc-block\" id=\"rank-math-toc\"><h4>Contenidos de la nota.<\/h4><nav><ul><li class=\"\"><a href=\"#mas-sobre-nochentera-remix\">M\u00e1s sobre Nochentera Remix.<\/a><\/li><li class=\"\"><a href=\"#letra-de-nochentera-remix-de-vicco-y-lali\">Letra de Nochentera Remix de Vicco y Lali.<\/a><ul><\/ul><\/li><li class=\"\"><a href=\"#ya-lo-sumamos\">\u00a1Ya lo sumamos!<\/a><\/li><li class=\"\"><a href=\"#registrate-a-mas-fm-95-9\">\u00a1Registrate a M\u00e1s FM 95 9!<\/a><\/li><\/ul><\/nav><\/div>\n\n\n\n<p>Hace algoM\u00e1s de medio a\u00f1o, Vicco era una de las muchas aspirantes cargadas de talento que intentan hacerse un hueco en el panorama pop nacional. <\/p>\n\n\n\n<p>Ahora, la artista espa\u00f1ola es una de las estrellas de ese panorama.<\/p>\n\n\n\n<p>Su paso por el Benidormfest con su \u00e9xito \u2018Nochentera\u2019, junto a la dupla de productores catalanes Kickbombo y el \u00e9xito posterior, le han permitido ganar cuatro Discos de Platino, ser N\u00famero 1 en radio por 5 semanas y convertirse en una figura medi\u00e1tica y musical que encadena un hit tras otro.<\/p>\n\n\n\n<p><a href=\"https:\/\/masfm.com\/emisora\/?s=Vicco\" target=\"_blank\" rel=\"noopener\">Vicco<\/a> se une a <a href=\"https:\/\/masfm.com\/emisora\/?s=Lali\" target=\"_blank\" rel=\"noopener\">Lali<\/a>, la multifac\u00e9tica estrella argentina, actriz y cantante, para dar el salto a la escena internacional con un remix de \u2018Nochentera\u2019 que, no solo es igual de brillante que la original, sino que gana en matices gracias al talento de Lali, capaz de mezclar los c\u00f3digos de \u2018Nochentera\u2019 con los propios.<\/p>\n\n\n\n<p>El \u201cY yo soy un pib\u00f3n\u201d de Vicco, se convierte en \u201cY yo soy un min\u00f3n\u201d dejando una marca personal bien argentina en los primeros compases del tema y desde ah\u00ed coge vuelo.<\/p>\n\n\n\n<h2 class=\"wp-block-heading\" id=\"mas-sobre-nochentera-remix\">M\u00e1s sobre Nochentera Remix.<\/h2>\n\n\n\n<p>Podemos escuchar una frase como \u201cNunca fuimos b\u00e1sicos, solo somos cl\u00e1sicos\u201d, cantada precisamente por Lali en este \u2018Nochentera Remix\u2019, y esa voluntad se convierte en una reivindicaci\u00f3n del pop m\u00e1s puro y desenfadado. \u2018<\/p>\n\n\n\n<p>Nochentera Remix es la confirmaci\u00f3n de Vicco como una artista que ha sabido trascender y llegar al mainstream con una canci\u00f3n tan sencilla como especial. A la altura de las grandes composiciones hist\u00f3ricas del g\u00e9nero en Espa\u00f1a.<\/p>\n\n\n\n<p>En un nuevo videoclip, dirigido por Mario Arenas, descubrimos el ya m\u00edtico personaje de Mari (\u201cSube, Mari, sube\u201d) que se suma a la fiesta irrechazable que Vicco y Lali plantean con \u2018Nochentera Remix\u2019. Una canci\u00f3n que, en esta nueva versi\u00f3n, adopta una nueva faceta electr\u00f3nica a\u00fan m\u00e1s potente si cabe, para seguir cosechando \u00e9xitos. Ahora tambi\u00e9n en el panorama internacional.<\/p>\n\n\n\n<h2 class=\"wp-block-heading\" id=\"letra-de-nochentera-remix-de-vicco-y-lali\">Letra de Nochentera Remix de Vicco y Lali.<\/h2>\n\n\n\n<p>S\u00e1bado noche 1980<br>\nTengo bebida fr\u00eda en la nevera<br>\nLuces ne\u00f3n por toda la escalera<br>\nToque de glitter, chupito de absenta<\/p>\n\n\n\n<p>Y yo soy un min\u00f3n<br>\nNo me cuesta nada, te paro el coraz\u00f3n (chab\u00f3n; oh)<br>\nSolo con una mirada<br>\nY se va calentando el ambiente<br>\nYo te busco entre toda esta gente<br>\nDime, dime, dime d\u00f3nde est\u00e1s<\/p>\n\n\n\n<p>Tu boquita de fresa, mi mojito de menta<br>\nLas cosas bonitas, al final se encuentran<br>\nDos trocitos d\u0435 fruta, si quieren se disfrutan<br>\nT\u0435 invito a mi fiesta, en mi casa, a la una<\/p>\n\n\n\n<h4 class=\"wp-block-heading\" id=\"noche-ochentera-toda-la-noche-entera-hay-una-cola-que-tela-pero-ven-con-quien-quieras-uoh-oh-oh-noche-ochentera-toda-la-noche-entera-oh-oh-oh-oh-cogeme-la-cadera-que-bailamos-la-lenta-tu-y-yo\">Noche ochentera, toda la noche entera<br>\nHay una cola que tela, pero, ven con quien quieras (uoh-oh-oh)<br>\nNoche ochentera, toda la noche entera (oh-oh, oh-oh)<br>\nC\u00f3geme la cadera, que bailamos la lenta t\u00fa y yo<\/h4>\n\n\n\n<p>La noche entera, era, \u00a1eh-eh, eh-eh!<br>\nC\u00f3mo una noche ochentera, era, \u00a1eh-eh, eh-eh!<br>\nLa, la, la noche entera, era, \u00a1eh-eh, eh-eh!<br>\nC\u00f3mo una noche ochentera, era, \u00a1eh-eh, eh-eh! (eh, eh, eh)<\/p>\n\n\n\n<p>Hey, \u00bfqu\u00e9 tal? (hola)<br>\nSi te invito a bailar, dime que t\u00fa vendr\u00e1s (mmm-mmm)<br>\nSi t\u00fa quieres fumar, toma<br>\nV\u00e1monos al balc\u00f3n, recordemos los viejos tiempos<br>\nEsos tiempos de dancefloor (dancefloor)<br>\nDe locura y de sexo (sexo)<br>\nAqu\u00ed estamo&#8217; los dos y me siento viajar directo a ese momento<br>\nContigo nada puede salir mal<br>\nSomos due\u00f1os del lugar<br>\nY es que t\u00fa y yo, nunca fuimos b\u00e1sicos<br>\nSolo somos cl\u00e1sicos<\/p>\n\n\n\n<p>Me pongo a gritar<br>\nQue la vida es pa&#8217; disfrutar<br>\nQue nos sobran ganas de amar<br>\nLa vecina empieza a picar<br>\nQue quiere subirse a bailar<br>\n\u00a1Sube, sube, sube!<br>\nQue quiere subirse a bailar<br>\n\u00a1Sube, Mari, sube!<br>\n\u00a1S\u00fabete el hielo, Mari!<\/p>\n\n\n\n<h4 class=\"wp-block-heading\" id=\"noche-ochentera-toda-la-noche-entera-hay-una-cola-que-tela-pero-ven-con-quien-quieras-uoh-oh-oh-oh-oh-noche-ochentera-toda-la-noche-entera-eh-eh-eh-eh-cogeme-la-cadera-que-bailamos-la-lenta-tu-y-yo\">Noche ochentera, toda la noche entera<br>\nHay una cola que tela, pero, ven con quien quieras (uoh-oh-oh-oh-oh)<br>\nNoche ochentera toda la noche entera (eh-eh, eh-eh)<br>\nC\u00f3geme la cadera, que bailamos la lenta t\u00fa y yo<\/h4>\n\n\n\n<p>La noche entera, era, \u00a1eh-eh, eh-eh!<br>\nC\u00f3mo una noche ochentera, era, \u00a1eh-eh, eh-eh!<br>\nLa, la, la noche entera, era, \u00a1eh-eh, eh-eh!<br>\nC\u00f3mo una noche ochentera, era, \u00a1eh-eh, eh-eh!<\/p>\n\n\n\n<p>Tu boquita de fresa, mi mojito de menta<br>\nLas cosas bonitas, al final se encuentran<\/p>\n\n\n\n<p>Noche ochentera, toda la noche entera<br>\nHay una cola que tela, pero, ven con quien quieras (ven con quien quieras)<br>\nNoche ochentera, toda la noche entera<br>\nC\u00f3geme la cadera, que bailamos la lenta t\u00fa y yo<\/p>\n\n\n\n<p>La noche entera, era, \u00a1eh-eh, eh-eh!<br>\nC\u00f3mo una noche ochentera, era, \u00a1eh-eh, eh-eh!<br>\nLa, la, la noche entera, era, \u00a1eh-eh, eh-eh!<br>\nC\u00f3mo una noche ochentera, era, \u00a1eh-eh, eh-eh!<\/p>\n\n\n\n<p>\u00a1Sube, Mari, sube!<\/p>\n\n\n\n<p>Noche ochentera, toda la noche entera (la noche entera)<br>\nHay una cola que tela, pero, ven con quien quieras (ven con quien quieras)<br>\nNoche ochentera, toda la noche entera<br>\nC\u00f3geme la cadera, que bailamos la lenta t\u00fa y yo<\/p>\n\n\n\n<p>La noche entera, era, \u00a1eh-eh, eh-eh!<br> C\u00f3mo una noche ochentera, era, \u00a1eh-eh, eh-eh! (c\u00f3mo una noche ochentera)<br> La, la, la noche entera, era, \u00a1eh-eh, eh-eh!<br> C\u00f3mo una noche ochentera, era, \u00a1eh-eh, eh-eh! (c\u00f3mo una noche ochentera).<\/p>\n\n\n\n<h2 class=\"wp-block-heading\" id=\"ya-lo-sumamos\">\u00a1Ya lo sumamos!<\/h2>\n\n\n\n<p>Los mejores videos de Vicco y Lali ya forman parte de nuestra programaci\u00f3n, la cual desde hace M\u00e1s de dos d\u00e9cadas, la disfrut\u00e1s 100 % con im\u00e1genes.<\/p>\n\n\n\n<p>Acordate, pod\u00e9s mirarnos desde tu compu, tablet, notebook o Smart TV con s\u00f3lo&nbsp;<a href=\"https:\/\/masfm.com\/emisora\/#section-custom-content-2\" target=\"_blank\" rel=\"noreferrer noopener\">entrar ac\u00e1<\/a>.<\/p>\n\n\n\n<p>Si prefer\u00eds que la experiencia sea por medio de tu celular, bajate la App gratuitamente&nbsp;<a href=\"https:\/\/masfm.pryx.com.ar\/install\/\" target=\"_blank\" rel=\"noreferrer noopener\">desde ac\u00e1<\/a>&nbsp;y miranos desde cualquier parte del mundo, a la hora que quieras!<\/p>\n\n\n\n<p>Estamos las 24 horas con la mejor m\u00fasica y sus clips.<\/p>\n\n\n\n<h2 class=\"wp-block-heading\" id=\"registrate-a-mas-fm-95-9\">\u00a1Registrate a M\u00e1s FM 95 9!<\/h2>\n\n\n  \n  \n  <div class=\"\n    mailpoet_form_popup_overlay\n      \"><\/div>\n  <div\n    id=\"mailpoet_form_3\"\n    class=\"\n      mailpoet_form\n      mailpoet_form_html\n      mailpoet_form_position_\n      mailpoet_form_animation_\n    \"\n      >\n\n    <style type=\"text\/css\">\n     #mailpoet_form_3 .mailpoet_form {  }\n#mailpoet_form_3 .mailpoet_column_with_background { padding: 10px; }\n#mailpoet_form_3 .mailpoet_form_column:not(:first-child) { margin-left: 20px; }\n#mailpoet_form_3 .mailpoet_paragraph { line-height: 20px; margin-bottom: 20px; }\n#mailpoet_form_3 .mailpoet_segment_label, #mailpoet_form_3 .mailpoet_text_label, #mailpoet_form_3 .mailpoet_textarea_label, #mailpoet_form_3 .mailpoet_select_label, #mailpoet_form_3 .mailpoet_radio_label, #mailpoet_form_3 .mailpoet_checkbox_label, #mailpoet_form_3 .mailpoet_list_label, #mailpoet_form_3 .mailpoet_date_label { display: block; font-weight: normal; }\n#mailpoet_form_3 .mailpoet_text, #mailpoet_form_3 .mailpoet_textarea, #mailpoet_form_3 .mailpoet_select, #mailpoet_form_3 .mailpoet_date_month, #mailpoet_form_3 .mailpoet_date_day, #mailpoet_form_3 .mailpoet_date_year, #mailpoet_form_3 .mailpoet_date { display: block; }\n#mailpoet_form_3 .mailpoet_text, #mailpoet_form_3 .mailpoet_textarea { width: 200px; }\n#mailpoet_form_3 .mailpoet_checkbox {  }\n#mailpoet_form_3 .mailpoet_submit {  }\n#mailpoet_form_3 .mailpoet_divider {  }\n#mailpoet_form_3 .mailpoet_message {  }\n#mailpoet_form_3 .mailpoet_form_loading { width: 30px; text-align: center; line-height: normal; }\n#mailpoet_form_3 .mailpoet_form_loading > span { width: 5px; height: 5px; background-color: #5b5b5b; }#mailpoet_form_3{border-radius: 0px;text-align: left;}#mailpoet_form_3 form.mailpoet_form {padding: 20px;}#mailpoet_form_3{width: 100%;}#mailpoet_form_3 .mailpoet_message {margin: 0; padding: 0 20px;}#mailpoet_form_3 .mailpoet_paragraph.last {margin-bottom: 0} @media (max-width: 500px) {#mailpoet_form_3 {background-image: none;}} @media (min-width: 500px) {#mailpoet_form_3 .last .mailpoet_paragraph:last-child {margin-bottom: 0}}  @media (max-width: 500px) {#mailpoet_form_3 .mailpoet_form_column:last-child .mailpoet_paragraph:last-child {margin-bottom: 0}} \n    <\/style>\n\n    <form\n      target=\"_self\"\n      method=\"post\"\n      action=\"https:\/\/masfm.com\/emisora\/wp-admin\/admin-post.php?action=mailpoet_subscription_form\"\n      class=\"mailpoet_form mailpoet_form_form mailpoet_form_html\"\n      novalidate\n      data-delay=\"\"\n      data-exit-intent-enabled=\"\"\n      data-trigger-mode=\"\"\n      data-click-trigger-selector=\"\"\n      data-font-family=\"\"\n      data-cookie-expiration-time=\"\"\n    >\n      <input type=\"hidden\" name=\"data[form_id]\" value=\"3\" \/>\n      <input type=\"hidden\" name=\"token\" value=\"a17d251723\" \/>\n      <input type=\"hidden\" name=\"api_version\" value=\"v1\" \/>\n      <input type=\"hidden\" name=\"endpoint\" value=\"subscribers\" \/>\n      <input type=\"hidden\" name=\"mailpoet_method\" value=\"subscribe\" \/>\n\n      <label class=\"mailpoet_hp_email_label\" style=\"display: none !important;\">Please leave this field empty<input type=\"email\" name=\"data[email]\"\/><\/label><div class='mailpoet_form_columns_container'><div class=\"mailpoet_form_columns mailpoet_paragraph mailpoet_stack_on_mobile\"><div class=\"mailpoet_form_column\"><div class=\"mailpoet_paragraph \"><input type=\"text\" autocomplete=\"given-name\" class=\"mailpoet_text\" id=\"form_first_name_3\" name=\"data[form_field_Mjg5ZDFmYWM5ZDQ5X2ZpcnN0X25hbWU=]\" title=\"Nombre\" value=\"\" style=\"width:100%;box-sizing:border-box;padding:5px;margin: 0 auto 0 0;\" data-automation-id=\"form_first_name\"  placeholder=\"Nombre\" aria-label=\"Nombre\" data-parsley-errors-container=\".mailpoet_error_tjrct\" data-parsley-names='[&quot;Please specify a valid name.&quot;,&quot;Addresses in names are not permitted, please add your name instead.&quot;]'\/><span class=\"mailpoet_error_tjrct\"><\/span><\/div>\n<\/div>\n<div class=\"mailpoet_form_column\"><div class=\"mailpoet_paragraph \"><input type=\"email\" autocomplete=\"email\" class=\"mailpoet_text\" id=\"form_email_3\" name=\"data[form_field_OGY2ODJhNTQxZjUxX2VtYWls]\" title=\"TU MAIL:\" value=\"\" style=\"width:100%;box-sizing:border-box;padding:5px;margin: 0 auto 0 0;\" data-automation-id=\"form_email\"  placeholder=\"TU MAIL: *\" aria-label=\"TU MAIL: *\" data-parsley-errors-container=\".mailpoet_error_1vrtc\" data-parsley-required=\"true\" required aria-required=\"true\" data-parsley-minlength=\"6\" data-parsley-maxlength=\"150\" data-parsley-type-message=\"This value should be a valid email.\" data-parsley-required-message=\"This field is required.\"\/><span class=\"mailpoet_error_1vrtc\"><\/span><\/div>\n<\/div>\n<div class=\"mailpoet_form_column\"><div class=\"mailpoet_paragraph \"><input type=\"submit\" class=\"mailpoet_submit\" value=\"SUMATE YA!\" data-automation-id=\"subscribe-submit-button\" style=\"width:100%;box-sizing:border-box;padding:5px;margin: 0 auto 0 0;border-color:transparent;\" \/><span class=\"mailpoet_form_loading\"><span class=\"mailpoet_bounce1\"><\/span><span class=\"mailpoet_bounce2\"><\/span><span class=\"mailpoet_bounce3\"><\/span><\/span><\/div>\n<\/div>\n<\/div><\/div>\n<div class='mailpoet_form_columns_container'><div class=\"mailpoet_form_columns mailpoet_paragraph mailpoet_stack_on_mobile\"><div class=\"mailpoet_form_column\"><\/div>\n<div class=\"mailpoet_form_column\"><\/div>\n<\/div><\/div>\n\n      <div class=\"mailpoet_message\">\n        <p class=\"mailpoet_validate_success\"\n                style=\"display:none;\"\n                >Revisa tu bandeja de entrada o la carpeta de spam para confirmar tu suscripci\u00f3n.\n        <\/p>\n        <p class=\"mailpoet_validate_error\"\n                style=\"display:none;\"\n                >        <\/p>\n      <\/div>\n    <\/form>\n\n      <\/div>\n\n  \n\n\n<figure class=\"wp-block-image\"><img loading=\"lazy\" decoding=\"async\" width=\"690\" height=\"330\" src=\"https:\/\/masfm.com\/emisora\/wp-content\/uploads\/2023\/07\/noticias-vicco-se-une-a-lali-nochentera-remixr-mas-fm-95.9-online-santa-fe-2.jpg\" alt=\"noticias-vicco-se-une-a-lali-nochentera-remixr-mas-fm-95.9-online-santa-fe\" class=\"wp-image-17712\" title=\"noticias-vicco-se-une-a-lali-nochentera-remixr-mas-fm-95.9-online-santa-fe\" srcset=\"https:\/\/masfm.com\/emisora\/wp-content\/uploads\/2023\/07\/noticias-vicco-se-une-a-lali-nochentera-remixr-mas-fm-95.9-online-santa-fe-2.jpg 690w, https:\/\/masfm.com\/emisora\/wp-content\/uploads\/2023\/07\/noticias-vicco-se-une-a-lali-nochentera-remixr-mas-fm-95.9-online-santa-fe-2-345x165.jpg 345w, https:\/\/masfm.com\/emisora\/wp-content\/uploads\/2023\/07\/noticias-vicco-se-une-a-lali-nochentera-remixr-mas-fm-95.9-online-santa-fe-2-600x287.jpg 600w\" sizes=\"auto, (max-width: 690px) 100vw, 690px\" \/><\/figure>\n\n\n\n<p><\/p>\n","protected":false},"excerpt":{"rendered":"<p>Vicco se une a Lali en \u2018Nochentera\u2019 para hacerte bailar todo el d\u00eda. Hace algoM\u00e1s de medio a\u00f1o, Vicco era una de las muchas aspirantes cargadas de talento que intentan hacerse un hueco en el panorama pop nacional. Ahora, la artista espa\u00f1ola es una de las estrellas de ese panorama. Su paso por el Benidormfest&hellip;<\/p>\n","protected":false},"author":4,"featured_media":17713,"comment_status":"closed","ping_status":"open","sticky":false,"template":"","format":"video","meta":{"footnotes":""},"categories":[2],"tags":[48,11,230,188,47,46,13,14,51,570,24,23],"class_list":["post-17709","post","type-post","status-publish","format-video","has-post-thumbnail","hentry","category-noticias","tag-esporaca","tag-interes-gral","tag-lali","tag-lali-esposito","tag-laradioqueseve","tag-masfm959","tag-musica","tag-noticias","tag-nuevo","tag-vicco","tag-videos","tag-video","post_format-post-format-video"],"amp_enabled":true,"_links":{"self":[{"href":"https:\/\/masfm.com\/emisora\/wp-json\/wp\/v2\/posts\/17709","targetHints":{"allow":["GET"]}}],"collection":[{"href":"https:\/\/masfm.com\/emisora\/wp-json\/wp\/v2\/posts"}],"about":[{"href":"https:\/\/masfm.com\/emisora\/wp-json\/wp\/v2\/types\/post"}],"author":[{"embeddable":true,"href":"https:\/\/masfm.com\/emisora\/wp-json\/wp\/v2\/users\/4"}],"replies":[{"embeddable":true,"href":"https:\/\/masfm.com\/emisora\/wp-json\/wp\/v2\/comments?post=17709"}],"version-history":[{"count":0,"href":"https:\/\/masfm.com\/emisora\/wp-json\/wp\/v2\/posts\/17709\/revisions"}],"wp:featuredmedia":[{"embeddable":true,"href":"https:\/\/masfm.com\/emisora\/wp-json\/wp\/v2\/media\/17713"}],"wp:attachment":[{"href":"https:\/\/masfm.com\/emisora\/wp-json\/wp\/v2\/media?parent=17709"}],"wp:term":[{"taxonomy":"category","embeddable":true,"href":"https:\/\/masfm.com\/emisora\/wp-json\/wp\/v2\/categories?post=17709"},{"taxonomy":"post_tag","embeddable":true,"href":"https:\/\/masfm.com\/emisora\/wp-json\/wp\/v2\/tags?post=17709"}],"curies":[{"name":"wp","href":"https:\/\/api.w.org\/{rel}","templated":true}]}}