{"id":18115,"date":"2023-09-20T00:06:37","date_gmt":"2023-09-20T03:06:37","guid":{"rendered":"https:\/\/masfm.com\/emisora\/?p=18115"},"modified":"2023-09-20T00:06:37","modified_gmt":"2023-09-20T03:06:37","slug":"cruzando-el-charco-esta-roto-letra-video","status":"publish","type":"post","link":"https:\/\/masfm.com\/emisora\/cruzando-el-charco-esta-roto-letra-video\/","title":{"rendered":"CRUZANDO EL CHARCO EST\u00c1 ROTO"},"content":{"rendered":"<h2>La banda de La Plata, Cruzando el Charco, est\u00e1 de estreno con el\u00a0 tema y video de Roto.<\/h2>\n<p><img loading=\"lazy\" decoding=\"async\" class=\"alignnone size-full wp-image-18118\" src=\"https:\/\/masfm.com\/emisora\/wp-content\/uploads\/2023\/09\/cruzando-el-charco-esta-roto-tema-letra-video.jpg\" alt=\"cruzando-el-charco-esta-roto-tema-letra-video\" width=\"690\" height=\"330\" title=\"\" srcset=\"https:\/\/masfm.com\/emisora\/wp-content\/uploads\/2023\/09\/cruzando-el-charco-esta-roto-tema-letra-video.jpg 690w, https:\/\/masfm.com\/emisora\/wp-content\/uploads\/2023\/09\/cruzando-el-charco-esta-roto-tema-letra-video-600x287.jpg 600w, https:\/\/masfm.com\/emisora\/wp-content\/uploads\/2023\/09\/cruzando-el-charco-esta-roto-tema-letra-video-70x33.jpg 70w, https:\/\/masfm.com\/emisora\/wp-content\/uploads\/2023\/09\/cruzando-el-charco-esta-roto-tema-letra-video-523x250.jpg 523w, https:\/\/masfm.com\/emisora\/wp-content\/uploads\/2023\/09\/cruzando-el-charco-esta-roto-tema-letra-video-418x200.jpg 418w, https:\/\/masfm.com\/emisora\/wp-content\/uploads\/2023\/09\/cruzando-el-charco-esta-roto-tema-letra-video-240x115.jpg 240w, https:\/\/masfm.com\/emisora\/wp-content\/uploads\/2023\/09\/cruzando-el-charco-esta-roto-tema-letra-video-350x167.jpg 350w, https:\/\/masfm.com\/emisora\/wp-content\/uploads\/2023\/09\/cruzando-el-charco-esta-roto-tema-letra-video-60x29.jpg 60w\" sizes=\"auto, (max-width: 690px) 100vw, 690px\" \/><\/p>\n<p><a href=\"https:\/\/masfm.com\/emisora\/?s=Cruzano+el+Charco\" target=\"_blank\" rel=\"noopener\">Cruzando el Charco<\/a> est\u00e1 de estreno con Roto y esa siempre es una muy buena noticia.<\/p>\n<p>La banda liderada por Francisco Lago, presenta Roto, una hermosa canci\u00f3n con una letra desgarradora.<\/p>\n<p>Desde la mayor soledad del cantante, se escriben cada una de las estrofas y as\u00ed, como seguramente fue en la vida real, el video pone en im\u00e1genes esa situaci\u00f3n tan personal.<\/p>\n<h2>Letra de Roto de Cruzando el Charco.<\/h2>\n<p>Me estoy sintiendo solo<br \/>\nsiempre termino as\u00ed<br \/>\nestoy perdiendo el foco<br \/>\ny vos no est\u00e1s ah\u00ed<\/p>\n<p>A veces estoy roto<br \/>\ny no tengo adonde ir<br \/>\nte pido solo un poco<br \/>\nes que no puedo estar as\u00ed<\/p>\n<p>Vivo escapando del pasado<br \/>\npero tu voz siempre est\u00e1 ac\u00e1<br \/>\nhago lo que puedo<br \/>\ny cada tanto me enveneno en soledad<\/p>\n<p>Olvidemos todo con un beso<br \/>\nlas heridas ya van a sanar<br \/>\nquiero darte mi mejor secreto<br \/>\nlo pod\u00e9s guardar.<\/p>\n<p>Te extra\u00f1o los domingos<br \/>\nlos lunes mucho m\u00e1s<br \/>\nno quiero ser tu amigo<br \/>\nquiero volver el Tiempo atr\u00e1s.<\/p>\n<p>Y vivo escapando del pasado<br \/>\npero tu voz siempre est\u00e1 ac\u00e1<br \/>\nhago lo que puedo<br \/>\ny cada tanto me enveneno en soledad<\/p>\n<p>Olvidemos todo con un beso<br \/>\nlas heridas ya van a sanar<br \/>\nquiero darte mi mejor secreto<br \/>\nlo pod\u00e9s guardar.<\/p>\n<p>Y Olvidemos todo con un beso<br \/>\nlas heridas ya van a sanar<br \/>\nquiero darte mi mejor secreto<br \/>\nlo pod\u00e9s guardar.<\/p>\n<p>Me pierdo en tu mirada<br \/>\nno puedo regresar<br \/>\nme duelen las ma\u00f1anas<br \/>\nno quiero despertar.<\/p>\n<h2>Ficha t\u00e9cnica del video.<\/h2>\n<p>Direcci\u00f3n: Lucas Guimil<br \/>\nProducci\u00f3n: 888 Producciones<br \/>\nProducci\u00f3n Ejecutiva: Pirca Records<br \/>\nDirecci\u00f3n de Fotograf\u00eda: Matias Mattos<br \/>\nAsistente de Direcci\u00f3n: Nacho Paloma<br \/>\nGaffer: Blas Ramos<br \/>\nC\u00e1mara: Lucas Guimil<br \/>\nAsistente de C\u00e1mara: Nacho Paloma<br \/>\nIdea y Guion: Lucas Guimil \u2013 Francisco Lago<br \/>\nEdici\u00f3n: Lucas Guimil<br \/>\nColor Grading: Lucas Guimil<br \/>\nMakeup: Tobias Mendoza<br \/>\nArte: Tobias Mendoza<br \/>\nBackstage: Blas Ramos<br \/>\nRental Uva Rental<br \/>\nLocaci\u00f3n Livin La Pata Loca<\/p>\n<p>Cruzando el Charco est\u00e1 Roto y su video\u00a0 ya forma parte de nuestra programaci\u00f3n, la cual desde hace a\u00f1os, la disfrut\u00e1s 100 % con im\u00e1genes. Acordate, pod\u00e9s mirarnos desde tu compu, tablet, notebook o Smart TV con s\u00f3lo <a href=\"https:\/\/masfm.com\/emisora\/#section-custom-content-2\" target=\"_blank\" rel=\"noopener noreferrer\">entrar ac\u00e1<\/a>.<\/p>\n<p>Si prefer\u00eds que la experiencia sea por medio de tu celular, bajate la App gratuitamente\u00a0<a href=\"https:\/\/masfm.pryx.com.ar\/install\/\" target=\"_blank\" rel=\"noopener noreferrer\">desde ac\u00e1<\/a>\u00a0y miranos desde cualquier parte del mundo, a la hora que quieras! Estamos las 24 horas con la mejor m\u00fasica y sus clips.<\/p>\n<h3>Registrate a M\u00e1s FM!<\/h3>\n<div class=\"widget_wysija_cont shortcode_wysija\"><div id=\"msg-form-wysija-shortcode69f288e9c6894-1\" class=\"wysija-msg ajax\"><\/div><form id=\"form-wysija-shortcode69f288e9c6894-1\" method=\"post\" action=\"#wysija\" class=\"widget_wysija shortcode_wysija\">\n<p class=\"wysija-paragraph\">\n    \n    \n    \t<input type=\"text\" name=\"wysija[user][firstname]\" class=\"wysija-input validate[required]\" title=\"Tu nombre\" placeholder=\"Tu nombre\" value=\"\" \/>\n    \n    \n    \n    <span class=\"abs-req\">\n        <input type=\"text\" name=\"wysija[user][abs][firstname]\" class=\"wysija-input validated[abs][firstname]\" value=\"\" \/>\n    <\/span>\n    \n<\/p>\n<p class=\"wysija-paragraph\">\n    \n    \n    \t<input type=\"text\" name=\"wysija[user][email]\" class=\"wysija-input validate[required,custom[email]]\" title=\"Tu correo\" placeholder=\"Tu correo\" value=\"\" \/>\n    \n    \n    \n    <span class=\"abs-req\">\n        <input type=\"text\" name=\"wysija[user][abs][email]\" class=\"wysija-input validated[abs][email]\" value=\"\" \/>\n    <\/span>\n    \n<\/p>\n\n<input class=\"wysija-submit wysija-submit-field\" type=\"submit\" value=\"Sumate!\" \/>\n\n    <input type=\"hidden\" name=\"form_id\" value=\"1\" \/>\n    <input type=\"hidden\" name=\"action\" value=\"save\" \/>\n    <input type=\"hidden\" name=\"controller\" value=\"subscribers\" \/>\n    <input type=\"hidden\" value=\"1\" name=\"wysija-page\" \/>\n\n    \n        <input type=\"hidden\" name=\"wysija[user_list][list_ids]\" value=\"1\" \/>\n    \n <\/form><\/div>\n<p><img loading=\"lazy\" decoding=\"async\" class=\"alignnone wp-image-18117 size-full\" title=\"cruzando-el-charco-esta-roto-tema-letra-video-2\" src=\"https:\/\/masfm.com\/emisora\/wp-content\/uploads\/2023\/09\/cruzando-el-charco-esta-roto-tema-letra-video-2.jpg\" alt=\"cruzando-el-charco-esta-roto-tema-letra-video-2\" width=\"690\" height=\"330\" srcset=\"https:\/\/masfm.com\/emisora\/wp-content\/uploads\/2023\/09\/cruzando-el-charco-esta-roto-tema-letra-video-2.jpg 690w, https:\/\/masfm.com\/emisora\/wp-content\/uploads\/2023\/09\/cruzando-el-charco-esta-roto-tema-letra-video-2-600x287.jpg 600w, https:\/\/masfm.com\/emisora\/wp-content\/uploads\/2023\/09\/cruzando-el-charco-esta-roto-tema-letra-video-2-70x33.jpg 70w, https:\/\/masfm.com\/emisora\/wp-content\/uploads\/2023\/09\/cruzando-el-charco-esta-roto-tema-letra-video-2-523x250.jpg 523w, https:\/\/masfm.com\/emisora\/wp-content\/uploads\/2023\/09\/cruzando-el-charco-esta-roto-tema-letra-video-2-418x200.jpg 418w, https:\/\/masfm.com\/emisora\/wp-content\/uploads\/2023\/09\/cruzando-el-charco-esta-roto-tema-letra-video-2-240x115.jpg 240w, https:\/\/masfm.com\/emisora\/wp-content\/uploads\/2023\/09\/cruzando-el-charco-esta-roto-tema-letra-video-2-350x167.jpg 350w, https:\/\/masfm.com\/emisora\/wp-content\/uploads\/2023\/09\/cruzando-el-charco-esta-roto-tema-letra-video-2-60x29.jpg 60w\" sizes=\"auto, (max-width: 690px) 100vw, 690px\" \/><\/p>\n","protected":false},"excerpt":{"rendered":"<p>La banda de La Plata, Cruzando el Charco, est\u00e1 de estreno con el\u00a0 tema y video de Roto. Cruzando el Charco est\u00e1 de estreno con Roto y esa siempre es una muy buena noticia. La banda liderada por Francisco Lago, presenta Roto, una hermosa canci\u00f3n con una letra desgarradora. Desde la mayor soledad del cantante,&hellip;<\/p>\n","protected":false},"author":4,"featured_media":18118,"comment_status":"closed","ping_status":"open","sticky":false,"template":"","format":"video","meta":{"footnotes":""},"categories":[2],"tags":[296,48,11,47,46,13,14,51,24,23],"class_list":["post-18115","post","type-post","status-publish","format-video","has-post-thumbnail","hentry","category-noticias","tag-cruzando-el-charco","tag-esporaca","tag-interes-gral","tag-laradioqueseve","tag-masfm959","tag-musica","tag-noticias","tag-nuevo","tag-videos","tag-video","post_format-post-format-video"],"amp_enabled":true,"_links":{"self":[{"href":"https:\/\/masfm.com\/emisora\/wp-json\/wp\/v2\/posts\/18115","targetHints":{"allow":["GET"]}}],"collection":[{"href":"https:\/\/masfm.com\/emisora\/wp-json\/wp\/v2\/posts"}],"about":[{"href":"https:\/\/masfm.com\/emisora\/wp-json\/wp\/v2\/types\/post"}],"author":[{"embeddable":true,"href":"https:\/\/masfm.com\/emisora\/wp-json\/wp\/v2\/users\/4"}],"replies":[{"embeddable":true,"href":"https:\/\/masfm.com\/emisora\/wp-json\/wp\/v2\/comments?post=18115"}],"version-history":[{"count":0,"href":"https:\/\/masfm.com\/emisora\/wp-json\/wp\/v2\/posts\/18115\/revisions"}],"wp:featuredmedia":[{"embeddable":true,"href":"https:\/\/masfm.com\/emisora\/wp-json\/wp\/v2\/media\/18118"}],"wp:attachment":[{"href":"https:\/\/masfm.com\/emisora\/wp-json\/wp\/v2\/media?parent=18115"}],"wp:term":[{"taxonomy":"category","embeddable":true,"href":"https:\/\/masfm.com\/emisora\/wp-json\/wp\/v2\/categories?post=18115"},{"taxonomy":"post_tag","embeddable":true,"href":"https:\/\/masfm.com\/emisora\/wp-json\/wp\/v2\/tags?post=18115"}],"curies":[{"name":"wp","href":"https:\/\/api.w.org\/{rel}","templated":true}]}}