{"id":18801,"date":"2023-10-23T14:44:20","date_gmt":"2023-10-23T17:44:20","guid":{"rendered":"https:\/\/masfm.com\/emisora\/?p=18801"},"modified":"2025-08-17T13:41:27","modified_gmt":"2025-08-17T16:41:27","slug":"will-i-am-con-j-balvin-let-s-go","status":"publish","type":"post","link":"https:\/\/masfm.com\/emisora\/will-i-am-con-j-balvin-let-s-go\/","title":{"rendered":"&#8220;LET\u00b4S GO&#8221;, LO NUEVO DE WILL I AM Y J BALVIN"},"content":{"rendered":"\n<figure class=\"wp-block-image\"><img loading=\"lazy\" decoding=\"async\" width=\"690\" height=\"330\" src=\"https:\/\/masfm.com\/emisora\/wp-content\/uploads\/2023\/10\/will-i-am-con-j-balvin-let-s-go-2.webp\" alt=\"will-i-am-con-j-balvin-let-s-go-2\" class=\"wp-image-18803\" title=\"Hoy, el artista multiplatino ganador del premio GRAMMY\u00ae, Will I Am presenta un nuevo single y video musical inspirado en la F1 titulado &quot;Let\u00b4s Go&quot; con J Balvin.\" srcset=\"https:\/\/masfm.com\/emisora\/wp-content\/uploads\/2023\/10\/will-i-am-con-j-balvin-let-s-go-2.webp 690w, https:\/\/masfm.com\/emisora\/wp-content\/uploads\/2023\/10\/will-i-am-con-j-balvin-let-s-go-2-600x287.webp 600w, https:\/\/masfm.com\/emisora\/wp-content\/uploads\/2023\/10\/will-i-am-con-j-balvin-let-s-go-2-190x91.webp 190w, https:\/\/masfm.com\/emisora\/wp-content\/uploads\/2023\/10\/will-i-am-con-j-balvin-let-s-go-2-70x33.webp 70w, https:\/\/masfm.com\/emisora\/wp-content\/uploads\/2023\/10\/will-i-am-con-j-balvin-let-s-go-2-523x250.webp 523w, https:\/\/masfm.com\/emisora\/wp-content\/uploads\/2023\/10\/will-i-am-con-j-balvin-let-s-go-2-418x200.webp 418w, https:\/\/masfm.com\/emisora\/wp-content\/uploads\/2023\/10\/will-i-am-con-j-balvin-let-s-go-2-350x167.webp 350w, https:\/\/masfm.com\/emisora\/wp-content\/uploads\/2023\/10\/will-i-am-con-j-balvin-let-s-go-2-60x29.webp 60w\" sizes=\"auto, (max-width: 690px) 100vw, 690px\" \/><\/figure>\n\n\n\n<h2 class=\"wp-block-heading\">Will I Am lanza Let\u00b4s Go, su nuevo sencillo inspirado en la F1 con J Balvin: letra y video.<\/h2>\n\n\n\n<p>Hoy, el artista multiplatino ganador del premio GRAMMY\u00ae, Will I Am presenta un nuevo single y video musical inspirado en la F1 titulado &#8220;Let\u00b4s Go&#8221; con J Balvin.<\/p>\n\n\n\n<p>Es la segunda canci\u00f3n lanzada por <a href=\"https:\/\/masfm.com\/emisora\/?s=Will+I+Am\" target=\"_blank\" rel=\"noopener\">Will I Am<\/a> como parte de una colaboraci\u00f3n especial con la F\u00f3rmula 1\u00ae para la temporada 2023. Adem\u00e1s, prepara el camino para su tan esperado disco que llegar\u00e1 en 2024.<\/p>\n\n\n\n<p>Will I Am con <a href=\"https:\/\/masfm.com\/emisora\/?s=J+Balvin\" target=\"_blank\" rel=\"noopener\">J Balvin<\/a> colaboraron por primera vez en el \u00e9xito mundial de <a href=\"https:\/\/masfm.com\/emisora\/?s=Black+Eyed+Peas\" target=\"_blank\" rel=\"noopener\">Black Eyed Peas<\/a>, &#8220;Ritmo (Bad Boys For Life)&#8221;.<\/p>\n\n\n\n<figure class=\"wp-block-embed is-type-video is-provider-youtube wp-block-embed-youtube wp-embed-aspect-16-9 wp-has-aspect-ratio\"><div class=\"wp-block-embed__wrapper\">\n<iframe loading=\"lazy\" title=\"Black Eyed Peas, J Balvin - RITMO (Bad Boys For Life) (Official Music Video)\" width=\"770\" height=\"433\" src=\"https:\/\/www.youtube.com\/embed\/EzKkl64rRbM?feature=oembed\" frameborder=\"0\" allow=\"accelerometer; autoplay; clipboard-write; encrypted-media; gyroscope; picture-in-picture; web-share\" referrerpolicy=\"strict-origin-when-cross-origin\" allowfullscreen><\/iframe>\n<\/div><\/figure>\n\n\n\n<p>La canci\u00f3n obtuvo la certificaci\u00f3n de doble platino de la RIAA, salt\u00f3 al Top 30 del Billboard Hot 100, reclam\u00f3 el # 1 en el Hot\/Dance Electronic Songs Chart, Hot Latin Songs Chart y Latin Airplay Chart, y ha sido reproducida miles de millones de veces.<\/p>\n\n\n\n<p>&#8220;Ritmo&#8221; tambi\u00e9n gan\u00f3 el premio a Canci\u00f3n de Ventas del A\u00f1o en los Premios Billboard de la M\u00fasica Latina 2021.<\/p>\n\n\n\n<h2 class=\"wp-block-heading\">Let\u00b4s Go marca la segunda colaboraci\u00f3n entre Will I Am y Balvin.<\/h2>\n\n\n\n<p>En julio de este a\u00f1o, Will I Am lanz\u00f3 &#8220;Mind Your Business&#8221; con <a href=\"https:\/\/masfm.com\/emisora\/?s=Britney+Spears\" target=\"_blank\" rel=\"noopener\">Britney Spears<\/a>, tema que encabez\u00f3 la lista de ventas de canciones digitales de Billboard Dance\/Electronic en el #1.<\/p>\n\n\n\n<p>El d\u00fao encabez\u00f3 la lista por primera vez con su \u00e9xito triple platino de 2013 &#8220;Scream &amp; Shout\u201d.<\/p>\n\n\n\n<figure class=\"wp-block-embed is-type-video is-provider-youtube wp-block-embed-youtube wp-embed-aspect-16-9 wp-has-aspect-ratio\"><div class=\"wp-block-embed__wrapper\">\n<iframe loading=\"lazy\" title=\"will.i.am - Scream &amp; Shout ft. Britney Spears\" width=\"770\" height=\"433\" src=\"https:\/\/www.youtube.com\/embed\/kYtGl1dX5qI?feature=oembed\" frameborder=\"0\" allow=\"accelerometer; autoplay; clipboard-write; encrypted-media; gyroscope; picture-in-picture; web-share\" referrerpolicy=\"strict-origin-when-cross-origin\" allowfullscreen><\/iframe>\n<\/div><\/figure>\n\n\n\n<p>&#8220;Mind Your Business&#8221; le sigui\u00f3 al primer sencillo en solitario de Will I Am en una d\u00e9cada, &#8220;The Formula&#8221;, con Lil Wayne.<\/p>\n\n\n\n<figure class=\"wp-block-embed is-type-video is-provider-youtube wp-block-embed-youtube wp-embed-aspect-16-9 wp-has-aspect-ratio\"><div class=\"wp-block-embed__wrapper\">\n<iframe loading=\"lazy\" title=\"will.i.am, Lil Wayne - THE FORMULA (Official Music Video)\" width=\"770\" height=\"433\" src=\"https:\/\/www.youtube.com\/embed\/3hJawHSCqfg?feature=oembed\" frameborder=\"0\" allow=\"accelerometer; autoplay; clipboard-write; encrypted-media; gyroscope; picture-in-picture; web-share\" referrerpolicy=\"strict-origin-when-cross-origin\" allowfullscreen><\/iframe>\n<\/div><\/figure>\n\n\n\n<p>La canci\u00f3n fue lanzada como parte de una colaboraci\u00f3n con la F\u00f3rmula 1 y es una oda al amor de Will I Am por el popular deporte.<\/p>\n\n\n\n<h2 class=\"wp-block-heading\">En boca del propio Will I Am:<\/h2>\n\n\n\n<blockquote class=\"wp-block-quote is-layout-flow wp-block-quote-is-layout-flow\">\n<p>&#8220;Es emocionante fusionar mis pasiones, las carreras de autos de alto rendimiento y la m\u00fasica, en esta alianza pionera. Nuestro objetivo es romper las fronteras tradicionales fusionando la m\u00fasica y las carreras, creando experiencias inolvidables que presenten a los nuevos aficionados la emoci\u00f3n de la F1 y mostrando a los mejores artistas e int\u00e9rpretes del mundo&#8221;, dijo will.i.am.<\/p>\n<\/blockquote>\n\n\n\n<p>&#8220;Let\u00b4s Go&#8221;, &#8220;The Formula&#8221; y &#8220;Mind Your Business&#8221; act\u00faan como preludio para el pr\u00f3ximo quinto \u00e1lbum en solitario de Will I Am.<\/p>\n\n\n\n<p>Es su primer \u00e1lbum desde el #willpower de 2013, que encabez\u00f3 las listas de \u00e9xitos, que incluy\u00f3 &#8220;Scream &amp; Shout&#8221; con Britney Spears.<\/p>\n\n\n\n<p>Siempre superando los l\u00edmites y abrazando la innovaci\u00f3n, Will I Am contin\u00faa elevando su arte a alturas sin precedentes a lo largo de 2023 y m\u00e1s all\u00e1.<\/p>\n\n\n\n<h2 class=\"wp-block-heading\">Letra de Let\u00b4s Go de Will I am con J Blvin.<\/h2>\n\n\n\n<p>Let&#8217;s go!<br>\nRace<\/p>\n\n\n\n<p>Ando siempre contento, siempre contento<br>\nMi gente contenta, la vibra en aumento<br>\nQuiere la crema, arreglamentos<br>\nQue baile todo el mundo, hasta la [?] del convento<br>\nEy, ey, ey, esto lo prendemo&#8217;, lo prendemo&#8217;<br>\nPonte en el poco, mami, porque no te veo<br>\nLuces, tu sexy jean&#8217; pa&#8217; tin-tin<br>\nMam\u00e1, tu [?] que este party lo rompemo&#8217;<\/p>\n\n\n\n<p>Se prende el barrio, nivel mundial<br>\nTo&#8217; el mundo activo, la esquina [?]<br>\nYo brillo porque nac\u00ed pa&#8217; brillar<br>\nYo soy la luz, no me puedes apagar<br>\nQue to&#8217;a las pego, s\u00ed, las pego<br>\n[?] Luces, no me despego<br>\nAndo haciendo el moonwalk por la disco, leggo<\/p>\n\n\n\n<h2 class=\"wp-block-heading\">Let&#8217;s go!<br>\nRace<\/h2>\n\n\n\n<p>Comin&#8217; through like trouble, rappin&#8217; with the verbo<br>\nBreak through the barricade, deep up in a hurdle<br>\nGotta get over before I get on the number one<br>\nN\u00famero uno, universal, ayy, ayy, ayy<br>\nY&#8217;all better follow the leader<br>\nNever lookin&#8217; back, that&#8217;s why I can&#8217;t see ya<br>\nYallah, yallah, we sayin&#8217;: Shalla<br>\nI&#8217;m gonna live my life, no fear, ayy<\/p>\n\n\n\n<p>Se prende el barrio, nivel mundial<br>\nTo&#8217; el mundo activo, la esquina [?]<br>\nYo brillo porque nac\u00ed pa&#8217; brillar<br>\nYo soy la luz, no me puedes apagar<br>\nAyy, [?] podium<br>\nPeople go out, pandemonium<br>\nI&#8217;ma be holdin&#8217; the golden<br>\nTold &#8216;em, I told &#8216;em, I told &#8216;em that<\/p>\n\n\n\n<p>I don&#8217;t wanna wait no more<br>\nAnd I don&#8217;t wanna be late for the show<br>\nAnd it&#8217;s &#8216;bout to go down this evening<br>\nOn God, it&#8217;s about to, &#8216;bout to blow<\/p>\n\n\n\n<p>So let&#8217;s go!<\/p>\n\n\n\n<h2 class=\"wp-block-heading\" id=\"ya-lo-sumamos\">\u00a1Ya lo sumamos!<\/h2>\n\n\n\n<p>Los mejores videos de Will I Am ya forman parte de nuestra programaci\u00f3n, la cual desde hace M\u00e1s de dos d\u00e9cadas, la disfrut\u00e1s 100 % con im\u00e1genes.<\/p>\n\n\n\n<p>Acordate, pod\u00e9s mirarnos desde tu compu, tablet, notebook o Smart TV con s\u00f3lo&nbsp;<a href=\"https:\/\/masfm.com\/emisora\/#section-custom-content-2\" target=\"_blank\" rel=\"noreferrer noopener\">entrar ac\u00e1<\/a>.<\/p>\n\n\n\n<p>Si prefer\u00eds que la experiencia sea por medio de tu celular, bajate la App gratuitamente&nbsp;<a href=\"https:\/\/masfm.pryx.com.ar\/install\/\" target=\"_blank\" rel=\"noreferrer noopener\">desde ac\u00e1<\/a>&nbsp;y miranos desde cualquier parte del mundo, a la hora que quieras!<\/p>\n\n\n\n<p>Estamos las 24 horas con la mejor m\u00fasica y sus clips.<\/p>\n\n\n\n<h2 class=\"wp-block-heading\" id=\"registrate-a-mas-fm-95-9\">\u00a1Registrate a M\u00e1s FM 95 9!<\/h2>\n\n\n  \n  \n  <div class=\"\n    mailpoet_form_popup_overlay\n      \"><\/div>\n  <div\n    id=\"mailpoet_form_3\"\n    class=\"\n      mailpoet_form\n      mailpoet_form_html\n      mailpoet_form_position_\n      mailpoet_form_animation_\n    \"\n      >\n\n    <style type=\"text\/css\">\n     #mailpoet_form_3 .mailpoet_form {  }\n#mailpoet_form_3 .mailpoet_column_with_background { padding: 10px; }\n#mailpoet_form_3 .mailpoet_form_column:not(:first-child) { margin-left: 20px; }\n#mailpoet_form_3 .mailpoet_paragraph { line-height: 20px; margin-bottom: 20px; }\n#mailpoet_form_3 .mailpoet_segment_label, #mailpoet_form_3 .mailpoet_text_label, #mailpoet_form_3 .mailpoet_textarea_label, #mailpoet_form_3 .mailpoet_select_label, #mailpoet_form_3 .mailpoet_radio_label, #mailpoet_form_3 .mailpoet_checkbox_label, #mailpoet_form_3 .mailpoet_list_label, #mailpoet_form_3 .mailpoet_date_label { display: block; font-weight: normal; }\n#mailpoet_form_3 .mailpoet_text, #mailpoet_form_3 .mailpoet_textarea, #mailpoet_form_3 .mailpoet_select, #mailpoet_form_3 .mailpoet_date_month, #mailpoet_form_3 .mailpoet_date_day, #mailpoet_form_3 .mailpoet_date_year, #mailpoet_form_3 .mailpoet_date { display: block; }\n#mailpoet_form_3 .mailpoet_text, #mailpoet_form_3 .mailpoet_textarea { width: 200px; }\n#mailpoet_form_3 .mailpoet_checkbox {  }\n#mailpoet_form_3 .mailpoet_submit {  }\n#mailpoet_form_3 .mailpoet_divider {  }\n#mailpoet_form_3 .mailpoet_message {  }\n#mailpoet_form_3 .mailpoet_form_loading { width: 30px; text-align: center; line-height: normal; }\n#mailpoet_form_3 .mailpoet_form_loading > span { width: 5px; height: 5px; background-color: #5b5b5b; }#mailpoet_form_3{border-radius: 0px;text-align: left;}#mailpoet_form_3 form.mailpoet_form {padding: 20px;}#mailpoet_form_3{width: 100%;}#mailpoet_form_3 .mailpoet_message {margin: 0; padding: 0 20px;}#mailpoet_form_3 .mailpoet_paragraph.last {margin-bottom: 0} @media (max-width: 500px) {#mailpoet_form_3 {background-image: none;}} @media (min-width: 500px) {#mailpoet_form_3 .last .mailpoet_paragraph:last-child {margin-bottom: 0}}  @media (max-width: 500px) {#mailpoet_form_3 .mailpoet_form_column:last-child .mailpoet_paragraph:last-child {margin-bottom: 0}} \n    <\/style>\n\n    <form\n      target=\"_self\"\n      method=\"post\"\n      action=\"https:\/\/masfm.com\/emisora\/wp-admin\/admin-post.php?action=mailpoet_subscription_form\"\n      class=\"mailpoet_form mailpoet_form_form mailpoet_form_html\"\n      novalidate\n      data-delay=\"\"\n      data-exit-intent-enabled=\"\"\n      data-trigger-mode=\"\"\n      data-click-trigger-selector=\"\"\n      data-font-family=\"\"\n      data-cookie-expiration-time=\"\"\n    >\n      <input type=\"hidden\" name=\"data[form_id]\" value=\"3\" \/>\n      <input type=\"hidden\" name=\"token\" value=\"a4b0f744f3\" \/>\n      <input type=\"hidden\" name=\"api_version\" value=\"v1\" \/>\n      <input type=\"hidden\" name=\"endpoint\" value=\"subscribers\" \/>\n      <input type=\"hidden\" name=\"mailpoet_method\" value=\"subscribe\" \/>\n\n      <label class=\"mailpoet_hp_email_label\" style=\"display: none !important;\">Please leave this field empty<input type=\"email\" name=\"data[email]\"\/><\/label><div class='mailpoet_form_columns_container'><div class=\"mailpoet_form_columns mailpoet_paragraph mailpoet_stack_on_mobile\"><div class=\"mailpoet_form_column\"><div class=\"mailpoet_paragraph \"><input type=\"text\" autocomplete=\"given-name\" class=\"mailpoet_text\" id=\"form_first_name_3\" name=\"data[form_field_Mjg5ZDFmYWM5ZDQ5X2ZpcnN0X25hbWU=]\" title=\"Nombre\" value=\"\" style=\"width:100%;box-sizing:border-box;padding:5px;margin: 0 auto 0 0;\" data-automation-id=\"form_first_name\"  placeholder=\"Nombre\" aria-label=\"Nombre\" data-parsley-errors-container=\".mailpoet_error_bqf7y\" data-parsley-names='[&quot;Please specify a valid name.&quot;,&quot;Addresses in names are not permitted, please add your name instead.&quot;]'\/><span class=\"mailpoet_error_bqf7y\"><\/span><\/div>\n<\/div>\n<div class=\"mailpoet_form_column\"><div class=\"mailpoet_paragraph \"><input type=\"email\" autocomplete=\"email\" class=\"mailpoet_text\" id=\"form_email_3\" name=\"data[form_field_OGY2ODJhNTQxZjUxX2VtYWls]\" title=\"TU MAIL:\" value=\"\" style=\"width:100%;box-sizing:border-box;padding:5px;margin: 0 auto 0 0;\" data-automation-id=\"form_email\"  placeholder=\"TU MAIL: *\" aria-label=\"TU MAIL: *\" data-parsley-errors-container=\".mailpoet_error_11fjf\" data-parsley-required=\"true\" required aria-required=\"true\" data-parsley-minlength=\"6\" data-parsley-maxlength=\"150\" data-parsley-type-message=\"This value should be a valid email.\" data-parsley-required-message=\"This field is required.\"\/><span class=\"mailpoet_error_11fjf\"><\/span><\/div>\n<\/div>\n<div class=\"mailpoet_form_column\"><div class=\"mailpoet_paragraph \"><input type=\"submit\" class=\"mailpoet_submit\" value=\"SUMATE YA!\" data-automation-id=\"subscribe-submit-button\" style=\"width:100%;box-sizing:border-box;padding:5px;margin: 0 auto 0 0;border-color:transparent;\" \/><span class=\"mailpoet_form_loading\"><span class=\"mailpoet_bounce1\"><\/span><span class=\"mailpoet_bounce2\"><\/span><span class=\"mailpoet_bounce3\"><\/span><\/span><\/div>\n<\/div>\n<\/div><\/div>\n<div class='mailpoet_form_columns_container'><div class=\"mailpoet_form_columns mailpoet_paragraph mailpoet_stack_on_mobile\"><div class=\"mailpoet_form_column\"><\/div>\n<div class=\"mailpoet_form_column\"><\/div>\n<\/div><\/div>\n\n      <div class=\"mailpoet_message\">\n        <p class=\"mailpoet_validate_success\"\n                style=\"display:none;\"\n                >Revisa tu bandeja de entrada o la carpeta de spam para confirmar tu suscripci\u00f3n.\n        <\/p>\n        <p class=\"mailpoet_validate_error\"\n                style=\"display:none;\"\n                >        <\/p>\n      <\/div>\n    <\/form>\n\n      <\/div>\n\n  \n\n\n<figure class=\"wp-block-image\"><img loading=\"lazy\" decoding=\"async\" width=\"690\" height=\"330\" src=\"https:\/\/masfm.com\/emisora\/wp-content\/uploads\/2023\/10\/will-i-am-con-j-balvin-let-s-go-1.webp\" alt=\"will-i-am-con-j-balvin-let-s-go-1\" class=\"wp-image-18804\" title=\"Hoy, el artista multiplatino ganador del premio GRAMMY\u00ae, Will I Am presenta un nuevo single y video musical inspirado en la F1 titulado &quot;Let\u00b4s Go&quot; con J Balvin.\" srcset=\"https:\/\/masfm.com\/emisora\/wp-content\/uploads\/2023\/10\/will-i-am-con-j-balvin-let-s-go-1.webp 690w, https:\/\/masfm.com\/emisora\/wp-content\/uploads\/2023\/10\/will-i-am-con-j-balvin-let-s-go-1-600x287.webp 600w, https:\/\/masfm.com\/emisora\/wp-content\/uploads\/2023\/10\/will-i-am-con-j-balvin-let-s-go-1-190x91.webp 190w, https:\/\/masfm.com\/emisora\/wp-content\/uploads\/2023\/10\/will-i-am-con-j-balvin-let-s-go-1-70x33.webp 70w, https:\/\/masfm.com\/emisora\/wp-content\/uploads\/2023\/10\/will-i-am-con-j-balvin-let-s-go-1-523x250.webp 523w, https:\/\/masfm.com\/emisora\/wp-content\/uploads\/2023\/10\/will-i-am-con-j-balvin-let-s-go-1-418x200.webp 418w, https:\/\/masfm.com\/emisora\/wp-content\/uploads\/2023\/10\/will-i-am-con-j-balvin-let-s-go-1-350x167.webp 350w, https:\/\/masfm.com\/emisora\/wp-content\/uploads\/2023\/10\/will-i-am-con-j-balvin-let-s-go-1-60x29.webp 60w\" sizes=\"auto, (max-width: 690px) 100vw, 690px\" \/><\/figure>\n\n\n\n<p><\/p>\n","protected":false},"excerpt":{"rendered":"<p>Will I Am lanza Let\u00b4s Go, su nuevo sencillo inspirado en la F1 con J Balvin: letra y video. Hoy, el artista multiplatino ganador del premio GRAMMY\u00ae, Will I Am presenta un nuevo single y video musical inspirado en la F1 titulado &#8220;Let\u00b4s Go&#8221; con J Balvin. Es la segunda canci\u00f3n lanzada por Will I&hellip;<\/p>\n","protected":false},"author":4,"featured_media":18804,"comment_status":"closed","ping_status":"open","sticky":false,"template":"","format":"video","meta":{"footnotes":""},"categories":[2],"tags":[48,116,47,46,13,14,51,24,23,619],"class_list":["post-18801","post","type-post","status-publish","format-video","has-post-thumbnail","hentry","category-noticias","tag-esporaca","tag-j-balvin","tag-laradioqueseve","tag-masfm959","tag-musica","tag-noticias","tag-nuevo","tag-videos","tag-video","tag-will-i-am","post_format-post-format-video"],"amp_enabled":true,"_links":{"self":[{"href":"https:\/\/masfm.com\/emisora\/wp-json\/wp\/v2\/posts\/18801","targetHints":{"allow":["GET"]}}],"collection":[{"href":"https:\/\/masfm.com\/emisora\/wp-json\/wp\/v2\/posts"}],"about":[{"href":"https:\/\/masfm.com\/emisora\/wp-json\/wp\/v2\/types\/post"}],"author":[{"embeddable":true,"href":"https:\/\/masfm.com\/emisora\/wp-json\/wp\/v2\/users\/4"}],"replies":[{"embeddable":true,"href":"https:\/\/masfm.com\/emisora\/wp-json\/wp\/v2\/comments?post=18801"}],"version-history":[{"count":0,"href":"https:\/\/masfm.com\/emisora\/wp-json\/wp\/v2\/posts\/18801\/revisions"}],"wp:featuredmedia":[{"embeddable":true,"href":"https:\/\/masfm.com\/emisora\/wp-json\/wp\/v2\/media\/18804"}],"wp:attachment":[{"href":"https:\/\/masfm.com\/emisora\/wp-json\/wp\/v2\/media?parent=18801"}],"wp:term":[{"taxonomy":"category","embeddable":true,"href":"https:\/\/masfm.com\/emisora\/wp-json\/wp\/v2\/categories?post=18801"},{"taxonomy":"post_tag","embeddable":true,"href":"https:\/\/masfm.com\/emisora\/wp-json\/wp\/v2\/tags?post=18801"}],"curies":[{"name":"wp","href":"https:\/\/api.w.org\/{rel}","templated":true}]}}