{"id":18994,"date":"2023-10-31T13:45:54","date_gmt":"2023-10-31T16:45:54","guid":{"rendered":"https:\/\/masfm.com\/emisora\/?p=18994"},"modified":"2023-10-31T13:45:55","modified_gmt":"2023-10-31T16:45:55","slug":"palpita-de-camilo-tiene-video-letra","status":"publish","type":"post","link":"https:\/\/masfm.com\/emisora\/palpita-de-camilo-tiene-video-letra\/","title":{"rendered":"PALPITA DE CAMILO TIENE VIDEO"},"content":{"rendered":"\n<figure class=\"wp-block-video\"><\/figure>\n\n\n\n<h2 class=\"wp-block-heading\">La canci\u00f3n Palpita de Camilo tiene video oficial: toda la info, las im\u00e1genes y la letra est\u00e1n ac\u00e1!<\/h2>\n\n\n\n<figure class=\"wp-block-image size-full\"><img loading=\"lazy\" decoding=\"async\" width=\"690\" height=\"330\" src=\"https:\/\/masfm.com\/emisora\/wp-content\/uploads\/2023\/10\/palpita-de-camilo-tiene-video-letra-1.webp\" alt=\"La canci\u00f3n Palpita de Camilo y Diljit Dosanjh tiene video oficial: toda la info, las im\u00e1genes y la letra est\u00e1n ac\u00e1!\" class=\"wp-image-18996\" title=\"La canci\u00f3n Palpita de Camilo y Diljit Dosanjh tiene video oficial: toda la info, las im\u00e1genes y la letra est\u00e1n ac\u00e1!\" srcset=\"https:\/\/masfm.com\/emisora\/wp-content\/uploads\/2023\/10\/palpita-de-camilo-tiene-video-letra-1.webp 690w, https:\/\/masfm.com\/emisora\/wp-content\/uploads\/2023\/10\/palpita-de-camilo-tiene-video-letra-1-600x287.webp 600w, https:\/\/masfm.com\/emisora\/wp-content\/uploads\/2023\/10\/palpita-de-camilo-tiene-video-letra-1-190x91.webp 190w, https:\/\/masfm.com\/emisora\/wp-content\/uploads\/2023\/10\/palpita-de-camilo-tiene-video-letra-1-70x33.webp 70w, https:\/\/masfm.com\/emisora\/wp-content\/uploads\/2023\/10\/palpita-de-camilo-tiene-video-letra-1-523x250.webp 523w, https:\/\/masfm.com\/emisora\/wp-content\/uploads\/2023\/10\/palpita-de-camilo-tiene-video-letra-1-418x200.webp 418w, https:\/\/masfm.com\/emisora\/wp-content\/uploads\/2023\/10\/palpita-de-camilo-tiene-video-letra-1-350x167.webp 350w, https:\/\/masfm.com\/emisora\/wp-content\/uploads\/2023\/10\/palpita-de-camilo-tiene-video-letra-1-60x29.webp 60w\" sizes=\"auto, (max-width: 690px) 100vw, 690px\" \/><\/figure>\n\n\n\n<p>Palpita, de Camilo en colaboraci\u00f3n con un artista de la etnia punjabi de la India, ya tiene video oficial y te lo mostamos.<\/p>\n\n\n\n<p>El cantante colombiano asegur\u00f3 que poder comunicarse a trav\u00e9s de la m\u00fasica con el artista indio <a href=\"https:\/\/masfm.com\/emisora\/?s=Diljit+Dosanjh\" target=\"_blank\" rel=\"noreferrer noopener\">Diljit Dosanjh<\/a> demuestra que se pueden vencer las barreras en todo el mundo<\/p>\n\n\n\n<p>Que la m\u00fasica rompe fronteras lo est\u00e1 demostrado el colombiano <a href=\"https:\/\/masfm.com\/emisora\/?s=camilo\" target=\"_blank\" rel=\"noreferrer noopener\">Camilo<\/a> Echeverry. <\/p>\n\n\n\n<p>El artista de 29 a\u00f1os tuvo dos conciertos en Jap\u00f3n, en donde bail\u00f3 con un grupo de k-pop, y ahora est\u00e1 en Dub\u00e1i en medio del lanzamiento de su nueva canci\u00f3n Palpita, una colaboraci\u00f3n con un colega de la India.<\/p>\n\n\n\n<p>A trav\u00e9s de sus redes sociales, el Camilo anunci\u00f3 el lanzamiento de su canci\u00f3n con el artista internacional y explic\u00f3 lo que significaba este logro en su vida.<\/p>\n\n\n\n<blockquote class=\"wp-block-quote is-layout-flow wp-block-quote-is-layout-flow\">\n<p>\u201cPongan cuidado a lo que les voy a decir, soy un artista colombiano con una esposa venezolana y una hija colombo-venezolana. Acabo de estar en Jap\u00f3n haciendo dos conciertos, acabo de aterrizar en Dub\u00e1i y estoy a punto de sacar una canci\u00f3n con un artista punjabi de la India\u201d, relat\u00f3 Camilo expresando agradecimiento con Dios y la vida por estas oportunidades.<\/p>\n<\/blockquote>\n\n\n\n<blockquote class=\"wp-block-quote is-layout-flow wp-block-quote-is-layout-flow\">\n<p>\u201cSi esto no es vivir el sue\u00f1o, entonces no s\u00e9 qu\u00e9 lo sea. Es que si no paro y miro atr\u00e1s, paso de largo y ni me entero, se me pasa el sue\u00f1o de frente\u201d, reflexion\u00f3.<\/p>\n<\/blockquote>\n\n\n\n<h2 class=\"wp-block-heading\">Palpita de Camilo y su inicio.<\/h2>\n\n\n\n<p>La colaboraci\u00f3n entre estos artistas se dio a trav\u00e9s de Coke Studio, una llamativa plataforma musical que pertenece a la marca Coca-Cola y que permite la colaboraci\u00f3n entre grandes artistas y artistas emergentes en sesiones en su estudio para grabar nuevas canciones.<\/p>\n\n\n\n<p>De la colaboraci\u00f3n hay dos videos; uno en el canal de la plataforma con la grabaci\u00f3n desde el estudio y otro en el canal oficial de Camilo, en el que los dos artistas colocaron las letras en sus respectivos idiomas y con peque\u00f1os clips de lo que para ellos fue la experiencia de trabajar juntos. <\/p>\n\n\n\n<p>Ambos videos superaron las 20 mil reproducciones en menos de 12 horas.<\/p>\n\n\n\n<blockquote class=\"wp-block-quote is-layout-flow wp-block-quote-is-layout-flow\">\n<p>\u201cEste mensaje es para decirles que sigan sus sue\u00f1os, parce. Que los persigan siempre, pase lo que pase, vale la pena. Los amo \u2018tribu\u2019, gracias por permitirme estar cumpliendo mi sue\u00f1o\u201d, dijo el colombiano en su Instagram al anunciar el lanzamiento de la canci\u00f3n.<\/p>\n<\/blockquote>\n\n\n\n<h2 class=\"wp-block-heading\">Por otro lado, el cantante tambi\u00e9n se\u00f1al\u00f3 en una de sus publicaciones lo que fue trabajar con Diljit en el estudio. <\/h2>\n\n\n\n<blockquote class=\"wp-block-quote is-layout-flow wp-block-quote-is-layout-flow\">\n<p>\u201cFue una valiosa experiencia de aprendizaje, porque tuve la oportunidad de ver y sentir realmente su enorme coraz\u00f3n y la riqueza de sus melod\u00edas\u201d, escribi\u00f3.<\/p>\n<\/blockquote>\n\n\n\n<p>Camilo agreg\u00f3 que incluso con las barreras del idioma y la cultura, el trabajo con Diljit se simplific\u00f3 por el respeto mutuo y que esto deber\u00eda ser ejemplo para el mundo. <\/p>\n\n\n\n<blockquote class=\"wp-block-quote is-layout-flow wp-block-quote-is-layout-flow\">\n<p>\u201cEsta canci\u00f3n me enorgullece mucho, no s\u00f3lo por lo que significa en mi carrera, sino por lo que estamos construyendo entre su pa\u00eds y el m\u00edo\u201d.<\/p>\n<\/blockquote>\n\n\n\n<p>El cantante finaliz\u00f3 su ola de publicaciones por este nuevo lanzamiento que ya recibe los mejores comentarios de los fan\u00e1ticos de ambos, se\u00f1alando que \u201cEl amor y el respeto es nuestro lenguaje com\u00fan!\u201d.<\/p>\n\n\n\n<h2 class=\"wp-block-heading\">Letra de Palpita de Camilo y Diljit Dosanjh.<\/h2>\n\n\n\n<p>Ho Jihdeya naina ch teri lorr sohniye<br>Japey jive chann te Chakor Soniye<br>Dil tere paiju rainfall sohniye<br>Laa k Dekhi gabhru nu call sohniye<\/p>\n\n\n\n<p>Todo el mundo est\u00e1 hablando de ti<br>Ya no saben qu\u00e9 decir<br>Diles que t\u00fa est\u00e1s aqu\u00ed<br>Y mueres por m\u00ed<br>Y yo ya tengo tu direcci\u00f3n<br>M\u00e1s freno tiene un avi\u00f3n<br>Los dos en la habitaci\u00f3n<br>Y mi coraz\u00f3n<\/p>\n\n\n\n<p>Palpita que me pal<br>Pita que me pal<br><br>Pita que me palpita<\/p>\n\n\n\n<p>Munde kawaare ni saare de saare ni<br>Patt te kudiye kar ishaare ni<br>Kaisi tu hoor ni kitta fitoor ni<br>Haare jo kade na tere te haare ni<br>Kahda tu ditta ni pair jya paa<br>Lehraa v gaiyaa ne utte nu aa<br>Ankh tere ch jo roshni ah<br>Chan de aagge jyo fikke ah taare ni<\/p>\n\n\n\n<p>Quisiera que fueras lluvia pa que me puedas mojar<br>Quisiera que fueras puerta pa que me dejes entrar<br>Si tu cuerpo fuera un r\u00edo y tu boca fuera el mar<br>Yo quisiera ser un barco pa poderte navegar<\/p>\n\n\n\n<h4 class=\"wp-block-heading\">Palpita que me pal<br>Pita que me pal<br><br>Pita que me palpita<\/h4>\n\n\n\n<p>Ho Jihdeya naina ch teri lorr sohniye<br>Japey jive chann te Chakor Soniye<br>Dil tere paiju rainfall sohniye<br>Laa k Dekhi gabhru nu call sohniye<\/p>\n\n\n\n<p>Palpita que me pal<br>Pita que me pal<br><br>Pita que me palpita<\/p>\n\n\n\n<p>Kahda tu ditta ni pair jya paa<br>Lehraa v gaiyaa ne utte nu aa<br>Oh! Layi ni Camilo nu tu call sohniye<\/p>\n\n\n\n<h2 class=\"wp-block-heading\">Este logro internacional se sum\u00f3 a los dos conciertos que realiz\u00f3 el colombiano recientemente en Jap\u00f3n. <\/h2>\n\n\n\n<p>Camilo Echeverry realiz\u00f3 sus primeras presentaciones en Tokio, Jap\u00f3n, ante miles de asistentes en el marco del festival Summer Sonic durante dos noches seguidas, el 18 y 19 de agosto.<\/p>\n\n\n\n<blockquote class=\"wp-block-quote is-layout-flow wp-block-quote-is-layout-flow\">\n<p>\u201cMi primer concierto en Jap\u00f3n. No tengo palabras para describir lo que sent\u00ed. Ser bienvenido as\u00ed en un lugar tan lejos de casa\u201d, escribi\u00f3 Camilo en la descripci\u00f3n de su video, publicado en la madrugada del s\u00e1bado 19 de agosto (hora Colombia), pero faltando tan s\u00f3lo algunas horas para su segundo concierto.<\/p>\n<\/blockquote>\n\n\n\n<p>El colombiano fue uno de los artistas m\u00e1s importantes en el cartel del Summer Sonic, un festival musical que se realiza anualmente en Jap\u00f3n de manera simult\u00e1nea en diferentes escenarios en Tokio y Osaka. <\/p>\n\n\n\n<p>La mayor\u00eda de los artistas, como fue el caso de Camilo, se presentan dos d\u00edas del evento, que inici\u00f3 el 18 de agosto y termin\u00f3 el d\u00eda 20.<\/p>\n\n\n\n<p>Junto a Camilo, en el cartel de artistas invitados resaltaron estrellas y grupos internacionales como: Fall Out Boy, Niall Horan (exintegrante de One Direction), Two Door Cinema Club, Babymetal, Evanescence, entre otros importantes artistas.<\/p>\n\n\n\n<h2 class=\"wp-block-heading\">Palpita de Camilo y Diljit Dosanjh ya tiene video oficial.<\/h2>\n\n\n\n<p>Palpita ya forma parte de nuestra programaci\u00f3n, la cual desde hace a\u00f1os, la disfrut\u00e1s 100 % con im\u00e1genes. Acordate, pod\u00e9s mirarnos desde tu compu, tablet, notebook o Smart TV con s\u00f3lo\u00a0<a href=\"https:\/\/masfm.com\/emisora\/#section-custom-content-2\" target=\"_blank\" rel=\"noreferrer noopener\">entrar ac\u00e1<\/a>.<\/p>\n\n\n\n<p>Si prefer\u00eds que la experiencia sea por medio de tu celular, bajate la App gratuitamente&nbsp;<a href=\"https:\/\/masfm.pryx.com.ar\/install\/\" target=\"_blank\" rel=\"noreferrer noopener\">desde ac\u00e1<\/a>&nbsp;y miranos desde cualquier parte del mundo, a la hora que quieras! Estamos las 24 horas con la mejor m\u00fasica y sus clips.<\/p>\n\n\n\n<h2 class=\"wp-block-heading\">Registrate a M\u00e1s FM 95 9!<\/h2>\n\n\n  \n  \n  <div class=\"\n    mailpoet_form_popup_overlay\n      \"><\/div>\n  <div\n    id=\"mailpoet_form_3\"\n    class=\"\n      mailpoet_form\n      mailpoet_form_html\n      mailpoet_form_position_\n      mailpoet_form_animation_\n    \"\n      >\n\n    <style type=\"text\/css\">\n     #mailpoet_form_3 .mailpoet_form {  }\n#mailpoet_form_3 .mailpoet_column_with_background { padding: 10px; }\n#mailpoet_form_3 .mailpoet_form_column:not(:first-child) { margin-left: 20px; }\n#mailpoet_form_3 .mailpoet_paragraph { line-height: 20px; margin-bottom: 20px; }\n#mailpoet_form_3 .mailpoet_segment_label, #mailpoet_form_3 .mailpoet_text_label, #mailpoet_form_3 .mailpoet_textarea_label, #mailpoet_form_3 .mailpoet_select_label, #mailpoet_form_3 .mailpoet_radio_label, #mailpoet_form_3 .mailpoet_checkbox_label, #mailpoet_form_3 .mailpoet_list_label, #mailpoet_form_3 .mailpoet_date_label { display: block; font-weight: normal; }\n#mailpoet_form_3 .mailpoet_text, #mailpoet_form_3 .mailpoet_textarea, #mailpoet_form_3 .mailpoet_select, #mailpoet_form_3 .mailpoet_date_month, #mailpoet_form_3 .mailpoet_date_day, #mailpoet_form_3 .mailpoet_date_year, #mailpoet_form_3 .mailpoet_date { display: block; }\n#mailpoet_form_3 .mailpoet_text, #mailpoet_form_3 .mailpoet_textarea { width: 200px; }\n#mailpoet_form_3 .mailpoet_checkbox {  }\n#mailpoet_form_3 .mailpoet_submit {  }\n#mailpoet_form_3 .mailpoet_divider {  }\n#mailpoet_form_3 .mailpoet_message {  }\n#mailpoet_form_3 .mailpoet_form_loading { width: 30px; text-align: center; line-height: normal; }\n#mailpoet_form_3 .mailpoet_form_loading > span { width: 5px; height: 5px; background-color: #5b5b5b; }#mailpoet_form_3{border-radius: 0px;text-align: left;}#mailpoet_form_3 form.mailpoet_form {padding: 20px;}#mailpoet_form_3{width: 100%;}#mailpoet_form_3 .mailpoet_message {margin: 0; padding: 0 20px;}#mailpoet_form_3 .mailpoet_paragraph.last {margin-bottom: 0} @media (max-width: 500px) {#mailpoet_form_3 {background-image: none;}} @media (min-width: 500px) {#mailpoet_form_3 .last .mailpoet_paragraph:last-child {margin-bottom: 0}}  @media (max-width: 500px) {#mailpoet_form_3 .mailpoet_form_column:last-child .mailpoet_paragraph:last-child {margin-bottom: 0}} \n    <\/style>\n\n    <form\n      target=\"_self\"\n      method=\"post\"\n      action=\"https:\/\/masfm.com\/emisora\/wp-admin\/admin-post.php?action=mailpoet_subscription_form\"\n      class=\"mailpoet_form mailpoet_form_form mailpoet_form_html\"\n      novalidate\n      data-delay=\"\"\n      data-exit-intent-enabled=\"\"\n      data-trigger-mode=\"\"\n      data-click-trigger-selector=\"\"\n      data-font-family=\"\"\n      data-cookie-expiration-time=\"\"\n    >\n      <input type=\"hidden\" name=\"data[form_id]\" value=\"3\" \/>\n      <input type=\"hidden\" name=\"token\" value=\"a4ce824dd0\" \/>\n      <input type=\"hidden\" name=\"api_version\" value=\"v1\" \/>\n      <input type=\"hidden\" name=\"endpoint\" value=\"subscribers\" \/>\n      <input type=\"hidden\" name=\"mailpoet_method\" value=\"subscribe\" \/>\n\n      <label class=\"mailpoet_hp_email_label\" style=\"display: none !important;\">Please leave this field empty<input type=\"email\" name=\"data[email]\"\/><\/label><div class='mailpoet_form_columns_container'><div class=\"mailpoet_form_columns mailpoet_paragraph mailpoet_stack_on_mobile\"><div class=\"mailpoet_form_column\"><div class=\"mailpoet_paragraph \"><input type=\"text\" autocomplete=\"given-name\" class=\"mailpoet_text\" id=\"form_first_name_3\" name=\"data[form_field_Mjg5ZDFmYWM5ZDQ5X2ZpcnN0X25hbWU=]\" title=\"Nombre\" value=\"\" style=\"width:100%;box-sizing:border-box;padding:5px;margin: 0 auto 0 0;\" data-automation-id=\"form_first_name\"  placeholder=\"Nombre\" aria-label=\"Nombre\" data-parsley-errors-container=\".mailpoet_error_npued\" data-parsley-names='[&quot;Please specify a valid name.&quot;,&quot;Addresses in names are not permitted, please add your name instead.&quot;]'\/><span class=\"mailpoet_error_npued\"><\/span><\/div>\n<\/div>\n<div class=\"mailpoet_form_column\"><div class=\"mailpoet_paragraph \"><input type=\"email\" autocomplete=\"email\" class=\"mailpoet_text\" id=\"form_email_3\" name=\"data[form_field_OGY2ODJhNTQxZjUxX2VtYWls]\" title=\"TU MAIL:\" value=\"\" style=\"width:100%;box-sizing:border-box;padding:5px;margin: 0 auto 0 0;\" data-automation-id=\"form_email\"  placeholder=\"TU MAIL: *\" aria-label=\"TU MAIL: *\" data-parsley-errors-container=\".mailpoet_error_1c9gi\" data-parsley-required=\"true\" required aria-required=\"true\" data-parsley-minlength=\"6\" data-parsley-maxlength=\"150\" data-parsley-type-message=\"This value should be a valid email.\" data-parsley-required-message=\"This field is required.\"\/><span class=\"mailpoet_error_1c9gi\"><\/span><\/div>\n<\/div>\n<div class=\"mailpoet_form_column\"><div class=\"mailpoet_paragraph \"><input type=\"submit\" class=\"mailpoet_submit\" value=\"SUMATE YA!\" data-automation-id=\"subscribe-submit-button\" style=\"width:100%;box-sizing:border-box;padding:5px;margin: 0 auto 0 0;border-color:transparent;\" \/><span class=\"mailpoet_form_loading\"><span class=\"mailpoet_bounce1\"><\/span><span class=\"mailpoet_bounce2\"><\/span><span class=\"mailpoet_bounce3\"><\/span><\/span><\/div>\n<\/div>\n<\/div><\/div>\n<div class='mailpoet_form_columns_container'><div class=\"mailpoet_form_columns mailpoet_paragraph mailpoet_stack_on_mobile\"><div class=\"mailpoet_form_column\"><\/div>\n<div class=\"mailpoet_form_column\"><\/div>\n<\/div><\/div>\n\n      <div class=\"mailpoet_message\">\n        <p class=\"mailpoet_validate_success\"\n                style=\"display:none;\"\n                >Revisa tu bandeja de entrada o la carpeta de spam para confirmar tu suscripci\u00f3n.\n        <\/p>\n        <p class=\"mailpoet_validate_error\"\n                style=\"display:none;\"\n                >        <\/p>\n      <\/div>\n    <\/form>\n\n      <\/div>\n\n  \n\n\n<figure class=\"wp-block-image size-full\"><img loading=\"lazy\" decoding=\"async\" width=\"690\" height=\"330\" src=\"https:\/\/masfm.com\/emisora\/wp-content\/uploads\/2023\/10\/palpita-de-camilo-tiene-video-letra-1.webp\" alt=\"La canci\u00f3n Palpita de Camilo y Diljit Dosanjh tiene video oficial: toda la info, las im\u00e1genes y la letra est\u00e1n ac\u00e1!\" class=\"wp-image-18996\" title=\"La canci\u00f3n Palpita de Camilo y Diljit Dosanjh tiene video oficial: toda la info, las im\u00e1genes y la letra est\u00e1n ac\u00e1!\" srcset=\"https:\/\/masfm.com\/emisora\/wp-content\/uploads\/2023\/10\/palpita-de-camilo-tiene-video-letra-1.webp 690w, https:\/\/masfm.com\/emisora\/wp-content\/uploads\/2023\/10\/palpita-de-camilo-tiene-video-letra-1-600x287.webp 600w, https:\/\/masfm.com\/emisora\/wp-content\/uploads\/2023\/10\/palpita-de-camilo-tiene-video-letra-1-190x91.webp 190w, https:\/\/masfm.com\/emisora\/wp-content\/uploads\/2023\/10\/palpita-de-camilo-tiene-video-letra-1-70x33.webp 70w, https:\/\/masfm.com\/emisora\/wp-content\/uploads\/2023\/10\/palpita-de-camilo-tiene-video-letra-1-523x250.webp 523w, https:\/\/masfm.com\/emisora\/wp-content\/uploads\/2023\/10\/palpita-de-camilo-tiene-video-letra-1-418x200.webp 418w, https:\/\/masfm.com\/emisora\/wp-content\/uploads\/2023\/10\/palpita-de-camilo-tiene-video-letra-1-350x167.webp 350w, https:\/\/masfm.com\/emisora\/wp-content\/uploads\/2023\/10\/palpita-de-camilo-tiene-video-letra-1-60x29.webp 60w\" sizes=\"auto, (max-width: 690px) 100vw, 690px\" \/><\/figure>\n","protected":false},"excerpt":{"rendered":"<p>La canci\u00f3n Palpita de Camilo tiene video oficial: toda la info, las im\u00e1genes y la letra est\u00e1n ac\u00e1! Palpita, de Camilo en colaboraci\u00f3n con un artista de la etnia punjabi de la India, ya tiene video oficial y te lo mostamos. El cantante colombiano asegur\u00f3 que poder comunicarse a trav\u00e9s de la m\u00fasica con el&hellip;<\/p>\n","protected":false},"author":4,"featured_media":18996,"comment_status":"closed","ping_status":"open","sticky":false,"template":"","format":"video","meta":{"footnotes":""},"categories":[2],"tags":[267,623,48,11,47,46,13,14,51,24,23],"class_list":["post-18994","post","type-post","status-publish","format-video","has-post-thumbnail","hentry","category-noticias","tag-camilo","tag-diljit-dosanjh","tag-esporaca","tag-interes-gral","tag-laradioqueseve","tag-masfm959","tag-musica","tag-noticias","tag-nuevo","tag-videos","tag-video","post_format-post-format-video"],"amp_enabled":true,"_links":{"self":[{"href":"https:\/\/masfm.com\/emisora\/wp-json\/wp\/v2\/posts\/18994","targetHints":{"allow":["GET"]}}],"collection":[{"href":"https:\/\/masfm.com\/emisora\/wp-json\/wp\/v2\/posts"}],"about":[{"href":"https:\/\/masfm.com\/emisora\/wp-json\/wp\/v2\/types\/post"}],"author":[{"embeddable":true,"href":"https:\/\/masfm.com\/emisora\/wp-json\/wp\/v2\/users\/4"}],"replies":[{"embeddable":true,"href":"https:\/\/masfm.com\/emisora\/wp-json\/wp\/v2\/comments?post=18994"}],"version-history":[{"count":0,"href":"https:\/\/masfm.com\/emisora\/wp-json\/wp\/v2\/posts\/18994\/revisions"}],"wp:featuredmedia":[{"embeddable":true,"href":"https:\/\/masfm.com\/emisora\/wp-json\/wp\/v2\/media\/18996"}],"wp:attachment":[{"href":"https:\/\/masfm.com\/emisora\/wp-json\/wp\/v2\/media?parent=18994"}],"wp:term":[{"taxonomy":"category","embeddable":true,"href":"https:\/\/masfm.com\/emisora\/wp-json\/wp\/v2\/categories?post=18994"},{"taxonomy":"post_tag","embeddable":true,"href":"https:\/\/masfm.com\/emisora\/wp-json\/wp\/v2\/tags?post=18994"}],"curies":[{"name":"wp","href":"https:\/\/api.w.org\/{rel}","templated":true}]}}