{"id":19975,"date":"2023-12-09T11:00:43","date_gmt":"2023-12-09T14:00:43","guid":{"rendered":"https:\/\/masfm.com\/emisora\/?p=19975"},"modified":"2025-07-12T04:54:13","modified_gmt":"2025-07-12T07:54:13","slug":"miranda-en-ferro-recital-vivo-lali-cristian-castro-fmk-emilia-luck-ra","status":"publish","type":"post","link":"https:\/\/masfm.com\/emisora\/miranda-en-ferro-recital-vivo-lali-cristian-castro-fmk-emilia-luck-ra\/","title":{"rendered":"MIRANDA! EN FERRO"},"content":{"rendered":"\n<figure class=\"wp-block-image size-full\"><img loading=\"lazy\" decoding=\"async\" width=\"690\" height=\"330\" src=\"https:\/\/masfm.com\/emisora\/wp-content\/uploads\/2023\/12\/miranda-en-ferro-recital-vivo-lali-cristian-castro-fmk-emilia-luck-ra-2.jpg\" alt=\"miranda-en-ferro-recital-vivo-lali-cristian-castro-fmk-emilia-luck-ra-2\" class=\"wp-image-19977\" title=\"Miranda se present\u00f3 en Ferro para cerrar el a\u00f1o: toda la info est\u00e1 ac\u00e1! Cristian Castro, Goyo Degano, Luck Ra, Dillom, Francisca Valenzuela, Emma Horvilleur y Juan Ingaramo tambi\u00e9n pasaron por el escenario.\" srcset=\"https:\/\/masfm.com\/emisora\/wp-content\/uploads\/2023\/12\/miranda-en-ferro-recital-vivo-lali-cristian-castro-fmk-emilia-luck-ra-2.jpg 690w, https:\/\/masfm.com\/emisora\/wp-content\/uploads\/2023\/12\/miranda-en-ferro-recital-vivo-lali-cristian-castro-fmk-emilia-luck-ra-2-600x287.jpg 600w, https:\/\/masfm.com\/emisora\/wp-content\/uploads\/2023\/12\/miranda-en-ferro-recital-vivo-lali-cristian-castro-fmk-emilia-luck-ra-2-190x91.jpg 190w, https:\/\/masfm.com\/emisora\/wp-content\/uploads\/2023\/12\/miranda-en-ferro-recital-vivo-lali-cristian-castro-fmk-emilia-luck-ra-2-70x33.jpg 70w, https:\/\/masfm.com\/emisora\/wp-content\/uploads\/2023\/12\/miranda-en-ferro-recital-vivo-lali-cristian-castro-fmk-emilia-luck-ra-2-523x250.jpg 523w, https:\/\/masfm.com\/emisora\/wp-content\/uploads\/2023\/12\/miranda-en-ferro-recital-vivo-lali-cristian-castro-fmk-emilia-luck-ra-2-418x200.jpg 418w, https:\/\/masfm.com\/emisora\/wp-content\/uploads\/2023\/12\/miranda-en-ferro-recital-vivo-lali-cristian-castro-fmk-emilia-luck-ra-2-350x167.jpg 350w, https:\/\/masfm.com\/emisora\/wp-content\/uploads\/2023\/12\/miranda-en-ferro-recital-vivo-lali-cristian-castro-fmk-emilia-luck-ra-2-60x29.jpg 60w\" sizes=\"auto, (max-width: 690px) 100vw, 690px\" \/><\/figure>\n\n\n\n<h2 class=\"wp-block-heading\" id=\"miranda-se-presento-en-ferro-para-cerrar-el-ano-toda-la-info-esta-aca\">Miranda se present\u00f3 en Ferro para cerrar el a\u00f1o: toda la info est\u00e1 ac\u00e1!<\/h2>\n\n\n\n<p>Miranda! en Ferro, como para darle un cierre especial a este s\u00fapero a\u00f1o de la banda de Ale Sergi y Juliana Gattas.<\/p>\n\n\n\n<div class=\"wp-block-rank-math-toc-block\" id=\"rank-math-toc\"><h4>Contenidos de la nota.<\/h4><nav><ul><li class=\"\"><a href=\"#miranda-se-presento-en-ferro-para-cerrar-el-ano-toda-la-info-esta-aca\">Miranda se present\u00f3 en Ferro para cerrar el a\u00f1o: toda la info est\u00e1 ac\u00e1!<\/a><\/li><li class=\"\"><a href=\"#una-noche-muy-esperada-por-todos-los-fans-de-miranda\">Una noche muy esperada por todos los fans de Miranda!<\/a><\/li><li class=\"\"><a href=\"#los-invitados-que-se-sumaron-a-la-fiesta-de-miranda-en-ferro\">Los invitados que se sumaron a la fiesta de Miranda! en Ferro.<\/a><\/li><li class=\"\"><a href=\"#setlist-del-show-de-miranda-en-ferro\">Setlist del show de Miranda! en Ferro.<\/a><ul><li class=\"\"><a href=\"#bises\">Bises<\/a><\/li><\/ul><\/li><li class=\"\"><a href=\"#ya-lo-sumamos\">\u00a1Ya lo sumamos!<\/a><\/li><li class=\"\"><a href=\"#registrate-a-mas-fm-95-9\">\u00a1Registrate a M\u00e1s FM 95 9!<\/a><\/li><\/ul><\/nav><\/div>\n\n\n\n<p>Y la fiesta fue total, con un fuerte listado de hits y con invitados como Lali, Emilia y FMK.<\/p>\n\n\n\n<p>La banda celebr\u00f3 sus 22 a\u00f1os de trayectoria en Ferro con una gran puesta en escena. <\/p>\n\n\n\n<p>No faltaron las canciones del disco \u201cHotel Miranda!\u201d. <\/p>\n\n\n\n<p>Cristian Castro, Goyo Degano, Luck Ra, Dillom, Francisca Valenzuela, Emma Horvilleur y Juan Ingaramo tambi\u00e9n pasaron por el escenario.<\/p>\n\n\n\n<h2 class=\"wp-block-heading\" id=\"una-noche-muy-esperada-por-todos-los-fans-de-miranda\">Una noche muy esperada por todos los fans de Miranda! <\/h2>\n\n\n\n<p>El d\u00fao comandado por Ale Sergi y Juliana Gattas se presentaron en Ferro, como cierre del a\u00f1o, con un setlist cargado de \u00e9xitos y la presentaci\u00f3n de importantes invitados.<\/p>\n\n\n\n<p>Baile con lo mejor del pop. Con 22 a\u00f1os de trayectoria, Miranda! cerr\u00f3 su mejor a\u00f1o a lo grande para m\u00e1s de 30 mil personas. <\/p>\n\n\n\n<p>El \u00e1lbum Hotel Miranda! tuvo su gran fiesta. Antes de arrancar con el recital, el grupo recibi\u00f3 una placa en reconocimiento al \u201cdisco de platino\u201d.<\/p>\n\n\n\n<p>Puntualmente, a las 21:30, la banda apareci\u00f3 sobre el imponente escenario. <\/p>\n\n\n\n<p>Durante un poco m\u00e1s de dos horas, el p\u00fablico disfrut\u00f3 de una mega producci\u00f3n sonora y audiovisual con 29 canciones.<\/p>\n\n\n\n<p>Un enorme decorado de escenograf\u00eda con la fachada del hotel, una pasarela por donde se presentaron los hu\u00e9spedes desplegando todo su glamour. <\/p>\n\n\n\n<p>Cada detalle se pudo seguir por las imponentes pantallas de video.<\/p>\n\n\n\n<p>Fue un gran despliegue esc\u00e9nico, actores y un cuerpo de bailarines perfectamente coordinados. Cambios de vestuario, escenograf\u00eda y la recreaci\u00f3n de varias de las escenas de los videoclips con gran producci\u00f3n.<\/p>\n\n\n\n<h2 class=\"wp-block-heading\" id=\"los-invitados-que-se-sumaron-a-la-fiesta-de-miranda-en-ferro\">Los invitados que se sumaron a la fiesta de Miranda! en Ferro.<\/h2>\n\n\n\n<p>A lo largo del set, el d\u00fao tuvo la presencia de importantes invitados: <a href=\"https:\/\/masfm.com\/emisora\/?s=Cristian+Castro\">Cristian Castro<\/a>, <a href=\"https:\/\/masfm.com\/emisora\/?s=Goyo+Degano\" target=\"_blank\" rel=\"noreferrer noopener\">Goyo Degano<\/a>, <a href=\"https:\/\/masfm.com\/emisora\/?s=emilia\" target=\"_blank\" rel=\"noreferrer noopener\">Emilia<\/a>, <a href=\"https:\/\/masfm.com\/emisora\/?s=FMK\" target=\"_blank\" rel=\"noreferrer noopener\">FMK<\/a>, <a href=\"https:\/\/masfm.com\/emisora\/?s=Luck+Ra\" target=\"_blank\" rel=\"noreferrer noopener\">Luck Ra<\/a>, <a href=\"https:\/\/masfm.com\/emisora\/?s=Dillom\" target=\"_blank\" rel=\"noreferrer noopener\">Dillom<\/a>, Francisca Valenzuela, <a href=\"https:\/\/masfm.com\/emisora\/?s=EMMANUEL+HORVILLEUR\" target=\"_blank\" rel=\"noreferrer noopener\">Emma Horvilleur<\/a>, <a href=\"https:\/\/masfm.com\/emisora\/?s=Juan+Ingaramo%29\" target=\"_blank\" rel=\"noreferrer noopener\">Juan Ingaramo<\/a> y <a href=\"https:\/\/masfm.com\/emisora\/?s=lali\" target=\"_blank\" rel=\"noreferrer noopener\">Lali<\/a>.<\/p>\n\n\n\n<p>El final fue con Juli y Ale arriba de un cisne gigante entre el p\u00fablico recreando un lago. No falt\u00f3 un gran remate con fuegos artificiales. <\/p>\n\n\n\n<p>El 2023 sin dudas los termin\u00f3 de coronar como reyes del pop en Latinoam\u00e9rica, con la edici\u00f3n del disco Hotel Miranda! y su seguidilla de shows con entradas agotadas en Argentina, Uruguay, M\u00e9xico, Chile, m\u00e1s gira por Espa\u00f1a, Ecuador y Colombia.<\/p>\n\n\n\n<h2 class=\"wp-block-heading\" id=\"setlist-del-show-de-miranda-en-ferro\">Setlist del show de Miranda! en Ferro.<\/h2>\n\n\n\n<p>1- Por amar al amor<br>2- Hola<br>3- 743<br>4- Dice lo que siente<br>5- Prisionero (con Cristian Castro)<br>6- Lo que siento por ti<br>7- Maquillada en la cama<br>8- Puro talento<br>9- Navidad (con Goyo Degano)<br>10-Tu misterioso alguien<br>11- Nadie como t\u00fa<br>12- Si me disculpo ahora (con Luck Ra)<br>13- Uno los dos (con Emilia)<br>14- Perfecta (con FMK)<br>15- Extra\u00f1o<br>16- Dos (con Dillom)<br>17- Enamorada (con Francisca)<br>18- Duran Duran<br>19- Ment\u00eda<br>20- Ritmo y decepci\u00f3n<br>21- Otra vez<br>22- Traici\u00f3n (con Juan Ingaramo y Emma Horvilleur)<br>23- Fantasmas<br>24- Ya lo sab\u00eda<br>25- Yo te dir\u00e9 (con Lali)<br>26- Me gustas tanto<br>27- Don<\/p>\n\n\n\n<h4 class=\"wp-block-heading\" id=\"bises\">Bises<\/h4>\n\n\n\n<p>28- Im\u00e1n<br>29- Romix &#8211; Cisne gigante<\/p>\n\n\n\n<h2 class=\"wp-block-heading\" id=\"ya-lo-sumamos\">\u00a1Ya lo sumamos!<\/h2>\n\n\n\n<p>Todos los videos de los temas de Miranda! en Ferro ya formam parte de nuestra programaci\u00f3n, la cual desde hace a\u00f1os, la disfrut\u00e1s 100 % con im\u00e1genes. Acordate, pod\u00e9s mirarnos desde tu compu, tablet, notebook o Smart TV con s\u00f3lo&nbsp;<a href=\"https:\/\/masfm.com\/emisora\/#section-custom-content-2\" target=\"_blank\" rel=\"noreferrer noopener\">entrar ac\u00e1<\/a>.<\/p>\n\n\n\n<p>Si prefer\u00eds que la experiencia sea por medio de tu celular, bajate la App gratuitamente&nbsp;<a href=\"https:\/\/masfm.pryx.com.ar\/install\/\" target=\"_blank\" rel=\"noreferrer noopener\">desde ac\u00e1<\/a>&nbsp;y miranos desde cualquier parte del mundo, a la hora que quieras! Estamos las 24 horas con la mejor m\u00fasica y sus clips.<\/p>\n\n\n\n<h2 class=\"wp-block-heading\" id=\"registrate-a-mas-fm-95-9\">\u00a1Registrate a M\u00e1s FM 95 9!<\/h2>\n\n\n  \n  \n  <div class=\"\n    mailpoet_form_popup_overlay\n      \"><\/div>\n  <div\n    id=\"mailpoet_form_3\"\n    class=\"\n      mailpoet_form\n      mailpoet_form_html\n      mailpoet_form_position_\n      mailpoet_form_animation_\n    \"\n      >\n\n    <style type=\"text\/css\">\n     #mailpoet_form_3 .mailpoet_form {  }\n#mailpoet_form_3 .mailpoet_column_with_background { padding: 10px; }\n#mailpoet_form_3 .mailpoet_form_column:not(:first-child) { margin-left: 20px; }\n#mailpoet_form_3 .mailpoet_paragraph { line-height: 20px; margin-bottom: 20px; }\n#mailpoet_form_3 .mailpoet_segment_label, #mailpoet_form_3 .mailpoet_text_label, #mailpoet_form_3 .mailpoet_textarea_label, #mailpoet_form_3 .mailpoet_select_label, #mailpoet_form_3 .mailpoet_radio_label, #mailpoet_form_3 .mailpoet_checkbox_label, #mailpoet_form_3 .mailpoet_list_label, #mailpoet_form_3 .mailpoet_date_label { display: block; font-weight: normal; }\n#mailpoet_form_3 .mailpoet_text, #mailpoet_form_3 .mailpoet_textarea, #mailpoet_form_3 .mailpoet_select, #mailpoet_form_3 .mailpoet_date_month, #mailpoet_form_3 .mailpoet_date_day, #mailpoet_form_3 .mailpoet_date_year, #mailpoet_form_3 .mailpoet_date { display: block; }\n#mailpoet_form_3 .mailpoet_text, #mailpoet_form_3 .mailpoet_textarea { width: 200px; }\n#mailpoet_form_3 .mailpoet_checkbox {  }\n#mailpoet_form_3 .mailpoet_submit {  }\n#mailpoet_form_3 .mailpoet_divider {  }\n#mailpoet_form_3 .mailpoet_message {  }\n#mailpoet_form_3 .mailpoet_form_loading { width: 30px; text-align: center; line-height: normal; }\n#mailpoet_form_3 .mailpoet_form_loading > span { width: 5px; height: 5px; background-color: #5b5b5b; }#mailpoet_form_3{border-radius: 0px;text-align: left;}#mailpoet_form_3 form.mailpoet_form {padding: 20px;}#mailpoet_form_3{width: 100%;}#mailpoet_form_3 .mailpoet_message {margin: 0; padding: 0 20px;}#mailpoet_form_3 .mailpoet_paragraph.last {margin-bottom: 0} @media (max-width: 500px) {#mailpoet_form_3 {background-image: none;}} @media (min-width: 500px) {#mailpoet_form_3 .last .mailpoet_paragraph:last-child {margin-bottom: 0}}  @media (max-width: 500px) {#mailpoet_form_3 .mailpoet_form_column:last-child .mailpoet_paragraph:last-child {margin-bottom: 0}} \n    <\/style>\n\n    <form\n      target=\"_self\"\n      method=\"post\"\n      action=\"https:\/\/masfm.com\/emisora\/wp-admin\/admin-post.php?action=mailpoet_subscription_form\"\n      class=\"mailpoet_form mailpoet_form_form mailpoet_form_html\"\n      novalidate\n      data-delay=\"\"\n      data-exit-intent-enabled=\"\"\n      data-trigger-mode=\"\"\n      data-click-trigger-selector=\"\"\n      data-font-family=\"\"\n      data-cookie-expiration-time=\"\"\n    >\n      <input type=\"hidden\" name=\"data[form_id]\" value=\"3\" \/>\n      <input type=\"hidden\" name=\"token\" value=\"a4ce824dd0\" \/>\n      <input type=\"hidden\" name=\"api_version\" value=\"v1\" \/>\n      <input type=\"hidden\" name=\"endpoint\" value=\"subscribers\" \/>\n      <input type=\"hidden\" name=\"mailpoet_method\" value=\"subscribe\" \/>\n\n      <label class=\"mailpoet_hp_email_label\" style=\"display: none !important;\">Please leave this field empty<input type=\"email\" name=\"data[email]\"\/><\/label><div class='mailpoet_form_columns_container'><div class=\"mailpoet_form_columns mailpoet_paragraph mailpoet_stack_on_mobile\"><div class=\"mailpoet_form_column\"><div class=\"mailpoet_paragraph \"><input type=\"text\" autocomplete=\"given-name\" class=\"mailpoet_text\" id=\"form_first_name_3\" name=\"data[form_field_Mjg5ZDFmYWM5ZDQ5X2ZpcnN0X25hbWU=]\" title=\"Nombre\" value=\"\" style=\"width:100%;box-sizing:border-box;padding:5px;margin: 0 auto 0 0;\" data-automation-id=\"form_first_name\"  placeholder=\"Nombre\" aria-label=\"Nombre\" data-parsley-errors-container=\".mailpoet_error_123aj\" data-parsley-names='[&quot;Please specify a valid name.&quot;,&quot;Addresses in names are not permitted, please add your name instead.&quot;]'\/><span class=\"mailpoet_error_123aj\"><\/span><\/div>\n<\/div>\n<div class=\"mailpoet_form_column\"><div class=\"mailpoet_paragraph \"><input type=\"email\" autocomplete=\"email\" class=\"mailpoet_text\" id=\"form_email_3\" name=\"data[form_field_OGY2ODJhNTQxZjUxX2VtYWls]\" title=\"TU MAIL:\" value=\"\" style=\"width:100%;box-sizing:border-box;padding:5px;margin: 0 auto 0 0;\" data-automation-id=\"form_email\"  placeholder=\"TU MAIL: *\" aria-label=\"TU MAIL: *\" data-parsley-errors-container=\".mailpoet_error_ule24\" data-parsley-required=\"true\" required aria-required=\"true\" data-parsley-minlength=\"6\" data-parsley-maxlength=\"150\" data-parsley-type-message=\"This value should be a valid email.\" data-parsley-required-message=\"This field is required.\"\/><span class=\"mailpoet_error_ule24\"><\/span><\/div>\n<\/div>\n<div class=\"mailpoet_form_column\"><div class=\"mailpoet_paragraph \"><input type=\"submit\" class=\"mailpoet_submit\" value=\"SUMATE YA!\" data-automation-id=\"subscribe-submit-button\" style=\"width:100%;box-sizing:border-box;padding:5px;margin: 0 auto 0 0;border-color:transparent;\" \/><span class=\"mailpoet_form_loading\"><span class=\"mailpoet_bounce1\"><\/span><span class=\"mailpoet_bounce2\"><\/span><span class=\"mailpoet_bounce3\"><\/span><\/span><\/div>\n<\/div>\n<\/div><\/div>\n<div class='mailpoet_form_columns_container'><div class=\"mailpoet_form_columns mailpoet_paragraph mailpoet_stack_on_mobile\"><div class=\"mailpoet_form_column\"><\/div>\n<div class=\"mailpoet_form_column\"><\/div>\n<\/div><\/div>\n\n      <div class=\"mailpoet_message\">\n        <p class=\"mailpoet_validate_success\"\n                style=\"display:none;\"\n                >Revisa tu bandeja de entrada o la carpeta de spam para confirmar tu suscripci\u00f3n.\n        <\/p>\n        <p class=\"mailpoet_validate_error\"\n                style=\"display:none;\"\n                >        <\/p>\n      <\/div>\n    <\/form>\n\n      <\/div>\n\n  \n\n\n<figure class=\"wp-block-image size-full\"><img loading=\"lazy\" decoding=\"async\" width=\"690\" height=\"330\" src=\"https:\/\/masfm.com\/emisora\/wp-content\/uploads\/2023\/12\/miranda-en-ferro-recital-vivo-lali-cristian-castro-fmk-emilia-luck-ra-1.jpg\" alt=\"miranda-en-ferro-recital-vivo-lali-cristian-castro-fmk-emilia-luck-ra-1\" class=\"wp-image-19978\" title=\"Miranda se present\u00f3 en Ferro para cerrar el a\u00f1o: toda la info est\u00e1 ac\u00e1! Cristian Castro, Goyo Degano, Luck Ra, Dillom, Francisca Valenzuela, Emma Horvilleur y Juan Ingaramo tambi\u00e9n pasaron por el escenario.\" srcset=\"https:\/\/masfm.com\/emisora\/wp-content\/uploads\/2023\/12\/miranda-en-ferro-recital-vivo-lali-cristian-castro-fmk-emilia-luck-ra-1.jpg 690w, https:\/\/masfm.com\/emisora\/wp-content\/uploads\/2023\/12\/miranda-en-ferro-recital-vivo-lali-cristian-castro-fmk-emilia-luck-ra-1-600x287.jpg 600w, https:\/\/masfm.com\/emisora\/wp-content\/uploads\/2023\/12\/miranda-en-ferro-recital-vivo-lali-cristian-castro-fmk-emilia-luck-ra-1-190x91.jpg 190w, https:\/\/masfm.com\/emisora\/wp-content\/uploads\/2023\/12\/miranda-en-ferro-recital-vivo-lali-cristian-castro-fmk-emilia-luck-ra-1-70x33.jpg 70w, https:\/\/masfm.com\/emisora\/wp-content\/uploads\/2023\/12\/miranda-en-ferro-recital-vivo-lali-cristian-castro-fmk-emilia-luck-ra-1-523x250.jpg 523w, https:\/\/masfm.com\/emisora\/wp-content\/uploads\/2023\/12\/miranda-en-ferro-recital-vivo-lali-cristian-castro-fmk-emilia-luck-ra-1-418x200.jpg 418w, https:\/\/masfm.com\/emisora\/wp-content\/uploads\/2023\/12\/miranda-en-ferro-recital-vivo-lali-cristian-castro-fmk-emilia-luck-ra-1-350x167.jpg 350w, https:\/\/masfm.com\/emisora\/wp-content\/uploads\/2023\/12\/miranda-en-ferro-recital-vivo-lali-cristian-castro-fmk-emilia-luck-ra-1-60x29.jpg 60w\" sizes=\"auto, (max-width: 690px) 100vw, 690px\" \/><\/figure>\n","protected":false},"excerpt":{"rendered":"<p>Miranda se present\u00f3 en Ferro para cerrar el a\u00f1o: toda la info est\u00e1 ac\u00e1! Miranda! en Ferro, como para darle un cierre especial a este s\u00fapero a\u00f1o de la banda de Ale Sergi y Juliana Gattas. Y la fiesta fue total, con un fuerte listado de hits y con invitados como Lali, Emilia y FMK.&hellip;<\/p>\n","protected":false},"author":4,"featured_media":19977,"comment_status":"closed","ping_status":"open","sticky":false,"template":"","format":"video","meta":{"footnotes":""},"categories":[2],"tags":[419,704,48,703,457,705,230,47,532,46,77,13,278,24],"class_list":["post-19975","post","type-post","status-publish","format-video","has-post-thumbnail","hentry","category-noticias","tag-cristian-castro","tag-dillom","tag-esporaca","tag-estadio-ferro","tag-fmk","tag-hotel-miranda","tag-lali","tag-laradioqueseve","tag-luck-ra","tag-masfm959","tag-miranda","tag-musica","tag-recital","tag-videos","post_format-post-format-video"],"amp_enabled":true,"_links":{"self":[{"href":"https:\/\/masfm.com\/emisora\/wp-json\/wp\/v2\/posts\/19975","targetHints":{"allow":["GET"]}}],"collection":[{"href":"https:\/\/masfm.com\/emisora\/wp-json\/wp\/v2\/posts"}],"about":[{"href":"https:\/\/masfm.com\/emisora\/wp-json\/wp\/v2\/types\/post"}],"author":[{"embeddable":true,"href":"https:\/\/masfm.com\/emisora\/wp-json\/wp\/v2\/users\/4"}],"replies":[{"embeddable":true,"href":"https:\/\/masfm.com\/emisora\/wp-json\/wp\/v2\/comments?post=19975"}],"version-history":[{"count":0,"href":"https:\/\/masfm.com\/emisora\/wp-json\/wp\/v2\/posts\/19975\/revisions"}],"wp:featuredmedia":[{"embeddable":true,"href":"https:\/\/masfm.com\/emisora\/wp-json\/wp\/v2\/media\/19977"}],"wp:attachment":[{"href":"https:\/\/masfm.com\/emisora\/wp-json\/wp\/v2\/media?parent=19975"}],"wp:term":[{"taxonomy":"category","embeddable":true,"href":"https:\/\/masfm.com\/emisora\/wp-json\/wp\/v2\/categories?post=19975"},{"taxonomy":"post_tag","embeddable":true,"href":"https:\/\/masfm.com\/emisora\/wp-json\/wp\/v2\/tags?post=19975"}],"curies":[{"name":"wp","href":"https:\/\/api.w.org\/{rel}","templated":true}]}}