{"id":20523,"date":"2024-02-16T11:59:19","date_gmt":"2024-02-16T14:59:19","guid":{"rendered":"https:\/\/masfm.com\/emisora\/?p=20523"},"modified":"2025-07-18T22:56:01","modified_gmt":"2025-07-19T01:56:01","slug":"la-konga-emanero-y-david-bisbal-fama-de-diabla-letra-video","status":"publish","type":"post","link":"https:\/\/masfm.com\/emisora\/la-konga-emanero-y-david-bisbal-fama-de-diabla-letra-video\/","title":{"rendered":"LA KONGA, EMANERO Y DAVID BISBAL"},"content":{"rendered":"\n<figure class=\"wp-block-image size-full\"><img loading=\"lazy\" decoding=\"async\" width=\"690\" height=\"330\" src=\"https:\/\/masfm.com\/emisora\/wp-content\/uploads\/2024\/02\/la-konga-emanero-y-david-bisbal-fama-de-diabla-letra-video.webp\" alt=\"la-konga-emanero-y-david-bisbal-fama-de-diabla-letra-video\" class=\"wp-image-20526\" title=\"El cuarteo y el flamenco se funden en una colaboraci\u00f3n muy especial en &quot;Fama de diabla&quot; de La Konga, Emanero y David Bisbal: toda la info, la letra y el vdeo est\u00e1n ac\u00e1!\" srcset=\"https:\/\/masfm.com\/emisora\/wp-content\/uploads\/2024\/02\/la-konga-emanero-y-david-bisbal-fama-de-diabla-letra-video.webp 690w, https:\/\/masfm.com\/emisora\/wp-content\/uploads\/2024\/02\/la-konga-emanero-y-david-bisbal-fama-de-diabla-letra-video-600x287.webp 600w, https:\/\/masfm.com\/emisora\/wp-content\/uploads\/2024\/02\/la-konga-emanero-y-david-bisbal-fama-de-diabla-letra-video-190x91.webp 190w, https:\/\/masfm.com\/emisora\/wp-content\/uploads\/2024\/02\/la-konga-emanero-y-david-bisbal-fama-de-diabla-letra-video-70x33.webp 70w, https:\/\/masfm.com\/emisora\/wp-content\/uploads\/2024\/02\/la-konga-emanero-y-david-bisbal-fama-de-diabla-letra-video-523x250.webp 523w, https:\/\/masfm.com\/emisora\/wp-content\/uploads\/2024\/02\/la-konga-emanero-y-david-bisbal-fama-de-diabla-letra-video-418x200.webp 418w, https:\/\/masfm.com\/emisora\/wp-content\/uploads\/2024\/02\/la-konga-emanero-y-david-bisbal-fama-de-diabla-letra-video-350x167.webp 350w, https:\/\/masfm.com\/emisora\/wp-content\/uploads\/2024\/02\/la-konga-emanero-y-david-bisbal-fama-de-diabla-letra-video-60x29.webp 60w\" sizes=\"auto, (max-width: 690px) 100vw, 690px\" \/><\/figure>\n\n\n\n<h2 class=\"wp-block-heading\">El cuarteo y el flamenco se funden en una colaboraci\u00f3n muy especial en &#8220;Fama de diabla&#8221;: toda la info, la letra y el vdeo est\u00e1n ac\u00e1!<\/h2>\n\n\n\n<p>No tienen techo. Y lo demuestran a cada paso. La Konga, Emanero y David Bisbal presentan &#8220;Fama de Diabla&#8221;. S\u00ed, una colaboraci\u00f3n explosiva y que tiene todo para ser un hit.<\/p>\n\n\n\n<p>Tres estilos, tres conceptos y tres cruces musicales aunados en una obra de alto vuelo. De eso se trata \u201cFama de Diabla\u201d.<\/p>\n\n\n\n<p>Producido por Estani y <a href=\"https:\/\/masfm.com\/emisora\/?s=la+konga\" target=\"_blank\" rel=\"noreferrer noopener\">La K&#8217;onga<\/a>, esta nueva canci\u00f3n sin lugar a dudas, marcar\u00e1 un antes y un despu\u00e9s en el g\u00e9nero. <\/p>\n\n\n\n<p>El v\u00e9rtigo del cuarteto, la balada virtuosa y el fraseo ineludible de estos tiempos construyen esta pieza.<\/p>\n\n\n\n<p>El single posee un sonido arrollador, con su dosis de nostalgia y flamenco.<\/p>\n\n\n\n<p>No hay que olvidarse que &#8220;Fama de diabla&#8221; es lanzado junto con un video grabado entre Madrid y Buenos Aires, a cargo de Mariano Dawidson.<\/p>\n\n\n\n<p>El clip, justamente, logra captar el sentimiento de una historia de conflicto y desamor, que se envuelve y desenreda entre claroscuros al ritmo infernal del cuarteto, y cuenta con las intervenciones caracter\u00edsticas y personal\u00edsimas de <a href=\"https:\/\/masfm.com\/emisora\/?s=David+Bisbal\" target=\"_blank\" rel=\"noreferrer noopener\">David Bisbal<\/a> y <a href=\"https:\/\/masfm.com\/emisora\/?s=emanero\" target=\"_blank\" rel=\"noreferrer noopener\">Emanero<\/a>.<\/p>\n\n\n\n<h2 class=\"wp-block-heading\">Letra de Fama de diabla de La Konga, Emanero y David Bisbal.<\/h2>\n\n\n\n<p>Y donde est\u00e1 esa mujer<br>Que tiene fama de diabla,<br>Que anda robando a los tontos que caen en su trampa<br>y de apoco se queda con tu coraz\u00f3n<\/p>\n\n\n\n<p>Y donde esta esa ladrona<br>que me rob\u00f3 hasta las ganas,<br>Que me sac\u00f3 hasta la \u00faltima gota de amor<br>Dej\u00e1ndome vac\u00edo y lleno de dolor<\/p>\n\n\n\n<p>Y ahora quiero recuperar<br>Lo que ten\u00eda y me rob\u00f3<br>Yo que me cre\u00eda con suerte<br>Y al final fue cierto el rumor<\/p>\n\n\n\n<h4 class=\"wp-block-heading\">Fuiste una embustera y bandida<br>De esas que no tienen honor<br>Esas que te aman de d\u00eda<br>Y de noche tienen otro amor<\/h4>\n\n\n\n<p>No hay coraz\u00f3n<br>Que resista esta traici\u00f3n,<br>Me vendiste una ilusi\u00f3n<\/p>\n\n\n\n<p>Y es que ayer, ayer te quise llorar<br>Y no hay l\u00e1grimas en m\u00ed,<br>Por ti no voy a sufrir<\/p>\n\n\n\n<p>Y donde est\u00e1 esa mujer<br>Que tiene fama de diabla,<br>Que anda robando a los tontos que caen en su trampa<br>y de apoco se queda con tu coraz\u00f3n<\/p>\n\n\n\n<p>Y donde esta esa ladrona<br>Que me rob\u00f3 hasta las ganas,<br>Que me sac\u00f3 hasta la \u00faltima gota de amor<br>Dej\u00e1ndome vac\u00edo y lleno de dolor<\/p>\n\n\n\n<h4 class=\"wp-block-heading\">Ya no s\u00e9 c\u00f3mo hacer<br>Pa\u2019 borrarla de mi piel<br>Yo que siempre le di todo<br>Y ella nunca me hizo bien<\/h4>\n\n\n\n<p>Puede ser que esta vez duela<br>Y quiz\u00e1s suene cruel<br>Pero prefiero estar solo<br>Y no con una que es infiel<\/p>\n\n\n\n<p>Ella fue una diabla y bandida<br>Yo inocente ca\u00ed en su mentira<br>Me estaf\u00f3 cuando dijo que siempre estar\u00eda pa\u2019 mi<\/p>\n\n\n\n<p>No hay coraz\u00f3n<br>Que resista esta traici\u00f3n<br>Me vendiste una ilusi\u00f3n<\/p>\n\n\n\n<p>Y es que ayer, ayer te quise llorar<br>Y no hay l\u00e1grimas en m\u00ed,<br>Por ti no voy a sufrir<\/p>\n\n\n\n<p>Y donde est\u00e1 esa mujer<br>Que tiene fama de diabla<br>Que anda robando a los tontos que caen en su trampa<br>Y de apoco se queda con tu coraz\u00f3n<\/p>\n\n\n\n<p>Y donde esta esa ladrona<br>Que me rob\u00f3 hasta las ganas<br>Que me sac\u00f3 hasta la \u00faltima gota de amor<br>Dej\u00e1ndome vac\u00edo y lleno de dolor<\/p>\n\n\n\n<h2 class=\"wp-block-heading\">Ya lo sumamos!<\/h2>\n\n\n\n<p>La Konga, Emanero y David Bisbal en Fama de diabla&nbsp;y el video ya forma parte de nuestra programaci\u00f3n, la cual desde hace a\u00f1os, la disfrut\u00e1s 100 % con im\u00e1genes.<\/p>\n\n\n\n<p>Acordate, pod\u00e9s mirarnos desde tu compu, tablet, notebook o Smart TV con s\u00f3lo&nbsp;<a href=\"https:\/\/masfm.com\/emisora\/#section-custom-content-2\" target=\"_blank\" rel=\"noreferrer noopener\">entrar ac\u00e1<\/a>.<\/p>\n\n\n\n<p>Si prefer\u00eds que la experiencia sea por medio de tu celular, bajate la App gratuitamente&nbsp;<a href=\"https:\/\/masfm.pryx.com.ar\/install\/\" target=\"_blank\" rel=\"noreferrer noopener\">desde ac\u00e1<\/a>&nbsp;y miranos desde cualquier parte del mundo, a la hora que quieras!<\/p>\n\n\n\n<p>Estamos las 24 horas con la mejor m\u00fasica y sus clips.<\/p>\n\n\n\n<h2 class=\"wp-block-heading\">Registrate a M\u00e1s FM 95 9!<\/h2>\n\n\n  \n  \n  <div class=\"\n    mailpoet_form_popup_overlay\n      \"><\/div>\n  <div\n    id=\"mailpoet_form_3\"\n    class=\"\n      mailpoet_form\n      mailpoet_form_html\n      mailpoet_form_position_\n      mailpoet_form_animation_\n    \"\n      >\n\n    <style type=\"text\/css\">\n     #mailpoet_form_3 .mailpoet_form {  }\n#mailpoet_form_3 .mailpoet_column_with_background { padding: 10px; }\n#mailpoet_form_3 .mailpoet_form_column:not(:first-child) { margin-left: 20px; }\n#mailpoet_form_3 .mailpoet_paragraph { line-height: 20px; margin-bottom: 20px; }\n#mailpoet_form_3 .mailpoet_segment_label, #mailpoet_form_3 .mailpoet_text_label, #mailpoet_form_3 .mailpoet_textarea_label, #mailpoet_form_3 .mailpoet_select_label, #mailpoet_form_3 .mailpoet_radio_label, #mailpoet_form_3 .mailpoet_checkbox_label, #mailpoet_form_3 .mailpoet_list_label, #mailpoet_form_3 .mailpoet_date_label { display: block; font-weight: normal; }\n#mailpoet_form_3 .mailpoet_text, #mailpoet_form_3 .mailpoet_textarea, #mailpoet_form_3 .mailpoet_select, #mailpoet_form_3 .mailpoet_date_month, #mailpoet_form_3 .mailpoet_date_day, #mailpoet_form_3 .mailpoet_date_year, #mailpoet_form_3 .mailpoet_date { display: block; }\n#mailpoet_form_3 .mailpoet_text, #mailpoet_form_3 .mailpoet_textarea { width: 200px; }\n#mailpoet_form_3 .mailpoet_checkbox {  }\n#mailpoet_form_3 .mailpoet_submit {  }\n#mailpoet_form_3 .mailpoet_divider {  }\n#mailpoet_form_3 .mailpoet_message {  }\n#mailpoet_form_3 .mailpoet_form_loading { width: 30px; text-align: center; line-height: normal; }\n#mailpoet_form_3 .mailpoet_form_loading > span { width: 5px; height: 5px; background-color: #5b5b5b; }#mailpoet_form_3{border-radius: 0px;text-align: left;}#mailpoet_form_3 form.mailpoet_form {padding: 20px;}#mailpoet_form_3{width: 100%;}#mailpoet_form_3 .mailpoet_message {margin: 0; padding: 0 20px;}#mailpoet_form_3 .mailpoet_paragraph.last {margin-bottom: 0} @media (max-width: 500px) {#mailpoet_form_3 {background-image: none;}} @media (min-width: 500px) {#mailpoet_form_3 .last .mailpoet_paragraph:last-child {margin-bottom: 0}}  @media (max-width: 500px) {#mailpoet_form_3 .mailpoet_form_column:last-child .mailpoet_paragraph:last-child {margin-bottom: 0}} \n    <\/style>\n\n    <form\n      target=\"_self\"\n      method=\"post\"\n      action=\"https:\/\/masfm.com\/emisora\/wp-admin\/admin-post.php?action=mailpoet_subscription_form\"\n      class=\"mailpoet_form mailpoet_form_form mailpoet_form_html\"\n      novalidate\n      data-delay=\"\"\n      data-exit-intent-enabled=\"\"\n      data-trigger-mode=\"\"\n      data-click-trigger-selector=\"\"\n      data-font-family=\"\"\n      data-cookie-expiration-time=\"\"\n    >\n      <input type=\"hidden\" name=\"data[form_id]\" value=\"3\" \/>\n      <input type=\"hidden\" name=\"token\" value=\"a2df6ad649\" \/>\n      <input type=\"hidden\" name=\"api_version\" value=\"v1\" \/>\n      <input type=\"hidden\" name=\"endpoint\" value=\"subscribers\" \/>\n      <input type=\"hidden\" name=\"mailpoet_method\" value=\"subscribe\" \/>\n\n      <label class=\"mailpoet_hp_email_label\" style=\"display: none !important;\">Please leave this field empty<input type=\"email\" name=\"data[email]\"\/><\/label><div class='mailpoet_form_columns_container'><div class=\"mailpoet_form_columns mailpoet_paragraph mailpoet_stack_on_mobile\"><div class=\"mailpoet_form_column\"><div class=\"mailpoet_paragraph \"><input type=\"text\" autocomplete=\"given-name\" class=\"mailpoet_text\" id=\"form_first_name_3\" name=\"data[form_field_Mjg5ZDFmYWM5ZDQ5X2ZpcnN0X25hbWU=]\" title=\"Nombre\" value=\"\" style=\"width:100%;box-sizing:border-box;padding:5px;margin: 0 auto 0 0;\" data-automation-id=\"form_first_name\"  placeholder=\"Nombre\" aria-label=\"Nombre\" data-parsley-errors-container=\".mailpoet_error_1pcbb\" data-parsley-names='[&quot;Please specify a valid name.&quot;,&quot;Addresses in names are not permitted, please add your name instead.&quot;]'\/><span class=\"mailpoet_error_1pcbb\"><\/span><\/div>\n<\/div>\n<div class=\"mailpoet_form_column\"><div class=\"mailpoet_paragraph \"><input type=\"email\" autocomplete=\"email\" class=\"mailpoet_text\" id=\"form_email_3\" name=\"data[form_field_OGY2ODJhNTQxZjUxX2VtYWls]\" title=\"TU MAIL:\" value=\"\" style=\"width:100%;box-sizing:border-box;padding:5px;margin: 0 auto 0 0;\" data-automation-id=\"form_email\"  placeholder=\"TU MAIL: *\" aria-label=\"TU MAIL: *\" data-parsley-errors-container=\".mailpoet_error_4pcff\" data-parsley-required=\"true\" required aria-required=\"true\" data-parsley-minlength=\"6\" data-parsley-maxlength=\"150\" data-parsley-type-message=\"This value should be a valid email.\" data-parsley-required-message=\"This field is required.\"\/><span class=\"mailpoet_error_4pcff\"><\/span><\/div>\n<\/div>\n<div class=\"mailpoet_form_column\"><div class=\"mailpoet_paragraph \"><input type=\"submit\" class=\"mailpoet_submit\" value=\"SUMATE YA!\" data-automation-id=\"subscribe-submit-button\" style=\"width:100%;box-sizing:border-box;padding:5px;margin: 0 auto 0 0;border-color:transparent;\" \/><span class=\"mailpoet_form_loading\"><span class=\"mailpoet_bounce1\"><\/span><span class=\"mailpoet_bounce2\"><\/span><span class=\"mailpoet_bounce3\"><\/span><\/span><\/div>\n<\/div>\n<\/div><\/div>\n<div class='mailpoet_form_columns_container'><div class=\"mailpoet_form_columns mailpoet_paragraph mailpoet_stack_on_mobile\"><div class=\"mailpoet_form_column\"><\/div>\n<div class=\"mailpoet_form_column\"><\/div>\n<\/div><\/div>\n\n      <div class=\"mailpoet_message\">\n        <p class=\"mailpoet_validate_success\"\n                style=\"display:none;\"\n                >Revisa tu bandeja de entrada o la carpeta de spam para confirmar tu suscripci\u00f3n.\n        <\/p>\n        <p class=\"mailpoet_validate_error\"\n                style=\"display:none;\"\n                >        <\/p>\n      <\/div>\n    <\/form>\n\n      <\/div>\n\n  \n\n\n<figure class=\"wp-block-image size-full\"><img loading=\"lazy\" decoding=\"async\" width=\"690\" height=\"330\" src=\"https:\/\/masfm.com\/emisora\/wp-content\/uploads\/2024\/02\/la-konga-emanero-y-david-bisbal-fama-de-diabla-letra-video.webp\" alt=\"la-konga-emanero-y-david-bisbal-fama-de-diabla-letra-video\" class=\"wp-image-20526\" title=\"El cuarteo y el flamenco se funden en una colaboraci\u00f3n muy especial en &quot;Fama de diabla&quot; de La Konga, Emanero y David Bisbal: toda la info, la letra y el vdeo est\u00e1n ac\u00e1!\" srcset=\"https:\/\/masfm.com\/emisora\/wp-content\/uploads\/2024\/02\/la-konga-emanero-y-david-bisbal-fama-de-diabla-letra-video.webp 690w, https:\/\/masfm.com\/emisora\/wp-content\/uploads\/2024\/02\/la-konga-emanero-y-david-bisbal-fama-de-diabla-letra-video-600x287.webp 600w, https:\/\/masfm.com\/emisora\/wp-content\/uploads\/2024\/02\/la-konga-emanero-y-david-bisbal-fama-de-diabla-letra-video-190x91.webp 190w, https:\/\/masfm.com\/emisora\/wp-content\/uploads\/2024\/02\/la-konga-emanero-y-david-bisbal-fama-de-diabla-letra-video-70x33.webp 70w, https:\/\/masfm.com\/emisora\/wp-content\/uploads\/2024\/02\/la-konga-emanero-y-david-bisbal-fama-de-diabla-letra-video-523x250.webp 523w, https:\/\/masfm.com\/emisora\/wp-content\/uploads\/2024\/02\/la-konga-emanero-y-david-bisbal-fama-de-diabla-letra-video-418x200.webp 418w, https:\/\/masfm.com\/emisora\/wp-content\/uploads\/2024\/02\/la-konga-emanero-y-david-bisbal-fama-de-diabla-letra-video-350x167.webp 350w, https:\/\/masfm.com\/emisora\/wp-content\/uploads\/2024\/02\/la-konga-emanero-y-david-bisbal-fama-de-diabla-letra-video-60x29.webp 60w\" sizes=\"auto, (max-width: 690px) 100vw, 690px\" \/><\/figure>\n\n\n\n<p><\/p>\n","protected":false},"excerpt":{"rendered":"<p>El cuarteo y el flamenco se funden en una colaboraci\u00f3n muy especial en &#8220;Fama de diabla&#8221;: toda la info, la letra y el vdeo est\u00e1n ac\u00e1! No tienen techo. Y lo demuestran a cada paso. La Konga, Emanero y David Bisbal presentan &#8220;Fama de Diabla&#8221;. S\u00ed, una colaboraci\u00f3n explosiva y que tiene todo para ser&hellip;<\/p>\n","protected":false},"author":4,"featured_media":20526,"comment_status":"closed","ping_status":"open","sticky":false,"template":"","format":"video","meta":{"footnotes":""},"categories":[2],"tags":[495,299,48,784,450,47,657,745,46,13,14,51,24,23],"class_list":["post-20523","post","type-post","status-publish","format-video","has-post-thumbnail","hentry","category-noticias","tag-david-bisbal","tag-emanero","tag-esporaca","tag-fama-de-diabla","tag-la-konga","tag-laradioqueseve","tag-letra","tag-letra-completa","tag-masfm959","tag-musica","tag-noticias","tag-nuevo","tag-videos","tag-video","post_format-post-format-video"],"amp_enabled":true,"_links":{"self":[{"href":"https:\/\/masfm.com\/emisora\/wp-json\/wp\/v2\/posts\/20523","targetHints":{"allow":["GET"]}}],"collection":[{"href":"https:\/\/masfm.com\/emisora\/wp-json\/wp\/v2\/posts"}],"about":[{"href":"https:\/\/masfm.com\/emisora\/wp-json\/wp\/v2\/types\/post"}],"author":[{"embeddable":true,"href":"https:\/\/masfm.com\/emisora\/wp-json\/wp\/v2\/users\/4"}],"replies":[{"embeddable":true,"href":"https:\/\/masfm.com\/emisora\/wp-json\/wp\/v2\/comments?post=20523"}],"version-history":[{"count":0,"href":"https:\/\/masfm.com\/emisora\/wp-json\/wp\/v2\/posts\/20523\/revisions"}],"wp:featuredmedia":[{"embeddable":true,"href":"https:\/\/masfm.com\/emisora\/wp-json\/wp\/v2\/media\/20526"}],"wp:attachment":[{"href":"https:\/\/masfm.com\/emisora\/wp-json\/wp\/v2\/media?parent=20523"}],"wp:term":[{"taxonomy":"category","embeddable":true,"href":"https:\/\/masfm.com\/emisora\/wp-json\/wp\/v2\/categories?post=20523"},{"taxonomy":"post_tag","embeddable":true,"href":"https:\/\/masfm.com\/emisora\/wp-json\/wp\/v2\/tags?post=20523"}],"curies":[{"name":"wp","href":"https:\/\/api.w.org\/{rel}","templated":true}]}}